{"id":52746,"date":"2026-03-04T15:31:35","date_gmt":"2026-03-04T18:31:35","guid":{"rendered":"https:\/\/atecordoba.org\/?p=52746"},"modified":"2026-03-04T15:31:35","modified_gmt":"2026-03-04T18:31:35","slug":"anac-asambleas-en-el-aeropuerto-cordoba-de-cara-al-paro-nacional-del-sector-del-10-de-marzo","status":"publish","type":"post","link":"https:\/\/atecordoba.org\/?p=52746","title":{"rendered":"ANAC: asambleas en el Aeropuerto C\u00f3rdoba de cara al paro nacional del sector del 10 de marzo"},"content":{"rendered":"<p><img loading=\"lazy\" decoding=\"async\" class=\"aligncenter wp-image-52747 \" src=\"https:\/\/atecordoba.org\/wp-content\/uploads\/2026\/03\/WhatsApp-Image-2026-03-04-at-13.23.25-1024x601.jpeg\" alt=\"\" width=\"619\" height=\"363\" srcset=\"https:\/\/atecordoba.org\/wp-content\/uploads\/2026\/03\/WhatsApp-Image-2026-03-04-at-13.23.25-1024x601.jpeg 1024w, https:\/\/atecordoba.org\/wp-content\/uploads\/2026\/03\/WhatsApp-Image-2026-03-04-at-13.23.25-300x176.jpeg 300w, https:\/\/atecordoba.org\/wp-content\/uploads\/2026\/03\/WhatsApp-Image-2026-03-04-at-13.23.25-768x451.jpeg 768w, https:\/\/atecordoba.org\/wp-content\/uploads\/2026\/03\/WhatsApp-Image-2026-03-04-at-13.23.25-750x440.jpeg 750w, https:\/\/atecordoba.org\/wp-content\/uploads\/2026\/03\/WhatsApp-Image-2026-03-04-at-13.23.25.jpeg 1080w\" sizes=\"auto, (max-width: 619px) 100vw, 619px\" \/>Trabajadores y trabajadoras de la Administraci\u00f3n Nacional de Aviaci\u00f3n Civil (ANAC) del Aeropuerto C\u00f3rdoba iniciaron una serie de asambleas en sectores operativos y no operativos, de cara al paro nacional de ATE en el sector que se llevar\u00e1 adelante el pr\u00f3ximo 10 de marzo.<\/p>\n<p>La medida va en consonancia con acciones similares en el resto de las terminales del pa\u00eds, planificando la medida de fuerza, ante el\u00a0agotamiento del di\u00e1logo con el gobierno de Milei, luego que funcionarios del sector realizaron la semana pasada una m\u00edsera propuesta salarial, que fue rechazada por ATE por insuficiente.<\/p>\n<p><img loading=\"lazy\" decoding=\"async\" class=\"aligncenter wp-image-52748 \" src=\"https:\/\/atecordoba.org\/wp-content\/uploads\/2026\/03\/WhatsApp-Image-2026-03-04-at-13.23.24-1024x578.jpeg\" alt=\"\" width=\"610\" height=\"344\" srcset=\"https:\/\/atecordoba.org\/wp-content\/uploads\/2026\/03\/WhatsApp-Image-2026-03-04-at-13.23.24-1024x578.jpeg 1024w, https:\/\/atecordoba.org\/wp-content\/uploads\/2026\/03\/WhatsApp-Image-2026-03-04-at-13.23.24-300x169.jpeg 300w, https:\/\/atecordoba.org\/wp-content\/uploads\/2026\/03\/WhatsApp-Image-2026-03-04-at-13.23.24-768x434.jpeg 768w, https:\/\/atecordoba.org\/wp-content\/uploads\/2026\/03\/WhatsApp-Image-2026-03-04-at-13.23.24-750x424.jpeg 750w, https:\/\/atecordoba.org\/wp-content\/uploads\/2026\/03\/WhatsApp-Image-2026-03-04-at-13.23.24.jpeg 1080w\" sizes=\"auto, (max-width: 610px) 100vw, 610px\" \/><\/p>\n<p>Vale mencionar el gobierno abri\u00f3 un espacio de di\u00e1logo, tras el reconocimiento de una serie de puntos paritarios, liquidados en los haberes de febrero. Si embargo, la falta de una propuesta de recomposici\u00f3n de los haberes dinamit\u00f3 la mesa de negociaci\u00f3n, desatando las asambleas que prosiguen con el plan de lucha por la justa demanda de actualizaci\u00f3n salarial.<\/p>\n<p>&nbsp;<\/p>\n","protected":false},"excerpt":{"rendered":"<p>Trabajadores y trabajadoras de la Administraci\u00f3n Nacional de Aviaci\u00f3n Civil (ANAC) del Aeropuerto C\u00f3rdoba iniciaron una serie de asambleas en sectores operativos y no operativos, de cara al paro nacional de ATE en el sector que se llevar\u00e1 adelante el pr\u00f3ximo 10 de marzo. La medida va en consonancia con acciones similares en el resto [&hellip;]<\/p>\n","protected":false},"author":7,"featured_media":52747,"comment_status":"open","ping_status":"open","sticky":false,"template":"","format":"standard","meta":{"_exactmetrics_skip_tracking":false,"_exactmetrics_sitenote_active":false,"_exactmetrics_sitenote_note":"","_exactmetrics_sitenote_category":0,"jnews-multi-image_gallery":[],"jnews_single_post":[],"jnews_primary_category":[],"jnews_social_meta":[],"jnews_review":[],"enable_review":"","type":"","name":"","summary":"","brand":"","sku":"","good":[],"bad":[],"score_override":"","override_value":"","rating":[],"price":[],"jnews_override_counter":[],"jnews_post_split":[],"footnotes":""},"categories":[18],"tags":[],"class_list":["post-52746","post","type-post","status-publish","format-standard","has-post-thumbnail","hentry","category-nacionales"],"jetpack_featured_media_url":"https:\/\/atecordoba.org\/wp-content\/uploads\/2026\/03\/WhatsApp-Image-2026-03-04-at-13.23.25.jpeg","_links":{"self":[{"href":"https:\/\/atecordoba.org\/index.php?rest_route=\/wp\/v2\/posts\/52746","targetHints":{"allow":["GET"]}}],"collection":[{"href":"https:\/\/atecordoba.org\/index.php?rest_route=\/wp\/v2\/posts"}],"about":[{"href":"https:\/\/atecordoba.org\/index.php?rest_route=\/wp\/v2\/types\/post"}],"author":[{"embeddable":true,"href":"https:\/\/atecordoba.org\/index.php?rest_route=\/wp\/v2\/users\/7"}],"replies":[{"embeddable":true,"href":"https:\/\/atecordoba.org\/index.php?rest_route=%2Fwp%2Fv2%2Fcomments&post=52746"}],"version-history":[{"count":1,"href":"https:\/\/atecordoba.org\/index.php?rest_route=\/wp\/v2\/posts\/52746\/revisions"}],"predecessor-version":[{"id":52749,"href":"https:\/\/atecordoba.org\/index.php?rest_route=\/wp\/v2\/posts\/52746\/revisions\/52749"}],"wp:featuredmedia":[{"embeddable":true,"href":"https:\/\/atecordoba.org\/index.php?rest_route=\/wp\/v2\/media\/52747"}],"wp:attachment":[{"href":"https:\/\/atecordoba.org\/index.php?rest_route=%2Fwp%2Fv2%2Fmedia&parent=52746"}],"wp:term":[{"taxonomy":"category","embeddable":true,"href":"https:\/\/atecordoba.org\/index.php?rest_route=%2Fwp%2Fv2%2Fcategories&post=52746"},{"taxonomy":"post_tag","embeddable":true,"href":"https:\/\/atecordoba.org\/index.php?rest_route=%2Fwp%2Fv2%2Ftags&post=52746"}],"curies":[{"name":"wp","href":"https:\/\/api.w.org\/{rel}","templated":true}]}}