{"id":52742,"date":"2026-03-04T14:54:15","date_gmt":"2026-03-04T17:54:15","guid":{"rendered":"https:\/\/atecordoba.org\/?p=52742"},"modified":"2026-03-04T14:54:15","modified_gmt":"2026-03-04T17:54:15","slug":"yacanto-audiencia-en-la-mesa-de-relaciones-laborales","status":"publish","type":"post","link":"https:\/\/atecordoba.org\/?p=52742","title":{"rendered":"Yacanto: audiencia en la Mesa de Relaciones Laborales"},"content":{"rendered":"<div class=\"entry-content no-share\">\n<div class=\"content-inner \">\n<p><img loading=\"lazy\" decoding=\"async\" class=\"aligncenter wp-image-52719 \" src=\"https:\/\/atecordoba.org\/wp-content\/uploads\/2026\/03\/WhatsApp-Image-2026-03-04-at-12.33.24-2-1.jpeg\" alt=\"\" width=\"643\" height=\"491\" data-pin-no-hover=\"true\" \/><\/p>\n<p>&nbsp;<\/p>\n<p>ATE llev\u00f3 adelante hoy una audiencia en el marco de la Mesa de Relaciones Laborales de la Municipalidad de Villa Yacanto, con el Intendente Alberto Moiso, el secretario de Coordinaci\u00f3n Edgardo Moiso y el secretario de Gobierno Joel Palacio. La comitiva estatal estuvo integrada la delegada Roxana C\u00f3rdoba y su par V\u00edctor I\u00f1iguez.<\/p>\n<p>En la oportunidad se abord\u00f3 la reestructuraci\u00f3n de las categor\u00edas previstas en el Estatuto del Personal Municipal de la localidad del Valle de Calamuchita, un punto de la agenda que ATE ven\u00edan reclamando hace tiempo. Adem\u00e1s se trat\u00f3 la situaci\u00f3n de la compa\u00f1era Ver\u00f3nica Pancocha, quedando el tema a la espera de la documentaci\u00f3n que deber\u00e1 presentar la trabajadora a los fines de su correspondiente verificaci\u00f3n.<\/p>\n<p>Seguidamente, el Departamento Ejecutivo inform\u00f3 que se encuentra en tratamiento la ordenanza referido a la escala salarial, con impacto en los sueldos b\u00e1sicos. Finalmente, la ordenanza se aprob\u00f3 en el Concejo Deliberante, quedando establecido que las sumas que se liquiden en concepto de premios y asignaci\u00f3n est\u00edmulo significar\u00e1n entre el 5% y hasta el 40% sobre la asignaci\u00f3n b\u00e1sica del personal o categor\u00eda de revista del agente,. seg\u00fan las condiciones particulares de cada caso.<\/p>\n<p>Se trata de un reclamo de ATE que implica un reconocimiento salarial que suma a la mejora del poder adquisitivo de los haberes.<\/p>\n<\/div>\n<\/div>\n<div class=\"jeg_share_bottom_container\">\n<div class=\"jeg_share_button share-bottom clearfix\">\n<div class=\"jeg_sharelist\"><\/div>\n<\/div>\n<\/div>\n","protected":false},"excerpt":{"rendered":"<p>&nbsp; ATE llev\u00f3 adelante hoy una audiencia en el marco de la Mesa de Relaciones Laborales de la Municipalidad de Villa Yacanto, con el Intendente Alberto Moiso, el secretario de Coordinaci\u00f3n Edgardo Moiso y el secretario de Gobierno Joel Palacio. La comitiva estatal estuvo integrada la delegada Roxana C\u00f3rdoba y su par V\u00edctor I\u00f1iguez. En [&hellip;]<\/p>\n","protected":false},"author":7,"featured_media":52719,"comment_status":"open","ping_status":"open","sticky":false,"template":"","format":"standard","meta":{"_exactmetrics_skip_tracking":false,"_exactmetrics_sitenote_active":false,"_exactmetrics_sitenote_note":"","_exactmetrics_sitenote_category":0,"jnews-multi-image_gallery":[],"jnews_single_post":[],"jnews_primary_category":[],"jnews_social_meta":[],"jnews_review":[],"enable_review":"","type":"","name":"","summary":"","brand":"","sku":"","good":[],"bad":[],"score_override":"","override_value":"","rating":[],"price":[],"jnews_override_counter":[],"jnews_post_split":[],"footnotes":""},"categories":[20],"tags":[],"class_list":["post-52742","post","type-post","status-publish","format-standard","has-post-thumbnail","hentry","category-municipales"],"jetpack_featured_media_url":"https:\/\/atecordoba.org\/wp-content\/uploads\/2026\/03\/WhatsApp-Image-2026-03-04-at-12.33.24-2-1-e1772646194977.jpeg","_links":{"self":[{"href":"https:\/\/atecordoba.org\/index.php?rest_route=\/wp\/v2\/posts\/52742","targetHints":{"allow":["GET"]}}],"collection":[{"href":"https:\/\/atecordoba.org\/index.php?rest_route=\/wp\/v2\/posts"}],"about":[{"href":"https:\/\/atecordoba.org\/index.php?rest_route=\/wp\/v2\/types\/post"}],"author":[{"embeddable":true,"href":"https:\/\/atecordoba.org\/index.php?rest_route=\/wp\/v2\/users\/7"}],"replies":[{"embeddable":true,"href":"https:\/\/atecordoba.org\/index.php?rest_route=%2Fwp%2Fv2%2Fcomments&post=52742"}],"version-history":[{"count":1,"href":"https:\/\/atecordoba.org\/index.php?rest_route=\/wp\/v2\/posts\/52742\/revisions"}],"predecessor-version":[{"id":52744,"href":"https:\/\/atecordoba.org\/index.php?rest_route=\/wp\/v2\/posts\/52742\/revisions\/52744"}],"wp:featuredmedia":[{"embeddable":true,"href":"https:\/\/atecordoba.org\/index.php?rest_route=\/wp\/v2\/media\/52719"}],"wp:attachment":[{"href":"https:\/\/atecordoba.org\/index.php?rest_route=%2Fwp%2Fv2%2Fmedia&parent=52742"}],"wp:term":[{"taxonomy":"category","embeddable":true,"href":"https:\/\/atecordoba.org\/index.php?rest_route=%2Fwp%2Fv2%2Fcategories&post=52742"},{"taxonomy":"post_tag","embeddable":true,"href":"https:\/\/atecordoba.org\/index.php?rest_route=%2Fwp%2Fv2%2Ftags&post=52742"}],"curies":[{"name":"wp","href":"https:\/\/api.w.org\/{rel}","templated":true}]}}