{"id":52714,"date":"2026-03-04T12:56:39","date_gmt":"2026-03-04T15:56:39","guid":{"rendered":"https:\/\/atecordoba.org\/?p=52714"},"modified":"2026-03-04T12:56:39","modified_gmt":"2026-03-04T15:56:39","slug":"ate-declara-alerta-maxima-en-trabajo-ante-inminentes-despidos-y-desguace-por-aplicacion-de-la-reforma-laboral-2","status":"publish","type":"post","link":"https:\/\/atecordoba.org\/?p=52714","title":{"rendered":"ATE declara alerta m\u00e1xima en Trabajo ante inminentes despidos y desguace por aplicaci\u00f3n de la Reforma Laboral"},"content":{"rendered":"<figure id=\"attachment_52707\" aria-describedby=\"caption-attachment-52707\" style=\"width: 629px\" class=\"wp-caption aligncenter\"><img loading=\"lazy\" decoding=\"async\" class=\"wp-image-52707 \" src=\"https:\/\/atecordoba.org\/wp-content\/uploads\/2026\/03\/WhatsApp-Image-2025-09-09-at-13.59.43-2-1024x770.jpeg\" alt=\"\" width=\"629\" height=\"473\" srcset=\"https:\/\/atecordoba.org\/wp-content\/uploads\/2026\/03\/WhatsApp-Image-2025-09-09-at-13.59.43-2-1024x770.jpeg 1024w, https:\/\/atecordoba.org\/wp-content\/uploads\/2026\/03\/WhatsApp-Image-2025-09-09-at-13.59.43-2-300x226.jpeg 300w, https:\/\/atecordoba.org\/wp-content\/uploads\/2026\/03\/WhatsApp-Image-2025-09-09-at-13.59.43-2-768x578.jpeg 768w, https:\/\/atecordoba.org\/wp-content\/uploads\/2026\/03\/WhatsApp-Image-2025-09-09-at-13.59.43-2-750x564.jpeg 750w, https:\/\/atecordoba.org\/wp-content\/uploads\/2026\/03\/WhatsApp-Image-2025-09-09-at-13.59.43-2-1140x858.jpeg 1140w, https:\/\/atecordoba.org\/wp-content\/uploads\/2026\/03\/WhatsApp-Image-2025-09-09-at-13.59.43-2.jpeg 1280w\" sizes=\"auto, (max-width: 629px) 100vw, 629px\" \/><figcaption id=\"caption-attachment-52707\" class=\"wp-caption-text\">Archivo, movilizaci\u00f3n de ATE el a\u00f1o pasado, con Federico Giuliani a la cabeza, a la Agencia Territorial C\u00f3rdoba.<\/figcaption><\/figure>\n<p>ATE declar\u00f3 el estado de alerta y asamblea permanente y no descarta realizar medidas de acci\u00f3n directa en la Secretar\u00eda de Trabajo ante la nueva amenaza de despidos y desguace de la cartera impulsada a partir de la Reforma Laboral, cuya puesta en marcha es inminente.<\/p>\n<p>El estado de alerta m\u00e1xima en la sede nacional de Trabajo se extiende a todas las agencias territoriales ya que est\u00e1n amenazadas todas las pol\u00edticas de trabajo, empleo y seguridad social, as\u00ed como tambi\u00e9n los puestos de trabajo del organismo en todo el pa\u00eds.<\/p>\n<p>En C\u00f3rdoba, las delegadas de ATE de la Agencia Territorial va articular acciones con la Coordinaci\u00f3n Nacional, las agencias de todo el pa\u00eds y la sede de Capital Federal.<\/p>\n<p>\u201cRechazamos que la Secretar\u00eda de Trabajo se convierta solo en una estructura que garantice los intereses de las grandes corporaciones empresarias. Seguiremos defendiendo a la cartera laboral como la \u00fanica posibilidad de impedir que, despu\u00e9s de la reforma, arrasen con los derechos de los trabajadores del Sector P\u00fablico y de todas las ramas de la actividad privada\u201d, dijo el Secretario General de ATE Nacional, Rodolfo Aguiar.<\/p>\n<p>En ese marco, el secretario de DDHH del Consejo Directivo Provincial y trabajador de la Agencia Territorial C\u00f3rdoba de la Secretaria de Trabajo, Cesar Theaux, dijo que la intenci\u00f3n del gobierno es imponer un desguace de las agencias territoriales. \u201cPor ejemplo, en el \u00e1rea Fiscalizaci\u00f3n y Control no hay quien firme las resoluciones desde octubre o noviembre del a\u00f1o pasado, por ende, no hay certificados de ejecuci\u00f3n de deuda, por ende, el \u00e1rea jur\u00eddica tiende a desaparecer\u201d, se\u00f1al\u00f3.<\/p>\n<p>Esta situaci\u00f3n se suma a que en el \u00e1rea de Inspecciones los funcionarios exigen cantidad de operativos a los compa\u00f1eros y a las compa\u00f1eras que est\u00e1n a cargo pero \u201cno hay recursos para ejecutarlos, ni vi\u00e1ticos, ni veh\u00edculos salvo en contadas ocasiones\u201d.<\/p>\n<p>\u201cEs otra \u00e1rea que pretenden desguazar y dejar que los operativos de fiscalizaci\u00f3n que los realice ARCA, que tiene m\u00e1s facultades, o Ministerio de Trabajo de la provincia\u201d, explic\u00f3 el dirigente.<\/p>\n<p>Adem\u00e1s se prev\u00e9 la ca\u00edda de programas que benefician a un mill\u00f3n de trabajadores y trabajadoras como \u2018Volver al Trabajo\u2019, finaliza el pr\u00f3ximo 30 de abril y no ser\u00eda renovado.<\/p>\n<p>En este sentido, el Delegado de la Coordinaci\u00f3n Nacional de ATE Trabajo, Hern\u00e1n Izurieta, remarc\u00f3 que \u201clos trabajadores y trabajadoras de la Secretar\u00eda de Trabajo, Empleo y Seguridad Social venimos resistiendo desde hace m\u00e1s de un a\u00f1o los intentos de desguace de nuestro organismo por parte del Ministerio de Desregulaci\u00f3n del Estado que encabeza Federico Sturzenegger. Venimos dando una pelea incesante y frenando esa ofensiva. Luego de sancionada por el Congreso la regresiva y explotadora reforma laboral que pretende retrotraer las relaciones laborales al Siglo XIX, que es una de las pol\u00edticas fundamentales de esta gesti\u00f3n, lo cierto es que el Gobierno encuentra en este terreno condiciones favorables para intentar una nueva ofensiva en el vaciamiento institucional y la destrucci\u00f3n de las funciones hist\u00f3ricas de nuestra cartera\u201d.<\/p>\n","protected":false},"excerpt":{"rendered":"<p>ATE declar\u00f3 el estado de alerta y asamblea permanente y no descarta realizar medidas de acci\u00f3n directa en la Secretar\u00eda de Trabajo ante la nueva amenaza de despidos y desguace de la cartera impulsada a partir de la Reforma Laboral, cuya puesta en marcha es inminente. El estado de alerta m\u00e1xima en la sede nacional [&hellip;]<\/p>\n","protected":false},"author":7,"featured_media":52712,"comment_status":"open","ping_status":"open","sticky":false,"template":"","format":"standard","meta":{"_exactmetrics_skip_tracking":false,"_exactmetrics_sitenote_active":false,"_exactmetrics_sitenote_note":"","_exactmetrics_sitenote_category":0,"jnews-multi-image_gallery":[],"jnews_single_post":[],"jnews_primary_category":[],"jnews_social_meta":[],"jnews_review":[],"enable_review":"","type":"","name":"","summary":"","brand":"","sku":"","good":[],"bad":[],"score_override":"","override_value":"","rating":[],"price":[],"jnews_override_counter":[],"jnews_post_split":[],"footnotes":""},"categories":[18],"tags":[],"class_list":["post-52714","post","type-post","status-publish","format-standard","has-post-thumbnail","hentry","category-nacionales"],"jetpack_featured_media_url":"https:\/\/atecordoba.org\/wp-content\/uploads\/2026\/03\/20230726_125031-scaled-e1772639707582.jpg","_links":{"self":[{"href":"https:\/\/atecordoba.org\/index.php?rest_route=\/wp\/v2\/posts\/52714","targetHints":{"allow":["GET"]}}],"collection":[{"href":"https:\/\/atecordoba.org\/index.php?rest_route=\/wp\/v2\/posts"}],"about":[{"href":"https:\/\/atecordoba.org\/index.php?rest_route=\/wp\/v2\/types\/post"}],"author":[{"embeddable":true,"href":"https:\/\/atecordoba.org\/index.php?rest_route=\/wp\/v2\/users\/7"}],"replies":[{"embeddable":true,"href":"https:\/\/atecordoba.org\/index.php?rest_route=%2Fwp%2Fv2%2Fcomments&post=52714"}],"version-history":[{"count":1,"href":"https:\/\/atecordoba.org\/index.php?rest_route=\/wp\/v2\/posts\/52714\/revisions"}],"predecessor-version":[{"id":52715,"href":"https:\/\/atecordoba.org\/index.php?rest_route=\/wp\/v2\/posts\/52714\/revisions\/52715"}],"wp:featuredmedia":[{"embeddable":true,"href":"https:\/\/atecordoba.org\/index.php?rest_route=\/wp\/v2\/media\/52712"}],"wp:attachment":[{"href":"https:\/\/atecordoba.org\/index.php?rest_route=%2Fwp%2Fv2%2Fmedia&parent=52714"}],"wp:term":[{"taxonomy":"category","embeddable":true,"href":"https:\/\/atecordoba.org\/index.php?rest_route=%2Fwp%2Fv2%2Fcategories&post=52714"},{"taxonomy":"post_tag","embeddable":true,"href":"https:\/\/atecordoba.org\/index.php?rest_route=%2Fwp%2Fv2%2Ftags&post=52714"}],"curies":[{"name":"wp","href":"https:\/\/api.w.org\/{rel}","templated":true}]}}