{"id":5269,"date":"2015-05-14T21:20:58","date_gmt":"2015-05-15T00:20:58","guid":{"rendered":"http:\/\/www.atecordoba.org\/?p=5269"},"modified":"2015-05-14T21:20:58","modified_gmt":"2015-05-15T00:20:58","slug":"civiles-de-la-ff-aa-marcharon-en-capital-federal-a-la-jefatura-de-gabinete","status":"publish","type":"post","link":"https:\/\/atecordoba.org\/?p=5269","title":{"rendered":"Civiles de la FF.AA marcharon en Capital Federal a la Jefatura de Gabinete"},"content":{"rendered":"<p><em>En el marco de su Jornada Nacional de Lucha, los trabajadores del sector realizaron hoy paro, asambleas y una marcha a la Jefatura de Gabinete de la Naci\u00f3n, donde fueron recibidos por el Subsecretario de Gesti\u00f3n y Empleo P\u00fablico, Daniel Fihman. ATE le exigi\u00f3 el convenio colectivo sectorial y el pase a planta de los compa\u00f1eros precarizados. Ante las respuestas evasivas del funcionario, los estatales advirtieron que persistir\u00e1n en la disputa por sus demandas.<\/em><\/p>\n<p><a href=\"http:\/\/www.atecordoba.org\/wp-content\/uploads\/2015\/05\/IMG-20150514-WA0020-e1431649105883.jpg\"><img loading=\"lazy\" decoding=\"async\" class=\"aligncenter size-full wp-image-5270\" src=\"http:\/\/www.atecordoba.org\/wp-content\/uploads\/2015\/05\/IMG-20150514-WA0020-e1431649105883.jpg\" alt=\"IMG-20150514-WA0020\" width=\"550\" height=\"413\" \/><\/a><\/p>\n<p>(fuente www.eltrabajadordelestado.org)<\/p>\n<p><span style=\"font-style: inherit; font-weight: inherit;\"><span style=\"font-style: inherit; font-weight: inherit;\">Trabajadores de C\u00f3rdoba, Tucum\u00e1n, Provincia de Buenos Aires y Capital Federal de las Fuerzas Armadas esperaban ansiosos las novedades de la reuni\u00f3n entre una delegaci\u00f3n de ATE y el funcionario de la cartera que dirige An\u00edbal Fern\u00e1ndez. Estaban acompa\u00f1ados de militantes de seccionales bonaerenses y juntas internas porte\u00f1as. Tambi\u00e9n contaban con la presencia del Secretario Adjunto de ATE C\u00f3rdoba, Oscar Mengarelli, y el Secretario General de la CTA Capital, Pepe Peralta.<\/span><\/span><\/p>\n<p><span style=\"font-style: inherit; font-weight: inherit;\"><span style=\"font-style: inherit; font-weight: inherit;\">La encargada de llevar una s\u00edntesis de la reuni\u00f3n a los compa\u00f1eros fue la Secretaria de Organizaci\u00f3n de ATE, Silvia Le\u00f3n: \u201cFihman nos dijo que hay 18 mil concursos abiertos en el Estado nacional. \u00bfUstedes tomaron conocimiento de alguno? \u00bfSon acaso los civiles de las Fuerzas Armadas trabajadores de segunda? El funcionario dijo que el convenio colectivo de trabajo es una pol\u00edtica rectora del gobierno. \u00bfCuentan ustedes con convenio colectivo de trabajo?\u201d.<\/span><\/span><\/p>\n<p><span style=\"font-style: inherit; font-weight: inherit;\"><span style=\"font-style: inherit; font-weight: inherit;\">Ante los evidentes vagos argumentos de la autoridad oficial, Le\u00f3n agreg\u00f3 desde el palco: \u201cNuestra posici\u00f3n compa\u00f1eros es seguir peleando para que antes de que se vaya este gobierno contemos con convenio colectivo de trabajo. Y llevaremos al Congreso Nacional de ATE que sesionar\u00e1 el 21 de mayo, la propuesta de mandatar un paro nacional de los trabajadores del Estado nacional organizados en ATE. Por el pase a planta de los 66 mil trabajadores precarizados y un aumento salarial del 45%\u201d.<\/span><\/span><\/p>\n<p><a href=\"http:\/\/www.atecordoba.org\/wp-content\/uploads\/2015\/05\/IMG-20150514-WA0010-e1431649133751.jpg\"><img loading=\"lazy\" decoding=\"async\" class=\"aligncenter size-full wp-image-5271\" src=\"http:\/\/www.atecordoba.org\/wp-content\/uploads\/2015\/05\/IMG-20150514-WA0010-e1431649133751.jpg\" alt=\"IMG-20150514-WA0010\" width=\"550\" height=\"413\" \/><\/a><\/p>\n<p><span style=\"font-style: inherit; font-weight: inherit;\"><span style=\"font-style: inherit; font-weight: inherit;\">Antes de ingresar al edificio, el trabajador de la Escuela de Aviaci\u00f3n de C\u00f3rdoba y Secretario de Organizaci\u00f3n del Consejo Directivo Provincial, Alejandro Charra, inform\u00f3 que la movilizaci\u00f3n constitu\u00eda s\u00f3lo una parte de la jornada nacional de lucha que incluy\u00f3, asimismo, paros y asambleas en todas las reparticiones de las Fuerzas Armadas en el pa\u00eds.<\/span><\/span><\/p>\n<p><span style=\"font-style: inherit; font-weight: inherit;\"><span style=\"font-style: inherit; font-weight: inherit;\">\u201cEn enero de 2006, el Gobierno nacional firm\u00f3 el decreto 214, a trav\u00e9s del que se compromet\u00eda a crear convenios colectivos de trabajo en todos los sectores de labor en el Estado. Sin embargo, 9 a\u00f1os despu\u00e9s, s\u00f3lo el 10% de las reparticiones nacionales cuentan con convenio. Dentro del 90% restante, nos encontramos nosotros. Le decimos entonces al gobierno, que no haga bandera en los organismos internacionales con que son garante de paritarias y convenios colectivos. No queremos ser murga de semejante mentira\u201d, agreg\u00f3 Charra.<\/span><\/span><\/p>\n<p><a href=\"http:\/\/www.atecordoba.org\/wp-content\/uploads\/2015\/05\/IMG-20150514-WA0004-e1431649226161.jpg\"><img loading=\"lazy\" decoding=\"async\" class=\"aligncenter size-full wp-image-5274\" src=\"http:\/\/www.atecordoba.org\/wp-content\/uploads\/2015\/05\/IMG-20150514-WA0004-e1431649226161.jpg\" alt=\"IMG-20150514-WA0004\" width=\"550\" height=\"413\" \/><\/a><\/p>\n<p><span style=\"font-style: inherit; font-weight: inherit;\"><span style=\"font-style: inherit; font-weight: inherit;\">En este sentido, y endilg\u00e1ndole intencionalidad partidaria a la pol\u00edtica de empleo del Gobierno nacional, el trabajador de las Fuerzas Armadas en Capital Federal Alberto M\u00e1rquez denunci\u00f3 que \u201clos \u00f1oquis de La C\u00e1mpora ya tienen su convenio colectivo de trabajo propio, <span style=\"font-style: inherit; font-weight: inherit;\">y nosotros, trabajadores con diez, quince y 20 a\u00f1os de trayectoria, no estamos ni si quiera en planta permanente&#8221;.<\/span><\/span><\/span><\/p>\n<p><a href=\"http:\/\/www.atecordoba.org\/wp-content\/uploads\/2015\/05\/IMG-20150514-WA0003-e1431649157155.jpg\"><img loading=\"lazy\" decoding=\"async\" class=\"aligncenter size-full wp-image-5272\" src=\"http:\/\/www.atecordoba.org\/wp-content\/uploads\/2015\/05\/IMG-20150514-WA0003-e1431649157155.jpg\" alt=\"IMG-20150514-WA0003\" width=\"550\" height=\"413\" \/><\/a><\/p>\n<p><span style=\"font-style: inherit; font-weight: inherit;\"><span style=\"font-style: inherit; font-weight: inherit;\">\u201cSomos el sector m\u00e1s discriminado por la patronal\u201d, prosigui\u00f3 Ana Mar\u00eda Mendoza, trabajadora de Puerto General Belgrano y Secretaria General de la seccional bonaerense de Punta Alta. \u201cEl Estado tiene en las Fuerzas Armadas a trabajadores civiles por debajo del salario m\u00ednimo vital y m\u00f3vil\u201d, a\u00f1adi\u00f3.<\/span><\/span><\/p>\n<p><span style=\"font-style: inherit; font-weight: inherit;\"><span style=\"font-style: inherit; font-weight: inherit;\">ATE acusa a la gesti\u00f3n nacional de considerar a los civiles de Fuerzas Armadas como trabajadores de segunda categor\u00eda. As\u00ed se lo recriminaron al funcionario Fihman y as\u00ed lo contra argument\u00f3 Oscar de Isasi, Secretario General de la ATE bonaerense, a los compa\u00f1eros: \u201cAprend\u00ed que los civiles son orgullosamente constructores de la defensa de la Patria. En silencio e invisibilizados, enfermeros, m\u00e9dicos, maestros, auxiliares de Educaci\u00f3n, t\u00e9cnicos, mec\u00e1nicos, administrativos constituyeron la log\u00edstica para recuperar en la guerra nuestras Islas Malvinas\u201d.<\/span><\/span><\/p>\n<p><a href=\"http:\/\/www.atecordoba.org\/wp-content\/uploads\/2015\/05\/IMG-20150514-WA0006-e1431649194426.jpg\"><img loading=\"lazy\" decoding=\"async\" class=\"aligncenter size-full wp-image-5273\" src=\"http:\/\/www.atecordoba.org\/wp-content\/uploads\/2015\/05\/IMG-20150514-WA0006-e1431649194426.jpg\" alt=\"IMG-20150514-WA0006\" width=\"550\" height=\"413\" \/><\/a><\/p>\n<p><span style=\"font-style: inherit; font-weight: inherit;\"><span style=\"font-style: inherit; font-weight: inherit;\">El dirigente finaliz\u00f3 diciendo: \u201cHoy venimos a buscar lo que es nuestro. Carrera para que progrese el trabajador id\u00f3neo, no el que est\u00e1 cerca del poder. Capacitaci\u00f3n, pase a planta permanente y aumento de salario acorde al reconocimiento que merecen trabajadores con tanta historia en las Fuerzas Armadas como ustedes\u201d.<\/span><\/span><\/p>\n<p><span style=\"font-style: inherit; font-weight: inherit;\"><span style=\"font-style: inherit; font-weight: inherit;\">Por \u00faltimo, el Secretario General de ATE Capital Federal, Jos\u00e9 Luis Matassa, dispar\u00f3: \u201cHace diez a\u00f1os que este gobierno elige negociar con su sindicato amigo y no con el que representa verdaderamente a los trabajadores. Que hoy no est\u00e9 firmado el convenio colectivo de trabajo para los civiles de Fuerzas Armadas es una inmoralidad de la que hacemos responsable a la presidenta Cristina Fern\u00e1ndez\u201d.<\/span><\/span><\/p>\n","protected":false},"excerpt":{"rendered":"<p>En el marco de su Jornada Nacional de Lucha, los trabajadores del sector realizaron hoy paro, asambleas y una marcha a la Jefatura de Gabinete de la Naci\u00f3n, donde fueron recibidos por el Subsecretario de Gesti\u00f3n y Empleo P\u00fablico, Daniel Fihman. ATE le exigi\u00f3 el convenio colectivo sectorial y el pase a planta de los [&hellip;]<\/p>\n","protected":false},"author":1,"featured_media":19220,"comment_status":"open","ping_status":"open","sticky":false,"template":"","format":"standard","meta":{"_exactmetrics_skip_tracking":false,"_exactmetrics_sitenote_active":false,"_exactmetrics_sitenote_note":"","_exactmetrics_sitenote_category":0,"jnews-multi-image_gallery":[],"jnews_single_post":[],"jnews_primary_category":[],"jnews_social_meta":[],"jnews_review":[],"enable_review":"","type":"","name":"","summary":"","brand":"","sku":"","good":[],"bad":[],"score_override":"","override_value":"","rating":[],"price":[],"jnews_override_counter":[],"jnews_post_split":[],"footnotes":""},"categories":[18,9],"tags":[],"class_list":["post-5269","post","type-post","status-publish","format-standard","has-post-thumbnail","hentry","category-nacionales","category-trabajadores-civiles-ff-aa"],"jetpack_featured_media_url":"https:\/\/atecordoba.org\/wp-content\/uploads\/2020\/05\/logo-nuevochico-e1561581322808.png","_links":{"self":[{"href":"https:\/\/atecordoba.org\/index.php?rest_route=\/wp\/v2\/posts\/5269","targetHints":{"allow":["GET"]}}],"collection":[{"href":"https:\/\/atecordoba.org\/index.php?rest_route=\/wp\/v2\/posts"}],"about":[{"href":"https:\/\/atecordoba.org\/index.php?rest_route=\/wp\/v2\/types\/post"}],"author":[{"embeddable":true,"href":"https:\/\/atecordoba.org\/index.php?rest_route=\/wp\/v2\/users\/1"}],"replies":[{"embeddable":true,"href":"https:\/\/atecordoba.org\/index.php?rest_route=%2Fwp%2Fv2%2Fcomments&post=5269"}],"version-history":[{"count":0,"href":"https:\/\/atecordoba.org\/index.php?rest_route=\/wp\/v2\/posts\/5269\/revisions"}],"wp:featuredmedia":[{"embeddable":true,"href":"https:\/\/atecordoba.org\/index.php?rest_route=\/wp\/v2\/media\/19220"}],"wp:attachment":[{"href":"https:\/\/atecordoba.org\/index.php?rest_route=%2Fwp%2Fv2%2Fmedia&parent=5269"}],"wp:term":[{"taxonomy":"category","embeddable":true,"href":"https:\/\/atecordoba.org\/index.php?rest_route=%2Fwp%2Fv2%2Fcategories&post=5269"},{"taxonomy":"post_tag","embeddable":true,"href":"https:\/\/atecordoba.org\/index.php?rest_route=%2Fwp%2Fv2%2Ftags&post=5269"}],"curies":[{"name":"wp","href":"https:\/\/api.w.org\/{rel}","templated":true}]}}