{"id":5263,"date":"2015-05-13T20:12:46","date_gmt":"2015-05-13T23:12:46","guid":{"rendered":"http:\/\/www.atecordoba.org\/?p=5263"},"modified":"2015-05-13T20:12:46","modified_gmt":"2015-05-13T23:12:46","slug":"ate-en-el-homenaje-a-la-enfermeria-en-el-transito-caceres","status":"publish","type":"post","link":"https:\/\/atecordoba.org\/?p=5263","title":{"rendered":"ATE en el homenaje a la enfermer\u00eda en el Tr\u00e1nsito C\u00e1ceres"},"content":{"rendered":"<p>&nbsp;<\/p>\n<p><em>Con motivo de festejarse ayer el d\u00eda de la enfermer\u00eda nuestro gremio particip\u00f3 del reconocimiento que se realiz\u00f3 a las\/los trabajadores en la instituci\u00f3n.<\/em><\/p>\n<p><a href=\"http:\/\/www.atecordoba.org\/wp-content\/uploads\/2015\/05\/dia-de-la-enfermera-transito-caceres-e1431558707365.jpg\"><img loading=\"lazy\" decoding=\"async\" class=\"aligncenter size-full wp-image-5264\" src=\"http:\/\/www.atecordoba.org\/wp-content\/uploads\/2015\/05\/dia-de-la-enfermera-transito-caceres-e1431558707365.jpg\" alt=\"dia de la enfermera transito caceres\" width=\"550\" height=\"330\" \/><\/a><\/p>\n<p>El acto comenz\u00f3 con una misa para luego realizarse el izamiento de la bandera en el predio del hospital. En la oportunidad estuvo presente el director del hospital, doctor F\u00e9lix Revol, y una guardia policial que acompa\u00f1\u00f3 a los compa\u00f1eros elegidos por el personal, que elevaron el la bandera argentina con presencia de abanderados electos por sus compa\u00f1eros, que portaron el emblema nacional mientras sonaba nuestro himno nacional.<\/p>\n<p>Seguidamente se desarroll\u00f3 en el hall de direcci\u00f3n, con buena presencia del personal en general, una funci\u00f3n de t\u00edteres -a cargo del compa\u00f1ero paya enfermero Sergio &#8220;chapa&#8221; Su\u00e1rez- que divirti\u00f3 a los presentes con sus ocurrencias a trav\u00e9s de los desopilantes personajes a su cargo.<\/p>\n<p>Tras cart\u00f3n, se \u00a0hizo entrega de un recordatorio a la compa\u00f1era Nelba Sosa \u00a0de una bandera nacional, donada por nuestra ATE, por haber sido electa para transportarla. El acto quedar\u00e1 instituido a partir de este a\u00f1o con cada compa\u00f1ero que sea designado.<\/p>\n<p>Luego se realiz\u00f3 un recorrido por la instituci\u00f3n, a fin de \u00a0observar una exposici\u00f3n realizada por compa\u00f1eras y compa\u00f1eros de los tres turnos. Se trat\u00f3 de trabajos art\u00edsticos realizados por los trabajadores, tales como pinturas, dise\u00f1os, tejidos o veladores. Tambi\u00e9n se realiz\u00f3 la lectura de escritos de compa\u00f1eros de historias presentes en la memoria del hospital. Por caso, durante el acto se reconoci\u00f3 a la compa\u00f1era Sara Ca\u00f1ete, jefa de divisi\u00f3n de enfermer\u00eda.<\/p>\n<p>En la caminata se procedi\u00f3 a admirar los trabajadores del concurso \u201cel mejor servicio decorado de la instituci\u00f3n\u201d, eligi\u00e9ndose un ganador. Se resalt\u00f3 la gran participaci\u00f3n de todos los turnos y los compa\u00f1eros en los decorados e ingenio puesto de manifiesto por nuestros compa\u00f1eros. El jurado formado por jefes de servicios y personal organizativo tuvo una tarea dif\u00edcil a la hora de dar su veredicto, resultando ganador el servicio de guardia, por decorado y en especial un trabajo mural realizado en tapas de gaseosa que despert\u00f3 el comentario en toda la instituci\u00f3n.<\/p>\n<p>Por la tarde noche se corono la festividad en el aula de actos con la presencia de gran cantidad de compa\u00f1eros trabajadores y sus familias, desarroll\u00e1ndose una pe\u00f1a bailable con sorteos en donde no solo fueron anfitriones si no actores activos compa\u00f1eros como M\u00f3nica Haber, delegada de ATE, con un standup, el doctor Francisco Pancho Montoya -haciendo gala de su habilidades para el tango-, el compa\u00f1ero Walter Ag\u00fcero, delegado ATE, que con su conjunto vocal y musical de folclore cerr\u00f3 la velada al ritmo incomparable de challas y chacareras.<\/p>\n<p>El conjunto de los trabajadores agradeci\u00f3 a la comisi\u00f3n organizadora, y a todos los compa\u00f1eros que formaron parte del festejo.<\/p>\n<p>&nbsp;<\/p>\n","protected":false},"excerpt":{"rendered":"<p>&nbsp; Con motivo de festejarse ayer el d\u00eda de la enfermer\u00eda nuestro gremio particip\u00f3 del reconocimiento que se realiz\u00f3 a las\/los trabajadores en la instituci\u00f3n. El acto comenz\u00f3 con una misa para luego realizarse el izamiento de la bandera en el predio del hospital. En la oportunidad estuvo presente el director del hospital, doctor F\u00e9lix [&hellip;]<\/p>\n","protected":false},"author":1,"featured_media":19220,"comment_status":"open","ping_status":"open","sticky":false,"template":"","format":"standard","meta":{"_exactmetrics_skip_tracking":false,"_exactmetrics_sitenote_active":false,"_exactmetrics_sitenote_note":"","_exactmetrics_sitenote_category":0,"jnews-multi-image_gallery":[],"jnews_single_post":[],"jnews_primary_category":[],"jnews_social_meta":[],"jnews_review":[],"enable_review":"","type":"","name":"","summary":"","brand":"","sku":"","good":[],"bad":[],"score_override":"","override_value":"","rating":[],"price":[],"jnews_override_counter":[],"jnews_post_split":[],"footnotes":""},"categories":[7,8],"tags":[],"class_list":["post-5263","post","type-post","status-publish","format-standard","has-post-thumbnail","hentry","category-hospitales","category-provinciales"],"jetpack_featured_media_url":"https:\/\/atecordoba.org\/wp-content\/uploads\/2020\/05\/logo-nuevochico-e1561581322808.png","_links":{"self":[{"href":"https:\/\/atecordoba.org\/index.php?rest_route=\/wp\/v2\/posts\/5263","targetHints":{"allow":["GET"]}}],"collection":[{"href":"https:\/\/atecordoba.org\/index.php?rest_route=\/wp\/v2\/posts"}],"about":[{"href":"https:\/\/atecordoba.org\/index.php?rest_route=\/wp\/v2\/types\/post"}],"author":[{"embeddable":true,"href":"https:\/\/atecordoba.org\/index.php?rest_route=\/wp\/v2\/users\/1"}],"replies":[{"embeddable":true,"href":"https:\/\/atecordoba.org\/index.php?rest_route=%2Fwp%2Fv2%2Fcomments&post=5263"}],"version-history":[{"count":0,"href":"https:\/\/atecordoba.org\/index.php?rest_route=\/wp\/v2\/posts\/5263\/revisions"}],"wp:featuredmedia":[{"embeddable":true,"href":"https:\/\/atecordoba.org\/index.php?rest_route=\/wp\/v2\/media\/19220"}],"wp:attachment":[{"href":"https:\/\/atecordoba.org\/index.php?rest_route=%2Fwp%2Fv2%2Fmedia&parent=5263"}],"wp:term":[{"taxonomy":"category","embeddable":true,"href":"https:\/\/atecordoba.org\/index.php?rest_route=%2Fwp%2Fv2%2Fcategories&post=5263"},{"taxonomy":"post_tag","embeddable":true,"href":"https:\/\/atecordoba.org\/index.php?rest_route=%2Fwp%2Fv2%2Ftags&post=5263"}],"curies":[{"name":"wp","href":"https:\/\/api.w.org\/{rel}","templated":true}]}}