{"id":5260,"date":"2015-05-13T18:45:29","date_gmt":"2015-05-13T21:45:29","guid":{"rendered":"http:\/\/www.atecordoba.org\/?p=5260"},"modified":"2015-05-13T18:45:29","modified_gmt":"2015-05-13T21:45:29","slug":"paro-nacional-y-marcha-en-buenos-aires-de-los-trabajadores-civiles-de-las-ffaa","status":"publish","type":"post","link":"https:\/\/atecordoba.org\/?p=5260","title":{"rendered":"Paro nacional y marcha en Buenos Aires de los Trabajadores Civiles de las FFAA"},"content":{"rendered":"<p><em>Desde ma\u00f1ana a las 0 horas 25 mil trabajadores civiles de las Fuerzas Armadas iniciar\u00e1n un paro de 48 horas en todo el pa\u00eds. La medida motorizada por ATE obedece a la falta de respuestas del gobierno nacional respecto a los pedidos que viene realizando el sector desde principios de a\u00f1o: aumento salarial de emergencia, firma del convenio colectivo de trabajo sectorial y pase a planta permanente de los contratados.<\/em><\/p>\n<p><a href=\"http:\/\/www.atecordoba.org\/wp-content\/uploads\/2015\/05\/personal-civil2-e1431553399821.jpg\"><img loading=\"lazy\" decoding=\"async\" class=\"aligncenter size-full wp-image-5261\" src=\"http:\/\/www.atecordoba.org\/wp-content\/uploads\/2015\/05\/personal-civil2-e1431553399821.jpg\" alt=\"personal civil2\" width=\"550\" height=\"413\" \/><\/a><\/p>\n<p>Se trata del sector con promedio salarial m\u00e1s bajo de la administraci\u00f3n p\u00fablica nacional, hist\u00f3ricamente rezagado en sus haberes respecto a otros sectores.<\/p>\n<p>Adem\u00e1s, tiene pendiente desde hace 10 a\u00f1os la firma del convenio colectivo de trabajo, negociado en infinidad de oportunidades pero nunca concretado. A fines del a\u00f1o pasado, en Ministerio de Defensa amag\u00f3 con que finalmente el convenio se iba a hacer efectivo. Pero pasados los primeros meses del a\u00f1o los trabajadores no tienen ninguna novedad al respecto.<\/p>\n<p>Desde distintos puntos del pa\u00eds, los trabajadores \u00a0se congregar\u00e1n ma\u00f1ana a las 11 horas en Buenos Aires para marchar en una movilizaci\u00f3n de protesta con el fin de hacer sentir la bronca del sector hasta la Jefatura de Gabinete, cita en Julio A. Roca 782.<\/p>\n<p>En consecuencia, en C\u00f3rdoba paralizar\u00e1n su actividad los siguientes sectores: Farmacia de la obra social del Ej\u00e9rcito, Escuela de Suboficiales de la Fuerza A\u00e9rea, Escuela Aviaci\u00f3n Militar, la Guarnici\u00f3n A\u00e9rea C\u00f3rdoba en su conjunto, los hoteles del Iosfa (La Falda, Cosqu\u00edn, Villa General Belgrano y Ascochinga), el Comando de la Segunda Divisi\u00f3n del Ej\u00e9rcito del Norte, la 4\u00aa Brigada Aerotransportada del Ej\u00e9rcito, el Hospital Militar, el barrio militar General Deheza y la Escuela de Suboficiales de la Gendarmer\u00eda Nacional de Jes\u00fas Mar\u00eda.<\/p>\n","protected":false},"excerpt":{"rendered":"<p>Desde ma\u00f1ana a las 0 horas 25 mil trabajadores civiles de las Fuerzas Armadas iniciar\u00e1n un paro de 48 horas en todo el pa\u00eds. La medida motorizada por ATE obedece a la falta de respuestas del gobierno nacional respecto a los pedidos que viene realizando el sector desde principios de a\u00f1o: aumento salarial de emergencia, [&hellip;]<\/p>\n","protected":false},"author":1,"featured_media":19220,"comment_status":"open","ping_status":"open","sticky":false,"template":"","format":"standard","meta":{"_exactmetrics_skip_tracking":false,"_exactmetrics_sitenote_active":false,"_exactmetrics_sitenote_note":"","_exactmetrics_sitenote_category":0,"jnews-multi-image_gallery":[],"jnews_single_post":[],"jnews_primary_category":[],"jnews_social_meta":[],"jnews_review":[],"enable_review":"","type":"","name":"","summary":"","brand":"","sku":"","good":[],"bad":[],"score_override":"","override_value":"","rating":[],"price":[],"jnews_override_counter":[],"jnews_post_split":[],"footnotes":""},"categories":[18,9],"tags":[],"class_list":["post-5260","post","type-post","status-publish","format-standard","has-post-thumbnail","hentry","category-nacionales","category-trabajadores-civiles-ff-aa"],"jetpack_featured_media_url":"https:\/\/atecordoba.org\/wp-content\/uploads\/2020\/05\/logo-nuevochico-e1561581322808.png","_links":{"self":[{"href":"https:\/\/atecordoba.org\/index.php?rest_route=\/wp\/v2\/posts\/5260","targetHints":{"allow":["GET"]}}],"collection":[{"href":"https:\/\/atecordoba.org\/index.php?rest_route=\/wp\/v2\/posts"}],"about":[{"href":"https:\/\/atecordoba.org\/index.php?rest_route=\/wp\/v2\/types\/post"}],"author":[{"embeddable":true,"href":"https:\/\/atecordoba.org\/index.php?rest_route=\/wp\/v2\/users\/1"}],"replies":[{"embeddable":true,"href":"https:\/\/atecordoba.org\/index.php?rest_route=%2Fwp%2Fv2%2Fcomments&post=5260"}],"version-history":[{"count":0,"href":"https:\/\/atecordoba.org\/index.php?rest_route=\/wp\/v2\/posts\/5260\/revisions"}],"wp:featuredmedia":[{"embeddable":true,"href":"https:\/\/atecordoba.org\/index.php?rest_route=\/wp\/v2\/media\/19220"}],"wp:attachment":[{"href":"https:\/\/atecordoba.org\/index.php?rest_route=%2Fwp%2Fv2%2Fmedia&parent=5260"}],"wp:term":[{"taxonomy":"category","embeddable":true,"href":"https:\/\/atecordoba.org\/index.php?rest_route=%2Fwp%2Fv2%2Fcategories&post=5260"},{"taxonomy":"post_tag","embeddable":true,"href":"https:\/\/atecordoba.org\/index.php?rest_route=%2Fwp%2Fv2%2Ftags&post=5260"}],"curies":[{"name":"wp","href":"https:\/\/api.w.org\/{rel}","templated":true}]}}