{"id":52406,"date":"2026-01-27T10:52:30","date_gmt":"2026-01-27T13:52:30","guid":{"rendered":"https:\/\/atecordoba.org\/?p=52406"},"modified":"2026-01-27T11:46:22","modified_gmt":"2026-01-27T14:46:22","slug":"giuliani-alerto-por-el-record-de-encarcelamiento-en-cordoba-este-modelo-gobierna-con-carcel-y-represion","status":"publish","type":"post","link":"https:\/\/atecordoba.org\/?p=52406","title":{"rendered":"Giuliani alert\u00f3 por el r\u00e9cord de encarcelamiento en C\u00f3rdoba: \u201cUna vez que entr\u00e1s a los contextos de encierro no sab\u00e9s si sal\u00eds vivo\u201d"},"content":{"rendered":"<p data-start=\"274\" data-end=\"660\"><a href=\"https:\/\/atecordoba.org\/wp-content\/uploads\/2026\/01\/Federico-Giuliani.jpg\"><img loading=\"lazy\" decoding=\"async\" class=\"alignnone size-full wp-image-52407\" src=\"https:\/\/atecordoba.org\/wp-content\/uploads\/2026\/01\/Federico-Giuliani.jpg\" alt=\"\" width=\"1024\" height=\"768\" srcset=\"https:\/\/atecordoba.org\/wp-content\/uploads\/2026\/01\/Federico-Giuliani.jpg 1024w, https:\/\/atecordoba.org\/wp-content\/uploads\/2026\/01\/Federico-Giuliani-300x225.jpg 300w, https:\/\/atecordoba.org\/wp-content\/uploads\/2026\/01\/Federico-Giuliani-768x576.jpg 768w, https:\/\/atecordoba.org\/wp-content\/uploads\/2026\/01\/Federico-Giuliani-750x563.jpg 750w\" sizes=\"auto, (max-width: 1024px) 100vw, 1024px\" \/><\/a><\/p>\n<p data-start=\"274\" data-end=\"660\">Desde ATE C\u00f3rdoba expresamos nuestra profunda preocupaci\u00f3n frente a los datos oficiales que ubican a nuestra provincia como la jurisdicci\u00f3n con mayor tasa de personas privadas de la libertad del pa\u00eds. Seg\u00fan el Comit\u00e9 Nacional para la Prevenci\u00f3n de la Tortura (CNPT), C\u00f3rdoba registra <strong data-start=\"558\" data-end=\"608\">377 personas detenidas cada 100 mil habitantes<\/strong>, superando ampliamente el promedio nacional de 258.<\/p>\n<p data-start=\"662\" data-end=\"979\">El informe \u201cLa privaci\u00f3n de la libertad en establecimientos penitenciarios en datos (2024)\u201d revela adem\u00e1s que en la \u00faltima d\u00e9cada la poblaci\u00f3n carcelaria cordobesa <strong data-start=\"826\" data-end=\"840\">se duplic\u00f3<\/strong>, pasando de 6.802 personas detenidas en 2015 a 14.736 en 2024, lo que representa un crecimiento del 116,6%, uno de los m\u00e1s altos del pa\u00eds.<\/p>\n<p data-start=\"981\" data-end=\"1311\">A esto se suma un escenario cr\u00edtico de <strong data-start=\"1020\" data-end=\"1049\">sobrepoblaci\u00f3n carcelaria<\/strong>, con unidades penitenciarias que funcionan al 113,8% de su capacidad, y una situaci\u00f3n procesal alarmante: <strong data-start=\"1156\" data-end=\"1215\">cinco de cada diez personas detenidas no tienen condena<\/strong>, permaneciendo privadas de su libertad a la espera de juicio, por encima del promedio nacional.<\/p>\n<p data-start=\"1313\" data-end=\"1425\">Frente a este panorama, el secretario general de ATE C\u00f3rdoba y CTA Aut\u00f3noma, Federico Giuliani, fue contundente:<\/p>\n<blockquote data-start=\"1427\" data-end=\"1629\">\n<p data-start=\"1429\" data-end=\"1629\">\u201cC\u00f3rdoba vive un verdadero estado de excepci\u00f3n. Te meten preso primero y despu\u00e9s ven si sos culpable. Este modelo no gobierna garantizando derechos, gobierna con c\u00e1rcel, palos y persecuci\u00f3n pol\u00edtica\u201d.<\/p>\n<p data-start=\"189\" data-end=\"567\">\u201cLo que vi adentro del sistema penitenciario cordob\u00e9s es inhumano. Estuve en un pabell\u00f3n donde entre <strong data-start=\"284\" data-end=\"326\">ochenta personas compart\u00edamos dos duchas<\/strong>, sin agua potable, con conexiones el\u00e9ctricas precarias y una alimentaci\u00f3n que <strong data-start=\"405\" data-end=\"435\">ni los animales aceptar\u00edan<\/strong>. Esa realidad no es casualidad: es la expresi\u00f3n de un modelo que <strong data-start=\"501\" data-end=\"564\">criminaliza la pobreza y viola los derechos humanos b\u00e1sicos<\/strong>.<\/p>\n<p data-start=\"574\" data-end=\"826\">Y lo m\u00e1s grave es que <strong data-start=\"596\" data-end=\"655\">el 60% de las personas all\u00ed detenidas no tienen condena<\/strong>, est\u00e1n esperando juicio, muchos de ellos <strong data-start=\"697\" data-end=\"717\">j\u00f3venes y pobres<\/strong>, porque ser pobre en C\u00f3rdoba ahora se castiga con c\u00e1rcel preventiva. Eso no es justicia, es castigo social.\u201d<\/p>\n<\/blockquote>\n<p data-start=\"1631\" data-end=\"2029\">Giuliani remarc\u00f3 que el crecimiento del encarcelamiento no est\u00e1 vinculado a una mejora en la seguridad, sino a una <strong data-start=\"1746\" data-end=\"1815\">decisi\u00f3n pol\u00edtica de criminalizar la pobreza y la protesta social<\/strong>, se\u00f1alando que la mayor\u00eda de las personas privadas de la libertad est\u00e1n acusadas por delitos contra la propiedad, mientras se profundiza el ajuste y se deterioran las condiciones de vida de las y los trabajadores.<\/p>\n<p data-start=\"2031\" data-end=\"2334\">\u201cEl gobierno provincial, con Mart\u00edn Llaryora a la cabeza, responde con represi\u00f3n a los conflictos sociales que genera su propio modelo econ\u00f3mico. En una provincia cada vez m\u00e1s desigual, en lugar de garantizar trabajo, salud, educaci\u00f3n y salarios dignos, eligen ampliar el sistema penitenciario\u201d, afirm\u00f3.<\/p>\n<p data-start=\"2336\" data-end=\"2459\">El dirigente sindical tambi\u00e9n vincul\u00f3 estos datos con su propia experiencia reciente de detenci\u00f3n tras una protesta social:<\/p>\n<blockquote data-start=\"2461\" data-end=\"2801\">\n<p data-start=\"2463\" data-end=\"2801\">\u201cYo mismo fui privado de la libertad por reclamar alimentos para los sectores m\u00e1s postergados. Pas\u00e9 por una c\u00e1rcel com\u00fan, vi el hacinamiento, el abandono sanitario y la deshumanizaci\u00f3n cotidiana. Ah\u00ed adentro hay trabajadores y trabajadoras pobres, no delincuentes peligrosos. Hay un sistema que castiga a quienes sobran para este modelo\u201d.<\/p>\n<\/blockquote>\n<p data-start=\"2803\" data-end=\"3157\">Desde ATE C\u00f3rdoba denunciamos que esta pol\u00edtica de encarcelamiento masivo va de la mano del <strong data-start=\"2895\" data-end=\"3023\">abuso de la prisi\u00f3n preventiva, el deterioro de las condiciones edilicias y la violaci\u00f3n sistem\u00e1tica de los derechos humanos<\/strong>, situaci\u00f3n que incluso motiv\u00f3 una audiencia especial de la Comisi\u00f3n Interamericana de Derechos Humanos sobre las c\u00e1rceles cordobesas.<\/p>\n<p data-start=\"3159\" data-end=\"3188\">Finalmente, Giuliani sostuvo:<\/p>\n<p data-start=\"3190\" data-end=\"3456\">\u201cMientras se ajusta a las y los trabajadores, se vac\u00edan las pol\u00edticas sociales y se persigue a quienes luchan, se llenan las c\u00e1rceles. Nosotros creemos en otra C\u00f3rdoba: con justicia social, con empleo digno y con un Estado que cuide a su pueblo, no que lo encierre\u201d.<\/p>\n<p data-start=\"3458\" data-end=\"3663\">Desde ATE reafirmamos que <strong data-start=\"3484\" data-end=\"3533\">la salida no es m\u00e1s c\u00e1rcel, sino m\u00e1s derechos<\/strong>, y llamamos a fortalecer la organizaci\u00f3n colectiva para enfrentar un modelo que pretende disciplinar al pueblo mediante el miedo.<\/p>\n","protected":false},"excerpt":{"rendered":"<p>Desde ATE C\u00f3rdoba expresamos nuestra profunda preocupaci\u00f3n frente a los datos oficiales que ubican a nuestra provincia como la jurisdicci\u00f3n con mayor tasa de personas privadas de la libertad del pa\u00eds. Seg\u00fan el Comit\u00e9 Nacional para la Prevenci\u00f3n de la Tortura (CNPT), C\u00f3rdoba registra 377 personas detenidas cada 100 mil habitantes, superando ampliamente el promedio [&hellip;]<\/p>\n","protected":false},"author":3,"featured_media":52407,"comment_status":"open","ping_status":"open","sticky":false,"template":"","format":"standard","meta":{"_exactmetrics_skip_tracking":false,"_exactmetrics_sitenote_active":false,"_exactmetrics_sitenote_note":"","_exactmetrics_sitenote_category":0,"jnews-multi-image_gallery":[],"jnews_single_post":{"format":"standard","override":[{"template":"1","parallax":"1","fullscreen":"1","layout":"no-sidebar-narrow","sidebar":"default-sidebar","second_sidebar":"default-sidebar","sticky_sidebar":"1","share_position":"bottom","share_float_style":"share-monocrhome","show_share_counter":"1","show_view_counter":"1","show_post_meta":"1","show_post_author_image":"1","show_post_date":"1","post_date_format":"default","post_date_format_custom":"Y\/m\/d","show_post_category":"1","show_post_reading_time":"0","post_reading_time_wpm":"300","post_calculate_word_method":"str_word_count","show_zoom_button":"0","zoom_button_out_step":"2","zoom_button_in_step":"3","show_post_tag":"1","number_popup_post":"1","show_post_related":"1","show_inline_post_related":"0"}],"image_override":[{"single_post_thumbnail_size":"crop-500","single_post_gallery_size":"crop-500"}],"trending_post_position":"meta","trending_post_label":"Trending","sponsored_post_label":"Sponsored by","disable_ad":"0"},"jnews_primary_category":[],"jnews_social_meta":[],"jnews_review":[],"enable_review":"","type":"percentage","name":"","summary":"","brand":"","sku":"","good":[],"bad":[],"score_override":"","override_value":"","rating":[],"price":[],"jnews_override_counter":{"view_counter_number":"0","share_counter_number":"0","like_counter_number":"0","dislike_counter_number":"0"},"jnews_post_split":{"post_split":[{"template":"1","tag":"h2","numbering":"asc","mode":"normal","first":"0","enable_toc":"0","toc_type":"normal"}]},"footnotes":""},"categories":[10],"tags":[],"class_list":["post-52406","post","type-post","status-publish","format-standard","has-post-thumbnail","hentry","category-accion-politica"],"jetpack_featured_media_url":"https:\/\/atecordoba.org\/wp-content\/uploads\/2026\/01\/Federico-Giuliani.jpg","_links":{"self":[{"href":"https:\/\/atecordoba.org\/index.php?rest_route=\/wp\/v2\/posts\/52406","targetHints":{"allow":["GET"]}}],"collection":[{"href":"https:\/\/atecordoba.org\/index.php?rest_route=\/wp\/v2\/posts"}],"about":[{"href":"https:\/\/atecordoba.org\/index.php?rest_route=\/wp\/v2\/types\/post"}],"author":[{"embeddable":true,"href":"https:\/\/atecordoba.org\/index.php?rest_route=\/wp\/v2\/users\/3"}],"replies":[{"embeddable":true,"href":"https:\/\/atecordoba.org\/index.php?rest_route=%2Fwp%2Fv2%2Fcomments&post=52406"}],"version-history":[{"count":5,"href":"https:\/\/atecordoba.org\/index.php?rest_route=\/wp\/v2\/posts\/52406\/revisions"}],"predecessor-version":[{"id":52413,"href":"https:\/\/atecordoba.org\/index.php?rest_route=\/wp\/v2\/posts\/52406\/revisions\/52413"}],"wp:featuredmedia":[{"embeddable":true,"href":"https:\/\/atecordoba.org\/index.php?rest_route=\/wp\/v2\/media\/52407"}],"wp:attachment":[{"href":"https:\/\/atecordoba.org\/index.php?rest_route=%2Fwp%2Fv2%2Fmedia&parent=52406"}],"wp:term":[{"taxonomy":"category","embeddable":true,"href":"https:\/\/atecordoba.org\/index.php?rest_route=%2Fwp%2Fv2%2Fcategories&post=52406"},{"taxonomy":"post_tag","embeddable":true,"href":"https:\/\/atecordoba.org\/index.php?rest_route=%2Fwp%2Fv2%2Ftags&post=52406"}],"curies":[{"name":"wp","href":"https:\/\/api.w.org\/{rel}","templated":true}]}}