{"id":52397,"date":"2026-01-26T14:50:20","date_gmt":"2026-01-26T17:50:20","guid":{"rendered":"https:\/\/atecordoba.org\/?p=52397"},"modified":"2026-01-26T14:54:48","modified_gmt":"2026-01-26T17:54:48","slug":"ate-migraciones-presento-nota-en-aa2000-solicitando-estacionamiento-seguro-para-las-y-los-trabajadores-del-aeropuerto-cordoba","status":"publish","type":"post","link":"https:\/\/atecordoba.org\/?p=52397","title":{"rendered":"ATE Migraciones present\u00f3 nota en AA2000 solicitando estacionamiento seguro para las y los trabajadores del Aeropuerto C\u00f3rdoba"},"content":{"rendered":"<p data-start=\"230\" data-end=\"665\"><a href=\"https:\/\/atecordoba.org\/wp-content\/uploads\/2026\/01\/la-granizada-que-causo-destrozos-en-el-aeropuerto-de-cordoba-BFARPQWTLNEGTA72MEQZFI5FWQ.avif\"><img loading=\"lazy\" decoding=\"async\" class=\"alignnone size-full wp-image-52399\" src=\"https:\/\/atecordoba.org\/wp-content\/uploads\/2026\/01\/la-granizada-que-causo-destrozos-en-el-aeropuerto-de-cordoba-BFARPQWTLNEGTA72MEQZFI5FWQ.avif\" alt=\"\" width=\"767\" height=\"431\" srcset=\"https:\/\/atecordoba.org\/wp-content\/uploads\/2026\/01\/la-granizada-que-causo-destrozos-en-el-aeropuerto-de-cordoba-BFARPQWTLNEGTA72MEQZFI5FWQ.avif 767w, https:\/\/atecordoba.org\/wp-content\/uploads\/2026\/01\/la-granizada-que-causo-destrozos-en-el-aeropuerto-de-cordoba-BFARPQWTLNEGTA72MEQZFI5FWQ-300x169.avif 300w, https:\/\/atecordoba.org\/wp-content\/uploads\/2026\/01\/la-granizada-que-causo-destrozos-en-el-aeropuerto-de-cordoba-BFARPQWTLNEGTA72MEQZFI5FWQ-750x421.avif 750w\" sizes=\"auto, (max-width: 767px) 100vw, 767px\" \/><\/a><\/p>\n<p data-start=\"230\" data-end=\"665\">Desde ATE C\u00f3rdoba, a trav\u00e9s de su Consejo Directivo Provincial y de su delegada <strong>Daniela Sarmiento<\/strong>, presentamos en el d\u00eda de hoy una nota formal ante <strong data-start=\"344\" data-end=\"383\">Aeropuertos Argentina 2000 (AA2000)<\/strong>, solicitando la asignaci\u00f3n de entre diez y quince espacios de <strong data-start=\"446\" data-end=\"491\">estacionamiento seguro con techo de chapa<\/strong> dentro del Aeropuerto Internacional Ingeniero Ambrosio Taravella, destinados al personal de la Direcci\u00f3n Nacional de Migraciones que cumple funciones en ese establecimiento.<\/p>\n<p data-start=\"230\" data-end=\"665\"><a href=\"https:\/\/atecordoba.org\/wp-content\/uploads\/2026\/01\/77ZVR5O4VBGBFASBIIJCCJTEWU.avif\"><img loading=\"lazy\" decoding=\"async\" class=\"alignnone wp-image-52398 size-medium\" src=\"https:\/\/atecordoba.org\/wp-content\/uploads\/2026\/01\/77ZVR5O4VBGBFASBIIJCCJTEWU-300x169.avif\" alt=\"\" width=\"300\" height=\"169\" srcset=\"https:\/\/atecordoba.org\/wp-content\/uploads\/2026\/01\/77ZVR5O4VBGBFASBIIJCCJTEWU-300x169.avif 300w, https:\/\/atecordoba.org\/wp-content\/uploads\/2026\/01\/77ZVR5O4VBGBFASBIIJCCJTEWU-1024x576.avif 1024w, https:\/\/atecordoba.org\/wp-content\/uploads\/2026\/01\/77ZVR5O4VBGBFASBIIJCCJTEWU-768x432.avif 768w, https:\/\/atecordoba.org\/wp-content\/uploads\/2026\/01\/77ZVR5O4VBGBFASBIIJCCJTEWU-1536x864.avif 1536w, https:\/\/atecordoba.org\/wp-content\/uploads\/2026\/01\/77ZVR5O4VBGBFASBIIJCCJTEWU-750x422.avif 750w, https:\/\/atecordoba.org\/wp-content\/uploads\/2026\/01\/77ZVR5O4VBGBFASBIIJCCJTEWU-1140x641.avif 1140w, https:\/\/atecordoba.org\/wp-content\/uploads\/2026\/01\/77ZVR5O4VBGBFASBIIJCCJTEWU.avif 1600w\" sizes=\"auto, (max-width: 300px) 100vw, 300px\" \/><\/a> <a href=\"https:\/\/atecordoba.org\/wp-content\/uploads\/2026\/01\/destrozos-tormenta-ano-nuevo-L5L7M66RMJCHDMMRZG4HMBTEVY.avif\"><img loading=\"lazy\" decoding=\"async\" class=\"alignnone wp-image-52400 size-medium\" src=\"https:\/\/atecordoba.org\/wp-content\/uploads\/2026\/01\/destrozos-tormenta-ano-nuevo-L5L7M66RMJCHDMMRZG4HMBTEVY-300x169.avif\" alt=\"\" width=\"300\" height=\"169\" srcset=\"https:\/\/atecordoba.org\/wp-content\/uploads\/2026\/01\/destrozos-tormenta-ano-nuevo-L5L7M66RMJCHDMMRZG4HMBTEVY-300x169.avif 300w, https:\/\/atecordoba.org\/wp-content\/uploads\/2026\/01\/destrozos-tormenta-ano-nuevo-L5L7M66RMJCHDMMRZG4HMBTEVY-750x422.avif 750w, https:\/\/atecordoba.org\/wp-content\/uploads\/2026\/01\/destrozos-tormenta-ano-nuevo-L5L7M66RMJCHDMMRZG4HMBTEVY.avif 767w\" sizes=\"auto, (max-width: 300px) 100vw, 300px\" \/><\/a><\/p>\n<p data-start=\"667\" data-end=\"1108\">La solicitud surge a partir de los recientes acontecimientos clim\u00e1ticos que provocaron da\u00f1os en veh\u00edculos particulares de trabajadoras y trabajadores que prestan servicio diariamente en el aeropuerto. Frente a esta situaci\u00f3n, desde ATE exigimos medidas preventivas concretas que garanticen condiciones laborales dignas y seguras, teniendo en cuenta que son numerosas las y los compa\u00f1eros afiliados que realizan guardias de manera permanente.<\/p>\n<p data-start=\"1110\" data-end=\"1512\">Desde nuestra organizaci\u00f3n sindical remarcamos que no se trata de un privilegio, sino de una necesidad b\u00e1sica vinculada al cuidado del salario indirecto y la integridad de las y los trabajadores. Seguiremos impulsando gestiones y acciones colectivas para que se d\u00e9 una pronta respuesta a este reclamo, porque una vez m\u00e1s reafirmamos que <strong data-start=\"1447\" data-end=\"1511\">los derechos se defienden con organizaci\u00f3n y lucha colectiva<\/strong>.<\/p>\n<p data-start=\"1110\" data-end=\"1512\">\n<p data-start=\"1110\" data-end=\"1512\"><a href=\"https:\/\/atecordoba.org\/wp-content\/uploads\/2026\/01\/WhatsApp-Image-2026-01-26-at-14.11.46.jpeg\"><img loading=\"lazy\" decoding=\"async\" class=\"alignnone wp-image-52404 size-large\" src=\"https:\/\/atecordoba.org\/wp-content\/uploads\/2026\/01\/WhatsApp-Image-2026-01-26-at-14.11.46-576x1024.jpeg\" alt=\"\" width=\"576\" height=\"1024\" srcset=\"https:\/\/atecordoba.org\/wp-content\/uploads\/2026\/01\/WhatsApp-Image-2026-01-26-at-14.11.46-576x1024.jpeg 576w, https:\/\/atecordoba.org\/wp-content\/uploads\/2026\/01\/WhatsApp-Image-2026-01-26-at-14.11.46-169x300.jpeg 169w, https:\/\/atecordoba.org\/wp-content\/uploads\/2026\/01\/WhatsApp-Image-2026-01-26-at-14.11.46-768x1365.jpeg 768w, https:\/\/atecordoba.org\/wp-content\/uploads\/2026\/01\/WhatsApp-Image-2026-01-26-at-14.11.46-864x1536.jpeg 864w, https:\/\/atecordoba.org\/wp-content\/uploads\/2026\/01\/WhatsApp-Image-2026-01-26-at-14.11.46-750x1333.jpeg 750w, https:\/\/atecordoba.org\/wp-content\/uploads\/2026\/01\/WhatsApp-Image-2026-01-26-at-14.11.46.jpeg 900w\" sizes=\"auto, (max-width: 576px) 100vw, 576px\" \/><\/a><\/p>\n","protected":false},"excerpt":{"rendered":"<p>Desde ATE C\u00f3rdoba, a trav\u00e9s de su Consejo Directivo Provincial y de su delegada Daniela Sarmiento, presentamos en el d\u00eda de hoy una nota formal ante Aeropuertos Argentina 2000 (AA2000), solicitando la asignaci\u00f3n de entre diez y quince espacios de estacionamiento seguro con techo de chapa dentro del Aeropuerto Internacional Ingeniero Ambrosio Taravella, destinados al [&hellip;]<\/p>\n","protected":false},"author":3,"featured_media":52399,"comment_status":"open","ping_status":"open","sticky":false,"template":"","format":"standard","meta":{"_exactmetrics_skip_tracking":false,"_exactmetrics_sitenote_active":false,"_exactmetrics_sitenote_note":"","_exactmetrics_sitenote_category":0,"jnews-multi-image_gallery":[],"jnews_single_post":{"format":"standard","override":[{"template":"1","parallax":"1","fullscreen":"1","layout":"no-sidebar-narrow","sidebar":"default-sidebar","second_sidebar":"default-sidebar","sticky_sidebar":"1","share_position":"bottom","share_float_style":"share-monocrhome","show_share_counter":"1","show_view_counter":"1","show_post_meta":"1","show_post_author_image":"1","show_post_date":"1","post_date_format":"default","post_date_format_custom":"Y\/m\/d","show_post_category":"1","show_post_reading_time":"0","post_reading_time_wpm":"300","post_calculate_word_method":"str_word_count","show_zoom_button":"0","zoom_button_out_step":"2","zoom_button_in_step":"3","show_post_tag":"1","number_popup_post":"1","show_post_related":"1","show_inline_post_related":"0"}],"image_override":[{"single_post_thumbnail_size":"crop-500","single_post_gallery_size":"crop-500"}],"trending_post_position":"meta","trending_post_label":"Trending","sponsored_post_label":"Sponsored by","disable_ad":"0"},"jnews_primary_category":[],"jnews_social_meta":[],"jnews_review":[],"enable_review":"","type":"percentage","name":"","summary":"","brand":"","sku":"","good":[],"bad":[],"score_override":"","override_value":"","rating":[],"price":[],"jnews_override_counter":{"view_counter_number":"0","share_counter_number":"0","like_counter_number":"0","dislike_counter_number":"0"},"jnews_post_split":{"post_split":[{"template":"1","tag":"h2","numbering":"asc","mode":"normal","first":"0","enable_toc":"0","toc_type":"normal"}]},"footnotes":""},"categories":[18],"tags":[],"class_list":["post-52397","post","type-post","status-publish","format-standard","has-post-thumbnail","hentry","category-nacionales"],"jetpack_featured_media_url":"https:\/\/atecordoba.org\/wp-content\/uploads\/2026\/01\/la-granizada-que-causo-destrozos-en-el-aeropuerto-de-cordoba-BFARPQWTLNEGTA72MEQZFI5FWQ.avif","_links":{"self":[{"href":"https:\/\/atecordoba.org\/index.php?rest_route=\/wp\/v2\/posts\/52397","targetHints":{"allow":["GET"]}}],"collection":[{"href":"https:\/\/atecordoba.org\/index.php?rest_route=\/wp\/v2\/posts"}],"about":[{"href":"https:\/\/atecordoba.org\/index.php?rest_route=\/wp\/v2\/types\/post"}],"author":[{"embeddable":true,"href":"https:\/\/atecordoba.org\/index.php?rest_route=\/wp\/v2\/users\/3"}],"replies":[{"embeddable":true,"href":"https:\/\/atecordoba.org\/index.php?rest_route=%2Fwp%2Fv2%2Fcomments&post=52397"}],"version-history":[{"count":3,"href":"https:\/\/atecordoba.org\/index.php?rest_route=\/wp\/v2\/posts\/52397\/revisions"}],"predecessor-version":[{"id":52405,"href":"https:\/\/atecordoba.org\/index.php?rest_route=\/wp\/v2\/posts\/52397\/revisions\/52405"}],"wp:featuredmedia":[{"embeddable":true,"href":"https:\/\/atecordoba.org\/index.php?rest_route=\/wp\/v2\/media\/52399"}],"wp:attachment":[{"href":"https:\/\/atecordoba.org\/index.php?rest_route=%2Fwp%2Fv2%2Fmedia&parent=52397"}],"wp:term":[{"taxonomy":"category","embeddable":true,"href":"https:\/\/atecordoba.org\/index.php?rest_route=%2Fwp%2Fv2%2Fcategories&post=52397"},{"taxonomy":"post_tag","embeddable":true,"href":"https:\/\/atecordoba.org\/index.php?rest_route=%2Fwp%2Fv2%2Ftags&post=52397"}],"curies":[{"name":"wp","href":"https:\/\/api.w.org\/{rel}","templated":true}]}}