{"id":52379,"date":"2026-01-23T13:16:46","date_gmt":"2026-01-23T16:16:46","guid":{"rendered":"https:\/\/atecordoba.org\/?p=52379"},"modified":"2026-01-23T13:25:00","modified_gmt":"2026-01-23T16:25:00","slug":"ate-cordoba-realizo-un-concurrido-encuentro-de-salud-con-eje-en-la-defensa-del-derecho-a-la-atencion-sanitaria","status":"publish","type":"post","link":"https:\/\/atecordoba.org\/?p=52379","title":{"rendered":"ATE C\u00f3rdoba realiz\u00f3 un concurrido encuentro de salud con eje en la defensa del derecho a la atenci\u00f3n sanitaria"},"content":{"rendered":"\n<figure class=\"wp-block-image size-large\"><img loading=\"lazy\" decoding=\"async\" width=\"472\" height=\"1024\" src=\"https:\/\/atecordoba.org\/wp-content\/uploads\/2026\/01\/img-20260123-wa00572869367248207416790-472x1024.jpg\" alt=\"\" class=\"wp-image-52385\" srcset=\"https:\/\/atecordoba.org\/wp-content\/uploads\/2026\/01\/img-20260123-wa00572869367248207416790-472x1024.jpg 472w, https:\/\/atecordoba.org\/wp-content\/uploads\/2026\/01\/img-20260123-wa00572869367248207416790-138x300.jpg 138w, https:\/\/atecordoba.org\/wp-content\/uploads\/2026\/01\/img-20260123-wa00572869367248207416790-708x1536.jpg 708w, https:\/\/atecordoba.org\/wp-content\/uploads\/2026\/01\/img-20260123-wa00572869367248207416790.jpg 738w\" sizes=\"auto, (max-width: 472px) 100vw, 472px\" \/><\/figure>\n\n\n\n<p>En el d\u00eda de hoy, la Asociaci\u00f3n Trabajadores del Estado (ATE) C\u00f3rdoba llev\u00f3 adelante un Encuentro de Salud en modalidad virtual, que cont\u00f3 con una amplia convocatoria de trabajadoras y trabajadores estatales de distintos organismos y sectores. <strong>El espacio fue impulsado por el Consejo Directivo Provincial<\/strong> como una instancia de informaci\u00f3n, debate y organizaci\u00f3n colectiva frente a los <strong>avances contra el derecho a la salud y las pr\u00e1cticas discriminatorias<\/strong> impulsadas por la Obra Social Uni\u00f3n Personal (UP). Durante el encuentro se abordaron los aspectos pol\u00edticos, sanitarios y jur\u00eddicos de la situaci\u00f3n actual, con <strong>exposiciones de Federico Giuliani, Mariela Lozano, Malena Berger y Luciano Gonz\u00e1lez Etkin.<\/strong><br>Desde ATE se reafirm\u00f3 que la salud no es un privilegio ni una mercanc\u00eda, sino un derecho humano fundamental, y que su defensa es parte central de la lucha sindical. En ese marco, se inform\u00f3 que todas las consultas, denuncias y situaciones vinculadas a la obra social UP <strong>ser\u00e1n receptadas al correo electr\u00f3nico: <\/strong><strong><em>mafalo291075@gmail.com<\/em><\/strong><strong>,<\/strong> con el objetivo de acompa\u00f1ar y canalizar los reclamos de las y los trabajadores afectados.<\/p>\n\n\n\n<figure class=\"wp-block-image size-large\"><img loading=\"lazy\" decoding=\"async\" width=\"819\" height=\"1024\" src=\"https:\/\/atecordoba.org\/wp-content\/uploads\/2026\/01\/img-20260123-wa00562668841401762771576-819x1024.jpg\" alt=\"\" class=\"wp-image-52381\" srcset=\"https:\/\/atecordoba.org\/wp-content\/uploads\/2026\/01\/img-20260123-wa00562668841401762771576-819x1024.jpg 819w, https:\/\/atecordoba.org\/wp-content\/uploads\/2026\/01\/img-20260123-wa00562668841401762771576-240x300.jpg 240w, https:\/\/atecordoba.org\/wp-content\/uploads\/2026\/01\/img-20260123-wa00562668841401762771576-768x960.jpg 768w, https:\/\/atecordoba.org\/wp-content\/uploads\/2026\/01\/img-20260123-wa00562668841401762771576-750x938.jpg 750w, https:\/\/atecordoba.org\/wp-content\/uploads\/2026\/01\/img-20260123-wa00562668841401762771576.jpg 1080w\" sizes=\"auto, (max-width: 819px) 100vw, 819px\" \/><\/figure>\n\n\n\n<p>ATE continuar\u00e1 impulsando estos espacios colectivos, convencidos y convencidas de que solo con organizaci\u00f3n, informaci\u00f3n y unidad se defienden los derechos conquistados.<\/p>\n\n\n\n<figure class=\"wp-block-image size-large\"><img loading=\"lazy\" decoding=\"async\" width=\"1024\" height=\"576\" src=\"https:\/\/atecordoba.org\/wp-content\/uploads\/2026\/01\/whatsapp-image-2023-11-21-at-9382762749188958507-1024x576.jpeg\" alt=\"\" class=\"wp-image-52382\" srcset=\"https:\/\/atecordoba.org\/wp-content\/uploads\/2026\/01\/whatsapp-image-2023-11-21-at-9382762749188958507-1024x576.jpeg 1024w, https:\/\/atecordoba.org\/wp-content\/uploads\/2026\/01\/whatsapp-image-2023-11-21-at-9382762749188958507-300x169.jpeg 300w, https:\/\/atecordoba.org\/wp-content\/uploads\/2026\/01\/whatsapp-image-2023-11-21-at-9382762749188958507-768x432.jpeg 768w, https:\/\/atecordoba.org\/wp-content\/uploads\/2026\/01\/whatsapp-image-2023-11-21-at-9382762749188958507-1536x864.jpeg 1536w, https:\/\/atecordoba.org\/wp-content\/uploads\/2026\/01\/whatsapp-image-2023-11-21-at-9382762749188958507-750x422.jpeg 750w, https:\/\/atecordoba.org\/wp-content\/uploads\/2026\/01\/whatsapp-image-2023-11-21-at-9382762749188958507-1140x641.jpeg 1140w, https:\/\/atecordoba.org\/wp-content\/uploads\/2026\/01\/whatsapp-image-2023-11-21-at-9382762749188958507.jpeg 1600w\" sizes=\"auto, (max-width: 1024px) 100vw, 1024px\" \/><\/figure>\n","protected":false},"excerpt":{"rendered":"<p>En el d\u00eda de hoy, la Asociaci\u00f3n Trabajadores del Estado (ATE) C\u00f3rdoba llev\u00f3 adelante un Encuentro de Salud en modalidad virtual, que cont\u00f3 con una amplia convocatoria de trabajadoras y trabajadores estatales de distintos organismos y sectores. El espacio fue impulsado por el Consejo Directivo Provincial como una instancia de informaci\u00f3n, debate y organizaci\u00f3n colectiva [&hellip;]<\/p>\n","protected":false},"author":3,"featured_media":52386,"comment_status":"open","ping_status":"open","sticky":false,"template":"","format":"standard","meta":{"_exactmetrics_skip_tracking":false,"_exactmetrics_sitenote_active":false,"_exactmetrics_sitenote_note":"","_exactmetrics_sitenote_category":0,"jnews-multi-image_gallery":[],"jnews_single_post":[],"jnews_primary_category":[],"jnews_social_meta":[],"jnews_review":[],"enable_review":"","type":"","name":"","summary":"","brand":"","sku":"","good":[],"bad":[],"score_override":"","override_value":"","rating":[],"price":[],"jnews_override_counter":[],"jnews_post_split":[],"footnotes":""},"categories":[10,957],"tags":[],"class_list":["post-52379","post","type-post","status-publish","format-standard","has-post-thumbnail","hentry","category-accion-politica","category-salud"],"jetpack_featured_media_url":"https:\/\/atecordoba.org\/wp-content\/uploads\/2026\/01\/IMG-20260123-WA0057.jpg","_links":{"self":[{"href":"https:\/\/atecordoba.org\/index.php?rest_route=\/wp\/v2\/posts\/52379","targetHints":{"allow":["GET"]}}],"collection":[{"href":"https:\/\/atecordoba.org\/index.php?rest_route=\/wp\/v2\/posts"}],"about":[{"href":"https:\/\/atecordoba.org\/index.php?rest_route=\/wp\/v2\/types\/post"}],"author":[{"embeddable":true,"href":"https:\/\/atecordoba.org\/index.php?rest_route=\/wp\/v2\/users\/3"}],"replies":[{"embeddable":true,"href":"https:\/\/atecordoba.org\/index.php?rest_route=%2Fwp%2Fv2%2Fcomments&post=52379"}],"version-history":[{"count":4,"href":"https:\/\/atecordoba.org\/index.php?rest_route=\/wp\/v2\/posts\/52379\/revisions"}],"predecessor-version":[{"id":52387,"href":"https:\/\/atecordoba.org\/index.php?rest_route=\/wp\/v2\/posts\/52379\/revisions\/52387"}],"wp:featuredmedia":[{"embeddable":true,"href":"https:\/\/atecordoba.org\/index.php?rest_route=\/wp\/v2\/media\/52386"}],"wp:attachment":[{"href":"https:\/\/atecordoba.org\/index.php?rest_route=%2Fwp%2Fv2%2Fmedia&parent=52379"}],"wp:term":[{"taxonomy":"category","embeddable":true,"href":"https:\/\/atecordoba.org\/index.php?rest_route=%2Fwp%2Fv2%2Fcategories&post=52379"},{"taxonomy":"post_tag","embeddable":true,"href":"https:\/\/atecordoba.org\/index.php?rest_route=%2Fwp%2Fv2%2Ftags&post=52379"}],"curies":[{"name":"wp","href":"https:\/\/api.w.org\/{rel}","templated":true}]}}