{"id":52371,"date":"2026-01-22T10:10:25","date_gmt":"2026-01-22T13:10:25","guid":{"rendered":"https:\/\/atecordoba.org\/?p=52371"},"modified":"2026-01-22T12:17:08","modified_gmt":"2026-01-22T15:17:08","slug":"una-familia-tipo-necesito-en-diciembre-2-136-860-para-cubrir-las-necesidades-minimas","status":"publish","type":"post","link":"https:\/\/atecordoba.org\/?p=52371","title":{"rendered":"Una familia tipo necesit\u00f3 en diciembre $2.136.860 para cubrir las necesidades m\u00ednimas"},"content":{"rendered":"<header class=\"entry-header\">\n<div class=\"entry-meta\"><\/div>\n<\/header>\n<div class=\"entry-thumb\"><img loading=\"lazy\" decoding=\"async\" class=\"attachment-full size-full wp-post-image\" src=\"https:\/\/ctaacordoba.org\/wp-content\/uploads\/2026\/01\/WhatsApp-Image-2026-01-21-at-09.10.12-819x1024-1.jpeg\" sizes=\"auto, (max-width: 819px) 100vw, 819px\" srcset=\"https:\/\/ctaacordoba.org\/wp-content\/uploads\/2026\/01\/WhatsApp-Image-2026-01-21-at-09.10.12-819x1024-1.jpeg 819w, https:\/\/ctaacordoba.org\/wp-content\/uploads\/2026\/01\/WhatsApp-Image-2026-01-21-at-09.10.12-819x1024-1-240x300.jpeg 240w, https:\/\/ctaacordoba.org\/wp-content\/uploads\/2026\/01\/WhatsApp-Image-2026-01-21-at-09.10.12-819x1024-1-768x960.jpeg 768w\" alt=\"\" width=\"819\" height=\"1024\" \/><\/div>\n<div class=\"entry-content\">\n<p><em>Un hogar en el Gran Buenos Aires constituido por una pareja de 35 a\u00f1os con dos hijos en edad escolar necesit\u00f3, en diciembre de 2025, $2.136.860 para satisfacer sus necesidades m\u00ednimas. Este valor se compone de $729.753 necesarios para adquirir una Canasta Alimentaria M\u00ednima y de $1.407.107 para acceder a otros bienes y servicios b\u00e1sicos. \u00a0El mismo c\u00e1lculo para la Regi\u00f3n Pampeana -que integra la provincia de C\u00f3rdoba alcanza la suma de $1.960.891.<\/em><\/p>\n<div class=\"x14z9mp xat24cr x1lziwak x1vvkbs xtlvy1s x126k92a\">\n<div dir=\"auto\">Las canastas utilizadas para este ejercicio no son las utilizadas por el INDEC para la medici\u00f3n de la pobreza, que en diciembre 2025 -la \u00faltima actualizaci\u00f3n a la fecha- lleg\u00f3 a $1.308.713 para una familia de 4 integrantes, sino que son las llamadas \u201cCanastas de Consumos M\u00ednimos\u201d y surgieron como propuesta metodol\u00f3gica innovadora en el INDEC, aunque todav\u00eda no se han aplicado en las mediciones oficiales.<\/div>\n<div dir=\"auto\"><\/div>\n<div dir=\"auto\">Por tanto, ning\u00fan trabajador deber\u00eda ganar -de bolsillo- menos que el valor calculado en este ejercicio .<\/div>\n<\/div>\n<p><img loading=\"lazy\" decoding=\"async\" class=\"alignnone size-medium wp-image-111370\" src=\"http:\/\/ctaacordoba.org\/wp-content\/uploads\/2026\/01\/WhatsApp-Image-2026-01-21-at-09.10.12-1-819x1024-1-240x300.jpeg\" sizes=\"auto, (max-width: 240px) 100vw, 240px\" srcset=\"https:\/\/ctaacordoba.org\/wp-content\/uploads\/2026\/01\/WhatsApp-Image-2026-01-21-at-09.10.12-1-819x1024-1-240x300.jpeg 240w, https:\/\/ctaacordoba.org\/wp-content\/uploads\/2026\/01\/WhatsApp-Image-2026-01-21-at-09.10.12-1-819x1024-1-768x960.jpeg 768w, https:\/\/ctaacordoba.org\/wp-content\/uploads\/2026\/01\/WhatsApp-Image-2026-01-21-at-09.10.12-1-819x1024-1.jpeg 819w\" alt=\"\" width=\"240\" height=\"300\" \/><\/p>\n<p><strong>Regi\u00f3n Pampeana:<\/strong>\u00a0<em>Santa Fe, C\u00f3rdoba, Entre R\u00edos, La Pampa, Buenos Aires (excepto partidos del Gran Buenos Aires) una familia tipo necesit\u00f3 en el mes de diciembre de 2025 $1.960.891 para satisfacer sus necesidades de bienes y servicios b\u00e1sicos.\u00a0<\/em><\/p>\n<div dir=\"auto\"><span class=\"html-span xexx8yu xyri2b x18d9i69 x1c1uobl x1hl2dhg x16tdsg8 x1vvkbs x3nfvp2 x1j61x8r x1fcty0u xdj266r xat24cr xm2jcoa x1mpyi22 xxymvpz xlup9mm x1kky2od\"><img loading=\"lazy\" decoding=\"async\" class=\"xz74otr x15mokao x1ga7v0g x16uus16 xbiv7yw\" src=\"https:\/\/static.xx.fbcdn.net\/images\/emoji.php\/v9\/t6e\/1\/16\/1f534.png\" alt=\"\" width=\"16\" height=\"16\" \/><\/span>Exigimos:<\/div>\n<div dir=\"auto\"><\/div>\n<div dir=\"auto\"><span class=\"html-span xexx8yu xyri2b x18d9i69 x1c1uobl x1hl2dhg x16tdsg8 x1vvkbs x3nfvp2 x1j61x8r x1fcty0u xdj266r xat24cr xm2jcoa x1mpyi22 xxymvpz xlup9mm x1kky2od\"><img loading=\"lazy\" decoding=\"async\" class=\"xz74otr x15mokao x1ga7v0g x16uus16 xbiv7yw\" src=\"https:\/\/static.xx.fbcdn.net\/images\/emoji.php\/v9\/t72\/1\/16\/1f538.png\" alt=\"\" width=\"16\" height=\"16\" \/><\/span>\u00a0Reapertura de paritarias sin techo<\/div>\n<div dir=\"auto\"><span class=\"html-span xexx8yu xyri2b x18d9i69 x1c1uobl x1hl2dhg x16tdsg8 x1vvkbs x3nfvp2 x1j61x8r x1fcty0u xdj266r xat24cr xm2jcoa x1mpyi22 xxymvpz xlup9mm x1kky2od\"><img loading=\"lazy\" decoding=\"async\" class=\"xz74otr x15mokao x1ga7v0g x16uus16 xbiv7yw\" src=\"https:\/\/static.xx.fbcdn.net\/images\/emoji.php\/v9\/t72\/1\/16\/1f538.png\" alt=\"\" width=\"16\" height=\"16\" \/><\/span>Aumento de emergencia que recomponga la p\u00e9rdida salarial acumulada del 52% durante el gobierno de LLA.<\/div>\n<div dir=\"auto\"><span class=\"html-span xexx8yu xyri2b x18d9i69 x1c1uobl x1hl2dhg x16tdsg8 x1vvkbs x3nfvp2 x1j61x8r x1fcty0u xdj266r xat24cr xm2jcoa x1mpyi22 xxymvpz xlup9mm x1kky2od\"><img loading=\"lazy\" decoding=\"async\" class=\"xz74otr x15mokao x1ga7v0g x16uus16 xbiv7yw\" src=\"https:\/\/static.xx.fbcdn.net\/images\/emoji.php\/v9\/t72\/1\/16\/1f538.png\" alt=\"\" width=\"16\" height=\"16\" \/><\/span>Planta permanente para todxs<\/div>\n<div dir=\"auto\"><span class=\"html-span xexx8yu xyri2b x18d9i69 x1c1uobl x1hl2dhg x16tdsg8 x1vvkbs x3nfvp2 x1j61x8r x1fcty0u xdj266r xat24cr xm2jcoa x1mpyi22 xxymvpz xlup9mm x1kky2od\"><img loading=\"lazy\" decoding=\"async\" class=\"xz74otr x15mokao x1ga7v0g x16uus16 xbiv7yw\" src=\"https:\/\/static.xx.fbcdn.net\/images\/emoji.php\/v9\/t72\/1\/16\/1f538.png\" alt=\"\" width=\"16\" height=\"16\" \/><\/span>Prohibici\u00f3n de despidos y reincorporaci\u00f3n de las y los despedidos.<\/div>\n<div dir=\"auto\"><span class=\"html-span xexx8yu xyri2b x18d9i69 x1c1uobl x1hl2dhg x16tdsg8 x1vvkbs x3nfvp2 x1j61x8r x1fcty0u xdj266r xat24cr xm2jcoa x1mpyi22 xxymvpz xlup9mm x1kky2od\"><img loading=\"lazy\" decoding=\"async\" class=\"xz74otr x15mokao x1ga7v0g x16uus16 xbiv7yw\" src=\"https:\/\/static.xx.fbcdn.net\/images\/emoji.php\/v9\/t72\/1\/16\/1f538.png\" alt=\"\" width=\"16\" height=\"16\" \/><\/span>Ning\u00fan salario ni jubilaci\u00f3n por debajo de la l\u00ednea de pobreza.<\/div>\n<div dir=\"auto\"><\/div>\n<div dir=\"auto\">Fuente: Junta Interna ATE-INDEC<\/div>\n<\/div>\n","protected":false},"excerpt":{"rendered":"<p>Un hogar en el Gran Buenos Aires constituido por una pareja de 35 a\u00f1os con dos hijos en edad escolar necesit\u00f3, en diciembre de 2025, $2.136.860 para satisfacer sus necesidades m\u00ednimas. Este valor se compone de $729.753 necesarios para adquirir una Canasta Alimentaria M\u00ednima y de $1.407.107 para acceder a otros bienes y servicios b\u00e1sicos. [&hellip;]<\/p>\n","protected":false},"author":3,"featured_media":52372,"comment_status":"open","ping_status":"open","sticky":false,"template":"","format":"standard","meta":{"_exactmetrics_skip_tracking":false,"_exactmetrics_sitenote_active":false,"_exactmetrics_sitenote_note":"","_exactmetrics_sitenote_category":0,"jnews-multi-image_gallery":[],"jnews_single_post":{"format":"standard","override":[{"template":"1","parallax":"1","fullscreen":"1","layout":"no-sidebar-narrow","sidebar":"default-sidebar","second_sidebar":"default-sidebar","sticky_sidebar":"1","share_position":"bottom","share_float_style":"share-monocrhome","show_share_counter":"1","show_view_counter":"1","show_post_meta":"1","show_post_author_image":"1","show_post_date":"1","post_date_format":"default","post_date_format_custom":"Y\/m\/d","show_post_category":"1","show_post_reading_time":"0","post_reading_time_wpm":"300","post_calculate_word_method":"str_word_count","show_zoom_button":"0","zoom_button_out_step":"2","zoom_button_in_step":"3","show_post_tag":"1","number_popup_post":"1","show_post_related":"1","show_inline_post_related":"0"}],"image_override":[{"single_post_thumbnail_size":"crop-500","single_post_gallery_size":"crop-500"}],"trending_post_position":"meta","trending_post_label":"Trending","sponsored_post_label":"Sponsored by","disable_ad":"0"},"jnews_primary_category":[],"jnews_social_meta":[],"jnews_review":[],"enable_review":"","type":"percentage","name":"","summary":"","brand":"","sku":"","good":[],"bad":[],"score_override":"","override_value":"","rating":[],"price":[],"jnews_override_counter":{"view_counter_number":"0","share_counter_number":"0","like_counter_number":"0","dislike_counter_number":"0"},"jnews_post_split":{"post_split":[{"template":"1","tag":"h2","numbering":"asc","mode":"normal","first":"0","enable_toc":"0","toc_type":"normal"}]},"footnotes":""},"categories":[10,125],"tags":[],"class_list":["post-52371","post","type-post","status-publish","format-standard","has-post-thumbnail","hentry","category-accion-politica","category-indec"],"jetpack_featured_media_url":"https:\/\/atecordoba.org\/wp-content\/uploads\/2026\/01\/WhatsApp-Image-2026-01-21-at-09.10.12-819x1024-1.jpeg","_links":{"self":[{"href":"https:\/\/atecordoba.org\/index.php?rest_route=\/wp\/v2\/posts\/52371","targetHints":{"allow":["GET"]}}],"collection":[{"href":"https:\/\/atecordoba.org\/index.php?rest_route=\/wp\/v2\/posts"}],"about":[{"href":"https:\/\/atecordoba.org\/index.php?rest_route=\/wp\/v2\/types\/post"}],"author":[{"embeddable":true,"href":"https:\/\/atecordoba.org\/index.php?rest_route=\/wp\/v2\/users\/3"}],"replies":[{"embeddable":true,"href":"https:\/\/atecordoba.org\/index.php?rest_route=%2Fwp%2Fv2%2Fcomments&post=52371"}],"version-history":[{"count":3,"href":"https:\/\/atecordoba.org\/index.php?rest_route=\/wp\/v2\/posts\/52371\/revisions"}],"predecessor-version":[{"id":52375,"href":"https:\/\/atecordoba.org\/index.php?rest_route=\/wp\/v2\/posts\/52371\/revisions\/52375"}],"wp:featuredmedia":[{"embeddable":true,"href":"https:\/\/atecordoba.org\/index.php?rest_route=\/wp\/v2\/media\/52372"}],"wp:attachment":[{"href":"https:\/\/atecordoba.org\/index.php?rest_route=%2Fwp%2Fv2%2Fmedia&parent=52371"}],"wp:term":[{"taxonomy":"category","embeddable":true,"href":"https:\/\/atecordoba.org\/index.php?rest_route=%2Fwp%2Fv2%2Fcategories&post=52371"},{"taxonomy":"post_tag","embeddable":true,"href":"https:\/\/atecordoba.org\/index.php?rest_route=%2Fwp%2Fv2%2Ftags&post=52371"}],"curies":[{"name":"wp","href":"https:\/\/api.w.org\/{rel}","templated":true}]}}