{"id":52366,"date":"2026-01-21T10:46:38","date_gmt":"2026-01-21T13:46:38","guid":{"rendered":"https:\/\/atecordoba.org\/?p=52366"},"modified":"2026-01-21T10:46:38","modified_gmt":"2026-01-21T13:46:38","slug":"convocamos-a-una-charla-informativa-virtual-en-defensa-del-derecho-a-la-salud","status":"publish","type":"post","link":"https:\/\/atecordoba.org\/?p=52366","title":{"rendered":"Convocamos a una charla informativa virtual en defensa del derecho a la salud"},"content":{"rendered":"<p data-start=\"83\" data-end=\"537\"><a href=\"https:\/\/atecordoba.org\/wp-content\/uploads\/2026\/01\/PLANTILLA-BASE-ACTIVIDADES-21.png\"><img loading=\"lazy\" decoding=\"async\" class=\"alignnone size-full wp-image-52367\" src=\"https:\/\/atecordoba.org\/wp-content\/uploads\/2026\/01\/PLANTILLA-BASE-ACTIVIDADES-21.png\" alt=\"\" width=\"1080\" height=\"1350\" srcset=\"https:\/\/atecordoba.org\/wp-content\/uploads\/2026\/01\/PLANTILLA-BASE-ACTIVIDADES-21.png 1080w, https:\/\/atecordoba.org\/wp-content\/uploads\/2026\/01\/PLANTILLA-BASE-ACTIVIDADES-21-240x300.png 240w, https:\/\/atecordoba.org\/wp-content\/uploads\/2026\/01\/PLANTILLA-BASE-ACTIVIDADES-21-819x1024.png 819w, https:\/\/atecordoba.org\/wp-content\/uploads\/2026\/01\/PLANTILLA-BASE-ACTIVIDADES-21-768x960.png 768w, https:\/\/atecordoba.org\/wp-content\/uploads\/2026\/01\/PLANTILLA-BASE-ACTIVIDADES-21-750x938.png 750w\" sizes=\"auto, (max-width: 1080px) 100vw, 1080px\" \/><\/a><\/p>\n<p data-start=\"83\" data-end=\"537\">Desde la <strong data-start=\"92\" data-end=\"136\">Asociaci\u00f3n Trabajadores del Estado (ATE)<\/strong> convocamos a una <strong data-start=\"154\" data-end=\"185\">charla informativa por Meet<\/strong> que se realizar\u00e1 el <strong data-start=\"206\" data-end=\"244\">viernes 23 de enero a las 10 horas<\/strong>, en modalidad virtual. Este encuentro contar\u00e1 con la participaci\u00f3n del <strong data-start=\"316\" data-end=\"389\">abogado del Consejo Directivo Nacional de ATE, Luciano Gonz\u00e1lez Etkin<\/strong>, y est\u00e1 pensado como un espacio abierto para afiliadas, afiliados y todas y todos los trabajadores que quieran informarse y debatir colectivamente.<\/p>\n<p data-start=\"539\" data-end=\"917\"><a href=\"https:\/\/atecordoba.org\/wp-content\/uploads\/2026\/01\/hqdefault.jpg\"><img loading=\"lazy\" decoding=\"async\" class=\"alignleft wp-image-52368 size-medium\" src=\"https:\/\/atecordoba.org\/wp-content\/uploads\/2026\/01\/hqdefault-300x225.jpg\" alt=\"\" width=\"300\" height=\"225\" srcset=\"https:\/\/atecordoba.org\/wp-content\/uploads\/2026\/01\/hqdefault-300x225.jpg 300w, https:\/\/atecordoba.org\/wp-content\/uploads\/2026\/01\/hqdefault.jpg 480w\" sizes=\"auto, (max-width: 300px) 100vw, 300px\" \/><\/a>En la charla vamos a compartir informaci\u00f3n clave sobre la <strong data-start=\"597\" data-end=\"673\">estrategia judicial que estamos impulsando contra los coseguros ilegales<\/strong>, el <strong data-start=\"678\" data-end=\"771\">freno a las pr\u00e1cticas de extorsi\u00f3n que sufren las y los trabajadores en la Obra Social UP<\/strong>, y una <strong data-start=\"779\" data-end=\"845\">propuesta de plan de salud aut\u00f3nomo, solidario y sin coseguros<\/strong>, construida desde una perspectiva de derechos y organizaci\u00f3n colectiva.<\/p>\n<p data-start=\"919\" data-end=\"1194\">\n<p data-start=\"919\" data-end=\"1194\">\n<p data-start=\"919\" data-end=\"1194\">Para nosotras y nosotros, defender la salud es una tarea central de la lucha sindical. En un contexto donde se intenta convertirla en un negocio, reafirmamos que <strong data-start=\"1081\" data-end=\"1126\">la salud es un derecho humano fundamental<\/strong> y que solo con organizaci\u00f3n e informaci\u00f3n vamos a poder defenderlo.<\/p>\n<p data-start=\"1196\" data-end=\"1274\">\ud83d\udccc <strong data-start=\"1199\" data-end=\"1236\">Link para participar de la charla<\/strong>: <a class=\"decorated-link\" href=\"https:\/\/meet.google.com\/baq-efhh-ukk\" target=\"_new\" rel=\"noopener\" data-start=\"1238\" data-end=\"1274\">https:\/\/meet.google.com\/baq-efhh-ukk<\/a><\/p>\n<p data-start=\"1276\" data-end=\"1412\" data-is-last-node=\"\" data-is-only-node=\"\">Desde ATE seguimos apostando a la formaci\u00f3n, el debate y la organizaci\u00f3n colectiva en defensa de los derechos de las y los trabajadores.<\/p>\n","protected":false},"excerpt":{"rendered":"<p>Desde la Asociaci\u00f3n Trabajadores del Estado (ATE) convocamos a una charla informativa por Meet que se realizar\u00e1 el viernes 23 de enero a las 10 horas, en modalidad virtual. Este encuentro contar\u00e1 con la participaci\u00f3n del abogado del Consejo Directivo Nacional de ATE, Luciano Gonz\u00e1lez Etkin, y est\u00e1 pensado como un espacio abierto para afiliadas, [&hellip;]<\/p>\n","protected":false},"author":3,"featured_media":52368,"comment_status":"open","ping_status":"open","sticky":false,"template":"","format":"standard","meta":{"_exactmetrics_skip_tracking":false,"_exactmetrics_sitenote_active":false,"_exactmetrics_sitenote_note":"","_exactmetrics_sitenote_category":0,"jnews-multi-image_gallery":[],"jnews_single_post":[],"jnews_primary_category":[],"jnews_social_meta":[],"jnews_review":[],"enable_review":"","type":"","name":"","summary":"","brand":"","sku":"","good":[],"bad":[],"score_override":"","override_value":"","rating":[],"price":[],"jnews_override_counter":[],"jnews_post_split":[],"footnotes":""},"categories":[10,957],"tags":[],"class_list":["post-52366","post","type-post","status-publish","format-standard","has-post-thumbnail","hentry","category-accion-politica","category-salud"],"jetpack_featured_media_url":"https:\/\/atecordoba.org\/wp-content\/uploads\/2026\/01\/hqdefault.jpg","_links":{"self":[{"href":"https:\/\/atecordoba.org\/index.php?rest_route=\/wp\/v2\/posts\/52366","targetHints":{"allow":["GET"]}}],"collection":[{"href":"https:\/\/atecordoba.org\/index.php?rest_route=\/wp\/v2\/posts"}],"about":[{"href":"https:\/\/atecordoba.org\/index.php?rest_route=\/wp\/v2\/types\/post"}],"author":[{"embeddable":true,"href":"https:\/\/atecordoba.org\/index.php?rest_route=\/wp\/v2\/users\/3"}],"replies":[{"embeddable":true,"href":"https:\/\/atecordoba.org\/index.php?rest_route=%2Fwp%2Fv2%2Fcomments&post=52366"}],"version-history":[{"count":1,"href":"https:\/\/atecordoba.org\/index.php?rest_route=\/wp\/v2\/posts\/52366\/revisions"}],"predecessor-version":[{"id":52369,"href":"https:\/\/atecordoba.org\/index.php?rest_route=\/wp\/v2\/posts\/52366\/revisions\/52369"}],"wp:featuredmedia":[{"embeddable":true,"href":"https:\/\/atecordoba.org\/index.php?rest_route=\/wp\/v2\/media\/52368"}],"wp:attachment":[{"href":"https:\/\/atecordoba.org\/index.php?rest_route=%2Fwp%2Fv2%2Fmedia&parent=52366"}],"wp:term":[{"taxonomy":"category","embeddable":true,"href":"https:\/\/atecordoba.org\/index.php?rest_route=%2Fwp%2Fv2%2Fcategories&post=52366"},{"taxonomy":"post_tag","embeddable":true,"href":"https:\/\/atecordoba.org\/index.php?rest_route=%2Fwp%2Fv2%2Ftags&post=52366"}],"curies":[{"name":"wp","href":"https:\/\/api.w.org\/{rel}","templated":true}]}}