{"id":52363,"date":"2026-01-21T10:17:13","date_gmt":"2026-01-21T13:17:13","guid":{"rendered":"https:\/\/atecordoba.org\/?p=52363"},"modified":"2026-01-21T10:17:13","modified_gmt":"2026-01-21T13:17:13","slug":"la-oit-tratara-la-denuncia-presentada-por-giuliani-contra-el-estado-nacional-y-la-provincia-de-cordoba-por-la-criminalizacion-de-la-protesta","status":"publish","type":"post","link":"https:\/\/atecordoba.org\/?p=52363","title":{"rendered":"La OIT tratar\u00e1 la denuncia presentada por Giuliani contra el Estado Nacional y la Provincia de C\u00f3rdoba por la criminalizaci\u00f3n de la protesta"},"content":{"rendered":"<header class=\"entry-header\">\n<div class=\"entry-meta\"><\/div>\n<\/header>\n<div class=\"entry-thumb\"><img loading=\"lazy\" decoding=\"async\" class=\"attachment-full size-full wp-post-image\" src=\"https:\/\/ctaacordoba.org\/wp-content\/uploads\/2026\/01\/WhatsApp-Image-2025-12-15-at-10.51.48.jpeg\" sizes=\"auto, (max-width: 720px) 100vw, 720px\" srcset=\"https:\/\/ctaacordoba.org\/wp-content\/uploads\/2026\/01\/WhatsApp-Image-2025-12-15-at-10.51.48.jpeg 720w, https:\/\/ctaacordoba.org\/wp-content\/uploads\/2026\/01\/WhatsApp-Image-2025-12-15-at-10.51.48-300x241.jpeg 300w\" alt=\"\" width=\"720\" height=\"579\" \/><\/div>\n<div class=\"entry-content\">\n<p>En una nota enviada con fecha 22 de diciembre de 2025 al Secretario General de la CTA Aut\u00f3noma Nacional, Hugo \u201cCachorro\u201d Godoy, la Organizaci\u00f3n Internacional del Trabajo (OIT) acus\u00f3 recibo de la queja presentada ante el Comit\u00e9 de Libertad Sindical (Caso n\u00ba 3516), en referencia a la denuncia elevada el 15 de ese mismo mes en Ginebra, Suiza, por Federico Giuliani, Secretario General de ATE y la CTA-A C\u00f3rdoba, exponiendo la creciente represi\u00f3n perpetrada contra dirigentes sindicales por parte del Gobierno Nacional y su par de la provincia mediterr\u00e1nea. La OIT sostiene que se ha transmitido el tema al Gobierno argentino y que se esperar\u00e1 un tiempo prudencial por su respuesta. De lo contrario, el tema ser\u00e1 igualmente tratado a fondo por el Comit\u00e9 de Libertad Sindical.<\/p>\n<p>La nota de la OIT se\u00f1ala textualmente:<\/p>\n<p>\u201cSe\u00f1or Secretario General: Tengo el honor de acusar recibo de su comunicaci\u00f3n de fecha 12 de diciembre de 2025, que contiene alegatos sobre violaci\u00f3n de los derechos sindicales en Argentina (caso n\u00fam. 3516). De conformidad con el procedimiento en vigor, el contenido de su comunicaci\u00f3n se ha transmitido al Gobierno para que comunique tan pronto como sea posible sus observaciones. Su organizaci\u00f3n dispone de un mes para enviar informaciones complementarias en apoyo de la queja.<\/p>\n<p>\u201cA este respecto, es oportuno que se proporcione a la atenci\u00f3n del Comit\u00e9 de Libertad Sindical toda la informaci\u00f3n sobre las eventuales acciones administrativas o judiciales planteadas en relaci\u00f3n con los hechos denunciados, as\u00ed como sus resultados. Posteriormente, s\u00f3lo son admisibles las nuevas informaciones que no hubiesen podido ser enviadas anteriormente.<\/p>\n<p>\u201cMe gustar\u00eda llamar su atenci\u00f3n sobre el hecho de que, en su 393\u00ba informe de marzo de 2021, p\u00e1rrafo 17, el Comit\u00e9 de Libertad Sindical aprob\u00f3 una serie de medidas relativas al funcionamiento del procedimiento previsto para el examen de las quejas. Estas medidas incluyen disposiciones para la conciliaci\u00f3n voluntaria opcional a nivel nacional, en la que ser\u00eda posible solicitar la asistencia t\u00e9cnica de la Oficina Internacional del Trabajo, incluida la Oficina de Actividades para los Trabajadores ACTRAV@ilo.org.<\/p>\n<p>\u201cEl uso de estos procedimientos requiere el acuerdo de la organizaci\u00f3n querellante, as\u00ed como del Gobierno, y dar\u00eda lugar a una suspensi\u00f3n temporal, por un per\u00edodo m\u00e1ximo de seis meses, del examen del fondo de la queja. La Oficina ha informado al Gobierno de estas disposiciones y queda a su disposici\u00f3n para proporcionar cualquier informaci\u00f3n adicional que pueda considerar \u00fatil a este respecto.<\/p>\n<p>\u201cEl caso ser\u00e1 examinado en cuanto al fondo por el Comit\u00e9 de Libertad Sindical del Consejo de Administraci\u00f3n una vez recibida la respuesta del Gobierno. No obstante, tras un plazo razonable, el Comit\u00e9 se ver\u00e1 obligado a examinar este caso a\u00fan en la hip\u00f3tesis de que no se hayan recibido las observaciones del Gobierno. Cuando el Comit\u00e9 examine el caso, su organizaci\u00f3n ser\u00e1 informada.<\/p>\n<p>\u201cEntretanto, le invito a que consulte NORMLEX en la p\u00e1gina Internet de la OIT; se trata de un sistema de informaci\u00f3n sobre normas internacionales del trabajo, que contiene, entre otras cosas, informaciones sobre todo examen o consideraci\u00f3n de su caso por parte del Comit\u00e9: http:\/\/www.ilo.org\/dyn\/normlex\/es\/f?p=1000:20060:0::NO:20060\u201d, finaliza el texto.<\/p>\n<h3><strong>La denuncia<\/strong><\/h3>\n<p><img loading=\"lazy\" decoding=\"async\" class=\"alignnone size-medium wp-image-111266\" src=\"http:\/\/ctaacordoba.org\/wp-content\/uploads\/2026\/01\/IMG-20260120-WA0004-225x300.jpg\" sizes=\"auto, (max-width: 225px) 100vw, 225px\" srcset=\"https:\/\/ctaacordoba.org\/wp-content\/uploads\/2026\/01\/IMG-20260120-WA0004-225x300.jpg 225w, https:\/\/ctaacordoba.org\/wp-content\/uploads\/2026\/01\/IMG-20260120-WA0004-768x1024.jpg 768w, https:\/\/ctaacordoba.org\/wp-content\/uploads\/2026\/01\/IMG-20260120-WA0004-1152x1536.jpg 1152w, https:\/\/ctaacordoba.org\/wp-content\/uploads\/2026\/01\/IMG-20260120-WA0004.jpg 1200w\" alt=\"\" width=\"225\" height=\"300\" \/><\/p>\n<p>Federico Giuliani fue recibido el 15 de diciembre en su sede de Ginebra por los responsables de la Organizaci\u00f3n Internacional del Trabajo para dar seguimiento a la creciente represi\u00f3n del Gobierno de Milei a los l\u00edderes sindicales, al igual que el Gobernador cordob\u00e9s Mart\u00edn Llaryora, as\u00ed como para conocer al detalle las siete causas judiciales abiertas contra \u00e9l por el desempe\u00f1o de sus funciones como Secretario General de ATE (Asociaci\u00f3n de Trabajadores del Estado) y la CTA Aut\u00f3noma en C\u00f3rdoba (Argentina).<\/p>\n<p>La denuncia, expone la criminalizaci\u00f3n de la protesta y la judicializaci\u00f3n de los dirigentes sociales en Argentina y en C\u00f3rdoba en particular. El dirigente fue recibido en la sede de la OIT por el representante del Departamento de Normas Internacionales del Trabajo, Jean-Philippe Sauvageau.<\/p>\n<p>Giuliani denunci\u00f3 ante la Comisi\u00f3n de Libertad y Democracia de la OIT la violaci\u00f3n de los Convenios 87 y 98 de la OIT, criminalizando la protesta social \u201cen un abierto y nada inocente intento de disciplinar a las distintas organizaciones sindicales que disconformes con la realidad bregan por un cambio de la misma siempre dentro de las prerrogativas que la legislaci\u00f3n nacional y la normativa internacional les reconoce\u201d, afirm\u00f3.<\/p>\n<p>La denuncia est\u00e1 respaldada por las m\u00e1ximas autoridades de la CTA-A, el Secretario General Hugo Godoy y la Secretaria Adjunta Mar\u00eda Ana Mandakovic, con el patrocinio letrado de Daniel Jorajur\u00eda, Secretario Administrativo y Director del Departamento Jur\u00eddico CTA Aut\u00f3noma y de Javier Izaguirre.<\/p>\n<h3><strong>Los hechos<\/strong><\/h3>\n<p><img loading=\"lazy\" decoding=\"async\" class=\"aligncenter wp-image-51963 \" src=\"https:\/\/atecordoba.org\/wp-content\/uploads\/2025\/12\/WhatsApp-Image-2025-12-15-at-10.51.50-1024x576.jpeg\" sizes=\"auto, (max-width: 631px) 100vw, 631px\" srcset=\"https:\/\/atecordoba.org\/wp-content\/uploads\/2025\/12\/WhatsApp-Image-2025-12-15-at-10.51.50-1024x576.jpeg 1024w, https:\/\/atecordoba.org\/wp-content\/uploads\/2025\/12\/WhatsApp-Image-2025-12-15-at-10.51.50-300x169.jpeg 300w, https:\/\/atecordoba.org\/wp-content\/uploads\/2025\/12\/WhatsApp-Image-2025-12-15-at-10.51.50-768x432.jpeg 768w, https:\/\/atecordoba.org\/wp-content\/uploads\/2025\/12\/WhatsApp-Image-2025-12-15-at-10.51.50-750x422.jpeg 750w, https:\/\/atecordoba.org\/wp-content\/uploads\/2025\/12\/WhatsApp-Image-2025-12-15-at-10.51.50-1140x641.jpeg 1140w, https:\/\/atecordoba.org\/wp-content\/uploads\/2025\/12\/WhatsApp-Image-2025-12-15-at-10.51.50.jpeg 1280w\" alt=\"\" width=\"631\" height=\"355\" data-pin-no-hover=\"true\" \/><\/p>\n<p>En el documento, Giuliani describe una larga serie de procesos judiciales de las que es v\u00edctima en el contexto donde el dirigente ejerce el derecho a la protesta social, a la cabeza de multitudinarias movilizaciones en rechazo a la generalizaci\u00f3n de la pobreza y en demanda de alimentos para sectores vulnerables de la provincia, donde el Poder Judicial de C\u00f3rdoba interviene como ariete del poder pol\u00edtico para amedrentar a los luchadores sociales.<\/p>\n<p>En ese marco, el dirigente describe con detalles hechos sucedidos desde 2023 a la fecha, donde frente a las movilizaciones populares el Estado responde con causas judiciales, allanamientos, detenciones arbitrarias, represi\u00f3n violenta \u2013donde Giuliani result\u00f3 incluso lesionado por la Polic\u00eda con la quebradura de un brazo-, todo en el marco de la pol\u00edtica del Gobierno Argentino que aplica la represi\u00f3n callejera en todo el pa\u00eds, y en combinaci\u00f3n con las administraciones provinciales.<\/p>\n<p>As\u00ed, Giuliani enumer\u00f3 los distintos hechos que motivan la denuncia:<\/p>\n<ul>\n<li>Marcha contra el Hambre en abril de 2023.<\/li>\n<li>Visita de Milei C\u00f3rdoba en mayo de 2024.<\/li>\n<li>Escrache a la Fundaci\u00f3n Mediterr\u00e1nea en mayo de 2024.<\/li>\n<li>Protesta frente a la Municipalidad de C\u00f3rdoba en agosto de 2025.<\/li>\n<\/ul>\n<p>\u201cEn el gremio se hizo constante y permanente la presencia policial, tal es as\u00ed que momentos en que se realiz\u00f3 un Plenario de Delegados Nacionales se encontraban 4 m\u00f3viles (2 autos y 2 motos) con todo su personal abajo, y en la puerta de nuestro sindicato filmando el ingreso de las y los compa\u00f1eros. Por esta actividad se realizaron las denuncias period\u00edsticas en los medios alternativos locales y en los propios medios y redes de la Central de Trabajadores y de ATE\u201d, remarca la denuncia.<img loading=\"lazy\" decoding=\"async\" class=\"alignright wp-image-51965 \" src=\"https:\/\/atecordoba.org\/wp-content\/uploads\/2025\/12\/WhatsApp-Image-2025-12-15-at-10.51.49-1-576x1024.jpeg\" sizes=\"auto, (max-width: 349px) 100vw, 349px\" srcset=\"https:\/\/atecordoba.org\/wp-content\/uploads\/2025\/12\/WhatsApp-Image-2025-12-15-at-10.51.49-1-576x1024.jpeg 576w, https:\/\/atecordoba.org\/wp-content\/uploads\/2025\/12\/WhatsApp-Image-2025-12-15-at-10.51.49-1-169x300.jpeg 169w, https:\/\/atecordoba.org\/wp-content\/uploads\/2025\/12\/WhatsApp-Image-2025-12-15-at-10.51.49-1.jpeg 720w\" alt=\"\" width=\"349\" height=\"620\" data-pin-no-hover=\"true\" \/><\/p>\n<p>Y agrega: \u201cEsta situaci\u00f3n se ha vuelto insostenible en la provincia de C\u00f3rdoba de la Rep\u00fablica Argentina. Es la manifestaci\u00f3n de la pol\u00edtica nacional de criminalizaci\u00f3n de la protesta llevada a cabo en territorio provincial. La dureza de esta pol\u00edtica policial y judicial la encarna en contra de la CTA-A y de ATE, por ser la central de trabajadores y el gremio que m\u00e1s lucha ante las pol\u00edticas de despido y ajuste nacional y provincial\u201d.<\/p>\n<h3><strong>Un proceso de criminalizaci\u00f3n<\/strong><\/h3>\n<p>Si bien, denuncia Giuliani, en principio solo parecen como hechos aislados, visto en perspectiva, se puede apreciar que forman parte de una pol\u00edtica p\u00fablica de parte del Gobierno de la Provincia de C\u00f3rdoba; destinado a implementar un ajuste sobre los trabajadores p\u00fablicos (en primer lugar) que luego se traslada a los trabajadores privados.<\/p>\n<p>\u201cEn estos momentos en la provincia de C\u00f3rdoba se ha vuelto a los tiempos previos a la dictadura c\u00edvico-militar de 1976. En los procedimientos policiales aparecen agentes policiales que no llevan identificaci\u00f3n, que por su accionar y los registros que quedan de las actuaciones policiales nos llevan a aquella \u00e9poca oscura\u201d, asegura la denuncia.<\/p>\n<p>Adem\u00e1s, el documento presentado ante la OIT ofrece prueba documental y testimonios de Giuliani y de un conjunto de dirigentes encartados en las causas judiciales con que el Gobierno pretende imponer el silencio social a la protesta.<\/p>\n<p>En consecuencia, la denuncia reclama que:<\/p>\n<ol>\n<li>Se admita la presente queja y se constituya un caso sometido a examen del Comit\u00e9 Libertad Sindical.<\/li>\n<li>Consid\u00e9rese a todos los efectos que los hechos denunciados son graves y de urgente tr\u00e1mite.<\/li>\n<li>Se ordene el inmediato cese de la persecuci\u00f3n y represi\u00f3n en las marchas de protesta y reclamos llevadas adelante por nuestras organizaciones, como as\u00ed tambi\u00e9n los hostigamientos a los locales sindicales;<\/li>\n<li>En su oportunidad, se recomiende a que por intermedio de la Autoridad Nacional se garantice el pleno goce de los derechos y garant\u00edas de la Libertad Sindical, reparando las consecuencias de los efectos ya consumados, cese de inmediato los que se est\u00e9n consumando y se abstenga de toda reiteraci\u00f3n en el futuro.<\/li>\n<\/ol>\n<div class=\"addtoany_share_save_container addtoany_content addtoany_content_bottom\"><\/div>\n<\/div>\n","protected":false},"excerpt":{"rendered":"<p>En una nota enviada con fecha 22 de diciembre de 2025 al Secretario General de la CTA Aut\u00f3noma Nacional, Hugo \u201cCachorro\u201d Godoy, la Organizaci\u00f3n Internacional del Trabajo (OIT) acus\u00f3 recibo de la queja presentada ante el Comit\u00e9 de Libertad Sindical (Caso n\u00ba 3516), en referencia a la denuncia elevada el 15 de ese mismo mes [&hellip;]<\/p>\n","protected":false},"author":3,"featured_media":52364,"comment_status":"open","ping_status":"open","sticky":false,"template":"","format":"standard","meta":{"_exactmetrics_skip_tracking":false,"_exactmetrics_sitenote_active":false,"_exactmetrics_sitenote_note":"","_exactmetrics_sitenote_category":0,"jnews-multi-image_gallery":[],"jnews_single_post":[],"jnews_primary_category":[],"jnews_social_meta":[],"jnews_review":[],"enable_review":"","type":"","name":"","summary":"","brand":"","sku":"","good":[],"bad":[],"score_override":"","override_value":"","rating":[],"price":[],"jnews_override_counter":[],"jnews_post_split":[],"footnotes":""},"categories":[10],"tags":[],"class_list":["post-52363","post","type-post","status-publish","format-standard","has-post-thumbnail","hentry","category-accion-politica"],"jetpack_featured_media_url":"https:\/\/atecordoba.org\/wp-content\/uploads\/2026\/01\/WhatsApp-Image-2025-12-15-at-10.51.48.jpeg","_links":{"self":[{"href":"https:\/\/atecordoba.org\/index.php?rest_route=\/wp\/v2\/posts\/52363","targetHints":{"allow":["GET"]}}],"collection":[{"href":"https:\/\/atecordoba.org\/index.php?rest_route=\/wp\/v2\/posts"}],"about":[{"href":"https:\/\/atecordoba.org\/index.php?rest_route=\/wp\/v2\/types\/post"}],"author":[{"embeddable":true,"href":"https:\/\/atecordoba.org\/index.php?rest_route=\/wp\/v2\/users\/3"}],"replies":[{"embeddable":true,"href":"https:\/\/atecordoba.org\/index.php?rest_route=%2Fwp%2Fv2%2Fcomments&post=52363"}],"version-history":[{"count":1,"href":"https:\/\/atecordoba.org\/index.php?rest_route=\/wp\/v2\/posts\/52363\/revisions"}],"predecessor-version":[{"id":52365,"href":"https:\/\/atecordoba.org\/index.php?rest_route=\/wp\/v2\/posts\/52363\/revisions\/52365"}],"wp:featuredmedia":[{"embeddable":true,"href":"https:\/\/atecordoba.org\/index.php?rest_route=\/wp\/v2\/media\/52364"}],"wp:attachment":[{"href":"https:\/\/atecordoba.org\/index.php?rest_route=%2Fwp%2Fv2%2Fmedia&parent=52363"}],"wp:term":[{"taxonomy":"category","embeddable":true,"href":"https:\/\/atecordoba.org\/index.php?rest_route=%2Fwp%2Fv2%2Fcategories&post=52363"},{"taxonomy":"post_tag","embeddable":true,"href":"https:\/\/atecordoba.org\/index.php?rest_route=%2Fwp%2Fv2%2Ftags&post=52363"}],"curies":[{"name":"wp","href":"https:\/\/api.w.org\/{rel}","templated":true}]}}