{"id":52358,"date":"2026-01-20T12:33:14","date_gmt":"2026-01-20T15:33:14","guid":{"rendered":"https:\/\/atecordoba.org\/?p=52358"},"modified":"2026-01-20T12:33:14","modified_gmt":"2026-01-20T15:33:14","slug":"ate-cordoba-recibio-una-obra-del-artista-jorge-cuello-como-gesto-de-agradecimiento-y-compromiso-con-la-lucha-colectiva","status":"publish","type":"post","link":"https:\/\/atecordoba.org\/?p=52358","title":{"rendered":"ATE C\u00f3rdoba recibi\u00f3 una obra del artista Jorge Cuello como gesto de agradecimiento y compromiso con la lucha colectiva"},"content":{"rendered":"<p><a href=\"https:\/\/atecordoba.org\/wp-content\/uploads\/2026\/01\/WhatsApp-Image-2026-01-20-at-11.03.58.jpeg\"><img loading=\"lazy\" decoding=\"async\" class=\"alignnone size-full wp-image-52359\" src=\"https:\/\/atecordoba.org\/wp-content\/uploads\/2026\/01\/WhatsApp-Image-2026-01-20-at-11.03.58.jpeg\" alt=\"\" width=\"720\" height=\"1280\" \/><\/a><\/p>\n<p class=\"isSelectedEnd\">Desde <strong>ATE C\u00f3rdoba<\/strong> queremos compartir un hecho cargado de simbolismo, solidaridad y compromiso con la cultura popular y la organizaci\u00f3n de las y los trabajadores. El reconocido artista pl\u00e1stico cordob\u00e9s <strong>Jorge Cuello<\/strong> don\u00f3 una de sus obras a nuestro sindicato en agradecimiento por haberse alojado en el <strong>Hostel de ATE C\u00f3rdoba \u201cLa Casa de Germ\u00e1n\u201d<\/strong>, un espacio pensado para acompa\u00f1ar, cuidar y abrazar a quienes luchan.<\/p>\n<p class=\"isSelectedEnd\">La obra donada retrata a <strong>compa\u00f1eros y compa\u00f1eras de ATE marchando con sus banderas<\/strong>, una imagen profundamente representativa de nuestra identidad colectiva, de la organizaci\u00f3n sindical y de la historia de lucha de las y los trabajadores del Estado.<\/p>\n<p class=\"isSelectedEnd\">El acercamiento con el artista fue posible gracias a <strong>Roberto Mart\u00ednez<\/strong>, quien acaba de finalizar su mandato como delegado del ex \u00e1rea de Econom\u00eda Social del ex Ministerio de Desarrollo Social de la Naci\u00f3n y que actualmente se desempe\u00f1a en el <strong>programa alimentario de la Secretar\u00eda de Familia del Ministerio de Capital Humano<\/strong>, en la localidad de <strong>Villa de las Rosas<\/strong>. Junto a las y los delegados del ex Desarrollo Social, entre quienes se encuentran nuestra <strong>secretaria de Administraci\u00f3n, Cintia Conesta<\/strong>, y nuestra <strong>secretaria de G\u00e9nero, Mar\u00eda Spaventa<\/strong>, se gener\u00f3 este v\u00ednculo fraterno y solidario.<\/p>\n<p><a href=\"https:\/\/atecordoba.org\/wp-content\/uploads\/2026\/01\/102_3559-copia.jpg\"><img loading=\"lazy\" decoding=\"async\" class=\"alignleft wp-image-52360 size-full\" src=\"https:\/\/atecordoba.org\/wp-content\/uploads\/2026\/01\/102_3559-copia.jpg\" alt=\"\" width=\"280\" height=\"264\" \/><\/a>Jorge Cuello es uno de los <strong>artistas pl\u00e1sticos m\u00e1s reconocidos de la provincia de C\u00f3rdoba<\/strong>, con una extensa trayectoria <strong>nacional e internacional<\/strong>. Actualmente reside en <strong>Villa de las Rosas<\/strong>, en Traslasierra, y es ampliamente conocido por su obra muralista y su compromiso social. Ha dejado su huella en numerosos espacios emblem\u00e1ticos de C\u00f3rdoba, como <strong>La Luci\u00e9rnaga<\/strong>, distintos murales urbanos, y obras vinculadas a la <strong>memoria, los derechos humanos y las luchas populares<\/strong>, entre ellas murales con rostros de detenidos y detenidas desaparecidas.<\/p>\n<p class=\"isSelectedEnd\">En un contexto donde el artista deb\u00eda viajar a la ciudad de C\u00f3rdoba para recibir un reconocimiento institucional surgi\u00f3 la posibilidad de hospedarse en <strong>La Casa de Germ\u00e1n<\/strong>. De ese gesto solidario naci\u00f3 la decisi\u00f3n de <strong>donar una obra a ATE<\/strong>, y tambi\u00e9n la voluntad de sostener esta l\u00f3gica de intercambio fraterno: cada vez que Jorge Cuello deba viajar a C\u00f3rdoba, podr\u00e1 alojarse en nuestro hostel, fortaleciendo as\u00ed un v\u00ednculo que proyecta nuevas obras y aportes culturales para el sindicato.<\/p>\n<p>La obra fue pensada colectivamente. A partir de charlas sobre el contexto pol\u00edtico, social y sindical actual, Jorge Cuello comparti\u00f3 un bosquejo inicial que fue socializado con compa\u00f1eras y compa\u00f1eros de ATE, quienes coincidieron en avanzar con la propuesta. El resultado final es una pintura que expresa <strong>identidad, lucha, organizaci\u00f3n y memoria colectiva<\/strong>.<\/p>\n<h3>Sobre el artista<\/h3>\n<p><a href=\"https:\/\/atecordoba.org\/wp-content\/uploads\/2026\/01\/6332_1165772419242_1075831381_502602_7682237_n.jpg\"><img loading=\"lazy\" decoding=\"async\" class=\"alignleft wp-image-52361 size-full\" src=\"https:\/\/atecordoba.org\/wp-content\/uploads\/2026\/01\/6332_1165772419242_1075831381_502602_7682237_n.jpg\" alt=\"\" width=\"280\" height=\"210\" \/><\/a><strong>Jorge Cuello<\/strong> naci\u00f3 el 3 de octubre de 1958 en Oliva, C\u00f3rdoba. Se define como autodidacta con influencias reconocibles y desarroll\u00f3 una obra atravesada por el riesgo, la experimentaci\u00f3n y el compromiso social. Fund\u00f3 en 2003 el <strong>Museo de Arte Comebir\u00f3m<\/strong> en Traslasierra y ha trabajado en m\u00faltiples disciplinas: pintura, muralismo, dise\u00f1o gr\u00e1fico, teatro, audiovisual, literatura, historieta y libros-objeto. Su producci\u00f3n art\u00edstica dialoga permanentemente con lo popular, lo colectivo y la cr\u00edtica social.<\/p>\n<p>&nbsp;<\/p>\n<p>Desde ATE C\u00f3rdoba celebramos este gesto y reafirmamos que <strong>la cultura, el arte y la organizaci\u00f3n sindical son herramientas fundamentales de resistencia y transformaci\u00f3n social<\/strong>. Esta obra no es solo un cuadro: es un s\u00edmbolo de la lucha de las y los trabajadores y del abrazo solidario entre el arte y el movimiento obrero.<\/p>\n","protected":false},"excerpt":{"rendered":"<p>Desde ATE C\u00f3rdoba queremos compartir un hecho cargado de simbolismo, solidaridad y compromiso con la cultura popular y la organizaci\u00f3n de las y los trabajadores. El reconocido artista pl\u00e1stico cordob\u00e9s Jorge Cuello don\u00f3 una de sus obras a nuestro sindicato en agradecimiento por haberse alojado en el Hostel de ATE C\u00f3rdoba \u201cLa Casa de Germ\u00e1n\u201d, [&hellip;]<\/p>\n","protected":false},"author":3,"featured_media":52359,"comment_status":"open","ping_status":"open","sticky":false,"template":"","format":"standard","meta":{"_exactmetrics_skip_tracking":false,"_exactmetrics_sitenote_active":false,"_exactmetrics_sitenote_note":"","_exactmetrics_sitenote_category":0,"jnews-multi-image_gallery":[],"jnews_single_post":[],"jnews_primary_category":[],"jnews_social_meta":[],"jnews_review":[],"enable_review":"","type":"","name":"","summary":"","brand":"","sku":"","good":[],"bad":[],"score_override":"","override_value":"","rating":[],"price":[],"jnews_override_counter":[],"jnews_post_split":[],"footnotes":""},"categories":[75,972],"tags":[],"class_list":["post-52358","post","type-post","status-publish","format-standard","has-post-thumbnail","hentry","category-accion-social","category-culturas"],"jetpack_featured_media_url":"https:\/\/atecordoba.org\/wp-content\/uploads\/2026\/01\/WhatsApp-Image-2026-01-20-at-11.03.58-e1768923182309.jpeg","_links":{"self":[{"href":"https:\/\/atecordoba.org\/index.php?rest_route=\/wp\/v2\/posts\/52358","targetHints":{"allow":["GET"]}}],"collection":[{"href":"https:\/\/atecordoba.org\/index.php?rest_route=\/wp\/v2\/posts"}],"about":[{"href":"https:\/\/atecordoba.org\/index.php?rest_route=\/wp\/v2\/types\/post"}],"author":[{"embeddable":true,"href":"https:\/\/atecordoba.org\/index.php?rest_route=\/wp\/v2\/users\/3"}],"replies":[{"embeddable":true,"href":"https:\/\/atecordoba.org\/index.php?rest_route=%2Fwp%2Fv2%2Fcomments&post=52358"}],"version-history":[{"count":1,"href":"https:\/\/atecordoba.org\/index.php?rest_route=\/wp\/v2\/posts\/52358\/revisions"}],"predecessor-version":[{"id":52362,"href":"https:\/\/atecordoba.org\/index.php?rest_route=\/wp\/v2\/posts\/52358\/revisions\/52362"}],"wp:featuredmedia":[{"embeddable":true,"href":"https:\/\/atecordoba.org\/index.php?rest_route=\/wp\/v2\/media\/52359"}],"wp:attachment":[{"href":"https:\/\/atecordoba.org\/index.php?rest_route=%2Fwp%2Fv2%2Fmedia&parent=52358"}],"wp:term":[{"taxonomy":"category","embeddable":true,"href":"https:\/\/atecordoba.org\/index.php?rest_route=%2Fwp%2Fv2%2Fcategories&post=52358"},{"taxonomy":"post_tag","embeddable":true,"href":"https:\/\/atecordoba.org\/index.php?rest_route=%2Fwp%2Fv2%2Ftags&post=52358"}],"curies":[{"name":"wp","href":"https:\/\/api.w.org\/{rel}","templated":true}]}}