{"id":52355,"date":"2026-01-20T11:36:05","date_gmt":"2026-01-20T14:36:05","guid":{"rendered":"https:\/\/atecordoba.org\/?p=52355"},"modified":"2026-01-20T11:36:05","modified_gmt":"2026-01-20T14:36:05","slug":"ate-cordoba-presento-una-nota-formal-en-la-municipalidad-de-mina-clavero-solicitando-audiencia-urgente","status":"publish","type":"post","link":"https:\/\/atecordoba.org\/?p=52355","title":{"rendered":"ATE C\u00f3rdoba present\u00f3 una nota formal en la Municipalidad de Mina Clavero solicitando audiencia urgente"},"content":{"rendered":"<p><a href=\"https:\/\/atecordoba.org\/wp-content\/uploads\/2026\/01\/CAC-fachada.jpg\"><img loading=\"lazy\" decoding=\"async\" class=\"alignnone size-full wp-image-52356\" src=\"https:\/\/atecordoba.org\/wp-content\/uploads\/2026\/01\/CAC-fachada.jpg\" alt=\"\" width=\"2144\" height=\"1424\" srcset=\"https:\/\/atecordoba.org\/wp-content\/uploads\/2026\/01\/CAC-fachada.jpg 2144w, https:\/\/atecordoba.org\/wp-content\/uploads\/2026\/01\/CAC-fachada-300x199.jpg 300w, https:\/\/atecordoba.org\/wp-content\/uploads\/2026\/01\/CAC-fachada-1024x680.jpg 1024w, https:\/\/atecordoba.org\/wp-content\/uploads\/2026\/01\/CAC-fachada-768x510.jpg 768w, https:\/\/atecordoba.org\/wp-content\/uploads\/2026\/01\/CAC-fachada-1536x1020.jpg 1536w, https:\/\/atecordoba.org\/wp-content\/uploads\/2026\/01\/CAC-fachada-2048x1360.jpg 2048w, https:\/\/atecordoba.org\/wp-content\/uploads\/2026\/01\/CAC-fachada-750x498.jpg 750w, https:\/\/atecordoba.org\/wp-content\/uploads\/2026\/01\/CAC-fachada-1140x757.jpg 1140w\" sizes=\"auto, (max-width: 2144px) 100vw, 2144px\" \/><\/a><\/p>\n<p class=\"isSelectedEnd\">Desde ATE C\u00f3rdoba informamos que el 19 de enero de 2026 realizamos la presentaci\u00f3n formal, por Mesa de Entradas de la Municipalidad de Mina Clavero, de una nota dirigida al intendente Luis Quiroga, solicitando una <strong>audiencia urgente<\/strong> para abordar la grave situaci\u00f3n que atraviesan las y los trabajadores municipales.<\/p>\n<p class=\"isSelectedEnd\">En representaci\u00f3n de las y los trabajadores de la localidad, advertimos sobre una serie de hechos que generan profunda preocupaci\u00f3n en el \u00e1mbito laboral municipal y que requieren respuestas inmediatas por parte del Ejecutivo. Entre los puntos centrales planteados en la nota se encuentra la <strong>reincorporaci\u00f3n inmediata de la trabajadora Cristina Heredia<\/strong>, despedida de manera injustificada tras 14 a\u00f1os de servicio en la Municipalidad.<\/p>\n<p class=\"isSelectedEnd\">Asimismo, exigimos el <strong>cese de las amenazas de nuevos despidos<\/strong>, de toda forma de persecuci\u00f3n y hostigamiento laboral, y la <strong>apertura de una discusi\u00f3n salarial real<\/strong> que permita recomponer el poder adquisitivo de las y los trabajadores municipales, fuertemente golpeado por la inflaci\u00f3n y el ajuste.<\/p>\n<p class=\"isSelectedEnd\">Desde ATE tambi\u00e9n reclamamos el <strong>pase a planta permanente del personal precarizado<\/strong>, la regularizaci\u00f3n de las distintas modalidades de contrataci\u00f3n, y la <strong>garant\u00eda de estabilidad laboral, condiciones dignas de trabajo y el pleno respeto de los derechos laborales y sindicales<\/strong>.<\/p>\n<p class=\"isSelectedEnd\">Sostenemos que el di\u00e1logo institucional es el camino indispensable para resolver los conflictos y evitar un mayor deterioro del clima laboral. Sin embargo, las decisiones unilaterales, los despidos y la precarizaci\u00f3n no hacen m\u00e1s que profundizar el conflicto y afectar directamente a las y los trabajadores y a sus familias.<\/p>\n<p>Por todo lo expuesto, desde ATE C\u00f3rdoba esperamos una <strong>pronta respuesta del intendente Luis Quiroga<\/strong> y la concreci\u00f3n de la audiencia solicitada, con el objetivo de encontrar soluciones concretas y responsables a las demandas planteadas. Seguimos defendiendo los derechos de las y los trabajadores municipales, con organizaci\u00f3n, unidad y lucha.<\/p>\n","protected":false},"excerpt":{"rendered":"<p>Desde ATE C\u00f3rdoba informamos que el 19 de enero de 2026 realizamos la presentaci\u00f3n formal, por Mesa de Entradas de la Municipalidad de Mina Clavero, de una nota dirigida al intendente Luis Quiroga, solicitando una audiencia urgente para abordar la grave situaci\u00f3n que atraviesan las y los trabajadores municipales. En representaci\u00f3n de las y los [&hellip;]<\/p>\n","protected":false},"author":3,"featured_media":52356,"comment_status":"open","ping_status":"open","sticky":false,"template":"","format":"standard","meta":{"_exactmetrics_skip_tracking":false,"_exactmetrics_sitenote_active":false,"_exactmetrics_sitenote_note":"","_exactmetrics_sitenote_category":0,"jnews-multi-image_gallery":[],"jnews_single_post":[],"jnews_primary_category":[],"jnews_social_meta":[],"jnews_review":[],"enable_review":"","type":"","name":"","summary":"","brand":"","sku":"","good":[],"bad":[],"score_override":"","override_value":"","rating":[],"price":[],"jnews_override_counter":[],"jnews_post_split":[],"footnotes":""},"categories":[20],"tags":[],"class_list":["post-52355","post","type-post","status-publish","format-standard","has-post-thumbnail","hentry","category-municipales"],"jetpack_featured_media_url":"https:\/\/atecordoba.org\/wp-content\/uploads\/2026\/01\/CAC-fachada.jpg","_links":{"self":[{"href":"https:\/\/atecordoba.org\/index.php?rest_route=\/wp\/v2\/posts\/52355","targetHints":{"allow":["GET"]}}],"collection":[{"href":"https:\/\/atecordoba.org\/index.php?rest_route=\/wp\/v2\/posts"}],"about":[{"href":"https:\/\/atecordoba.org\/index.php?rest_route=\/wp\/v2\/types\/post"}],"author":[{"embeddable":true,"href":"https:\/\/atecordoba.org\/index.php?rest_route=\/wp\/v2\/users\/3"}],"replies":[{"embeddable":true,"href":"https:\/\/atecordoba.org\/index.php?rest_route=%2Fwp%2Fv2%2Fcomments&post=52355"}],"version-history":[{"count":1,"href":"https:\/\/atecordoba.org\/index.php?rest_route=\/wp\/v2\/posts\/52355\/revisions"}],"predecessor-version":[{"id":52357,"href":"https:\/\/atecordoba.org\/index.php?rest_route=\/wp\/v2\/posts\/52355\/revisions\/52357"}],"wp:featuredmedia":[{"embeddable":true,"href":"https:\/\/atecordoba.org\/index.php?rest_route=\/wp\/v2\/media\/52356"}],"wp:attachment":[{"href":"https:\/\/atecordoba.org\/index.php?rest_route=%2Fwp%2Fv2%2Fmedia&parent=52355"}],"wp:term":[{"taxonomy":"category","embeddable":true,"href":"https:\/\/atecordoba.org\/index.php?rest_route=%2Fwp%2Fv2%2Fcategories&post=52355"},{"taxonomy":"post_tag","embeddable":true,"href":"https:\/\/atecordoba.org\/index.php?rest_route=%2Fwp%2Fv2%2Ftags&post=52355"}],"curies":[{"name":"wp","href":"https:\/\/api.w.org\/{rel}","templated":true}]}}