{"id":52352,"date":"2026-01-19T14:56:45","date_gmt":"2026-01-19T17:56:45","guid":{"rendered":"https:\/\/atecordoba.org\/?p=52352"},"modified":"2026-01-19T14:56:45","modified_gmt":"2026-01-19T17:56:45","slug":"federico-giuliani-hay-que-construir-la-antitesis-de-lo-que-propone-milei","status":"publish","type":"post","link":"https:\/\/atecordoba.org\/?p=52352","title":{"rendered":"Federico Giuliani: \u201cHay que construir la ant\u00edtesis de lo que propone Milei\u201d"},"content":{"rendered":"<header class=\"entry-header\">\n<div class=\"entry-meta\"><\/div>\n<\/header>\n<div class=\"entry-thumb\"><img loading=\"lazy\" decoding=\"async\" class=\"attachment-full size-full wp-post-image\" src=\"https:\/\/ctaacordoba.org\/wp-content\/uploads\/2026\/01\/federicogiuliani.png\" sizes=\"auto, (max-width: 1024px) 100vw, 1024px\" srcset=\"https:\/\/ctaacordoba.org\/wp-content\/uploads\/2026\/01\/federicogiuliani.png 1024w, https:\/\/ctaacordoba.org\/wp-content\/uploads\/2026\/01\/federicogiuliani-300x224.png 300w, https:\/\/ctaacordoba.org\/wp-content\/uploads\/2026\/01\/federicogiuliani-768x574.png 768w\" alt=\"\" width=\"1024\" height=\"765\" \/><\/div>\n<div class=\"entry-content\">\n<p class=\"has-medium-font-size\">El dirigente sindical y pol\u00edtico Federico Giuliani advirti\u00f3 que el avance de la ultraderecha en Argentina y en la regi\u00f3n no es un fen\u00f3meno aislado, sino parte de un proceso global vinculado a la crisis del sistema democr\u00e1tico y al avance del capitalismo en su fase m\u00e1s regresiva. En ese marco, sostuvo que la clase trabajadora enfrenta el desaf\u00edo de construir una alternativa pol\u00edtica propia, clara y sin ambig\u00fcedades.<\/p>\n<p class=\"has-medium-font-size\">Giuliani, quien recientemente permaneci\u00f3 dos meses en Bilbao en condici\u00f3n de refugiado pol\u00edtico, denunci\u00f3 la creciente criminalizaci\u00f3n de la protesta social en la Argentina desde la asunci\u00f3n del presidente Javier Milei. Seg\u00fan relat\u00f3, fue detenido durante una movilizaci\u00f3n pac\u00edfica en la ciudad de C\u00f3rdoba, donde sufri\u00f3 la fractura de un brazo y fue trasladado a una c\u00e1rcel de m\u00e1xima seguridad.<\/p>\n<p class=\"has-medium-font-size\">\u201cProtestar es un derecho fundamental, la base de todos los dem\u00e1s derechos\u201d,\u00a0afirm\u00f3. En ese sentido, se\u00f1al\u00f3 que su situaci\u00f3n personal visibiliza una realidad mucho m\u00e1s profunda: \u201cLas c\u00e1rceles est\u00e1n llenas de j\u00f3venes y de personas pobres, y all\u00ed se vulneran sistem\u00e1ticamente los derechos humanos\u201d.<\/p>\n<p class=\"has-large-font-size\">Durante su estad\u00eda en el Pa\u00eds Vasco, Giuliani destac\u00f3 la construcci\u00f3n de redes internacionales de solidaridad y el intercambio de experiencias con organizaciones de distintos pa\u00edses. \u201cLas luchas cambian de escenario, pero la causa de la opresi\u00f3n es la misma en todo el mundo: El capitalismo\u201d, remarc\u00f3.<\/p>\n<figure class=\"wp-block-image size-full\"><a href=\"https:\/\/gremialonline.com\/wp-content\/uploads\/2026\/01\/fede.png\"><img loading=\"lazy\" decoding=\"async\" class=\"wp-image-1260\" src=\"https:\/\/gremialonline.com\/wp-content\/uploads\/2026\/01\/fede.png\" sizes=\"auto, (max-width: 1024px) 100vw, 1024px\" srcset=\"https:\/\/gremialonline.com\/wp-content\/uploads\/2026\/01\/fede.png 1024w, https:\/\/gremialonline.com\/wp-content\/uploads\/2026\/01\/fede-300x224.png 300w, https:\/\/gremialonline.com\/wp-content\/uploads\/2026\/01\/fede-768x574.png 768w\" alt=\"\" width=\"1024\" height=\"765\" \/><\/a><\/figure>\n<p class=\"has-medium-font-size\">Consultado sobre el avance electoral de la ultraderecha en Argentina y en otros pa\u00edses de Am\u00e9rica Latina, el dirigente sostuvo que se trata de una tendencia global. \u201cPor primera vez, el fascismo llega al gobierno por el voto popular. Sectores de la clase trabajadora terminaron votando a quienes luego se convierten en sus verdugos\u201d, analiz\u00f3.<\/p>\n<p class=\"has-medium-font-size\">Giuliani identific\u00f3 tres factores centrales que explican este fen\u00f3meno: Un discurso punitivista centrado en la \u201cseguridad\u201d y el endurecimiento penal; la instalaci\u00f3n de narrativas racistas y excluyentes; y una profunda crisis econ\u00f3mica que, seg\u00fan se\u00f1al\u00f3, tambi\u00e9n es responsabilidad de gobiernos progresistas que no lograron dar respuestas estructurales a las demandas sociales.<\/p>\n<p class=\"has-medium-font-size\">En ese contexto, vincul\u00f3 el crecimiento de la ultraderecha con el desgaste de la izquierda tradicional y del propio sistema democr\u00e1tico. \u201cLa democracia actual no garantiza derechos b\u00e1sicos como vivienda, trabajo, educaci\u00f3n o salud. Se redujo a un mecanismo electoral que no asegura participaci\u00f3n real del pueblo\u201d, afirm\u00f3.<\/p>\n<p class=\"has-medium-font-size\">Para Giuliani, la falta de definiciones pol\u00edticas claras es uno de los principales errores del campo popular. \u201cEstamos en una etapa donde no hay lugar para los grises. O se construye una alternativa opuesta al modelo de Milei o la gente termina eligiendo la versi\u00f3n original del ajuste\u201d, advirti\u00f3.<\/p>\n<p class=\"has-medium-font-size\">Desde su perspectiva, la reconstrucci\u00f3n pol\u00edtica debe tener como eje a la clase trabajadora, hoy fragmentada y atravesada por una fuerte disputa cultural. \u201cEl capitalismo logr\u00f3 imponer la idea de que el compa\u00f1ero de al lado es un competidor. Eso debilita la organizaci\u00f3n colectiva y aleja a muchos de la pol\u00edtica\u201d, explic\u00f3.<\/p>\n<p class=\"has-medium-font-size\">Finalmente, el dirigente rechaz\u00f3 la idea de que la juventud est\u00e9 perdida pol\u00edticamente. \u201cMuchos j\u00f3venes no votan porque no ven un proyecto de vida posible. La tarea es volver a movilizarlos, construir una propuesta com\u00fan y recuperar la pol\u00edtica como herramienta de transformaci\u00f3n social\u201d, concluy\u00f3.<\/p>\n<p><strong>Fuente: www.gremialonline.com<\/strong><\/p>\n<\/div>\n","protected":false},"excerpt":{"rendered":"<p>El dirigente sindical y pol\u00edtico Federico Giuliani advirti\u00f3 que el avance de la ultraderecha en Argentina y en la regi\u00f3n no es un fen\u00f3meno aislado, sino parte de un proceso global vinculado a la crisis del sistema democr\u00e1tico y al avance del capitalismo en su fase m\u00e1s regresiva. En ese marco, sostuvo que la clase [&hellip;]<\/p>\n","protected":false},"author":3,"featured_media":52353,"comment_status":"open","ping_status":"open","sticky":false,"template":"","format":"standard","meta":{"_exactmetrics_skip_tracking":false,"_exactmetrics_sitenote_active":false,"_exactmetrics_sitenote_note":"","_exactmetrics_sitenote_category":0,"jnews-multi-image_gallery":[],"jnews_single_post":[],"jnews_primary_category":[],"jnews_social_meta":[],"jnews_review":[],"enable_review":"","type":"","name":"","summary":"","brand":"","sku":"","good":[],"bad":[],"score_override":"","override_value":"","rating":[],"price":[],"jnews_override_counter":[],"jnews_post_split":[],"footnotes":""},"categories":[10],"tags":[],"class_list":["post-52352","post","type-post","status-publish","format-standard","has-post-thumbnail","hentry","category-accion-politica"],"jetpack_featured_media_url":"https:\/\/atecordoba.org\/wp-content\/uploads\/2026\/01\/federicogiuliani.png","_links":{"self":[{"href":"https:\/\/atecordoba.org\/index.php?rest_route=\/wp\/v2\/posts\/52352","targetHints":{"allow":["GET"]}}],"collection":[{"href":"https:\/\/atecordoba.org\/index.php?rest_route=\/wp\/v2\/posts"}],"about":[{"href":"https:\/\/atecordoba.org\/index.php?rest_route=\/wp\/v2\/types\/post"}],"author":[{"embeddable":true,"href":"https:\/\/atecordoba.org\/index.php?rest_route=\/wp\/v2\/users\/3"}],"replies":[{"embeddable":true,"href":"https:\/\/atecordoba.org\/index.php?rest_route=%2Fwp%2Fv2%2Fcomments&post=52352"}],"version-history":[{"count":1,"href":"https:\/\/atecordoba.org\/index.php?rest_route=\/wp\/v2\/posts\/52352\/revisions"}],"predecessor-version":[{"id":52354,"href":"https:\/\/atecordoba.org\/index.php?rest_route=\/wp\/v2\/posts\/52352\/revisions\/52354"}],"wp:featuredmedia":[{"embeddable":true,"href":"https:\/\/atecordoba.org\/index.php?rest_route=\/wp\/v2\/media\/52353"}],"wp:attachment":[{"href":"https:\/\/atecordoba.org\/index.php?rest_route=%2Fwp%2Fv2%2Fmedia&parent=52352"}],"wp:term":[{"taxonomy":"category","embeddable":true,"href":"https:\/\/atecordoba.org\/index.php?rest_route=%2Fwp%2Fv2%2Fcategories&post=52352"},{"taxonomy":"post_tag","embeddable":true,"href":"https:\/\/atecordoba.org\/index.php?rest_route=%2Fwp%2Fv2%2Ftags&post=52352"}],"curies":[{"name":"wp","href":"https:\/\/api.w.org\/{rel}","templated":true}]}}