{"id":52349,"date":"2026-01-19T13:34:10","date_gmt":"2026-01-19T16:34:10","guid":{"rendered":"https:\/\/atecordoba.org\/?p=52349"},"modified":"2026-01-19T13:34:10","modified_gmt":"2026-01-19T16:34:10","slug":"villa-yacanto-ate-participo-de-una-nueva-instancia-paritaria-y-logro-acuerdos-en-defensa-de-las-y-los-trabajadores-municipales","status":"publish","type":"post","link":"https:\/\/atecordoba.org\/?p=52349","title":{"rendered":"Villa Yacanto: ATE particip\u00f3 de una nueva instancia paritaria y logr\u00f3 acuerdos en defensa de las y los trabajadores municipales"},"content":{"rendered":"<p><a href=\"https:\/\/atecordoba.org\/wp-content\/uploads\/2026\/01\/WhatsApp-Image-2026-01-19-at-13.10.46.jpeg\"><img loading=\"lazy\" decoding=\"async\" class=\"alignnone size-full wp-image-52350\" src=\"https:\/\/atecordoba.org\/wp-content\/uploads\/2026\/01\/WhatsApp-Image-2026-01-19-at-13.10.46.jpeg\" alt=\"\" width=\"1600\" height=\"1200\" srcset=\"https:\/\/atecordoba.org\/wp-content\/uploads\/2026\/01\/WhatsApp-Image-2026-01-19-at-13.10.46.jpeg 1600w, https:\/\/atecordoba.org\/wp-content\/uploads\/2026\/01\/WhatsApp-Image-2026-01-19-at-13.10.46-300x225.jpeg 300w, https:\/\/atecordoba.org\/wp-content\/uploads\/2026\/01\/WhatsApp-Image-2026-01-19-at-13.10.46-1024x768.jpeg 1024w, https:\/\/atecordoba.org\/wp-content\/uploads\/2026\/01\/WhatsApp-Image-2026-01-19-at-13.10.46-768x576.jpeg 768w, https:\/\/atecordoba.org\/wp-content\/uploads\/2026\/01\/WhatsApp-Image-2026-01-19-at-13.10.46-1536x1152.jpeg 1536w, https:\/\/atecordoba.org\/wp-content\/uploads\/2026\/01\/WhatsApp-Image-2026-01-19-at-13.10.46-750x563.jpeg 750w, https:\/\/atecordoba.org\/wp-content\/uploads\/2026\/01\/WhatsApp-Image-2026-01-19-at-13.10.46-1140x855.jpeg 1140w\" sizes=\"auto, (max-width: 1600px) 100vw, 1600px\" \/><\/a><\/p>\n<p class=\"isSelectedEnd\">El pasado <strong>19 de enero de 2026<\/strong>, en la Municipalidad de <strong>Villa Yacanto<\/strong>, se llev\u00f3 adelante una nueva <strong>reuni\u00f3n paritaria<\/strong> entre representantes de la <strong>Asociaci\u00f3n Trabajadores del Estado (ATE) C\u00f3rdoba<\/strong> y autoridades del Ejecutivo municipal, con el objetivo de avanzar en la regulaci\u00f3n de las condiciones laborales y salariales de las y los trabajadores municipales.<\/p>\n<p class=\"isSelectedEnd\">Por ATE participaron las delegadas <strong>Roxana C\u00f3rdoba<\/strong> y <strong>Ayelen Ram\u00edrez<\/strong>, mientras que en representaci\u00f3n del municipio estuvieron presentes <strong>Melisa Ben, Edgardo Moiso y Joel Palacios<\/strong>. Tras un intercambio que ambas partes calificaron como constructivo, se alcanzaron una serie de definiciones y compromisos importantes.<\/p>\n<p class=\"isSelectedEnd\">Entre los puntos centrales, se acord\u00f3 <strong>restituir en los haberes de enero los descuentos aplicados indebidamente sobre el Sueldo Anual Complementario (SAC)<\/strong>, luego de que el Ejecutivo no cumpliera lo pactado en la paritaria anterior respecto a no efectuar dichas retenciones.<\/p>\n<p class=\"isSelectedEnd\">En materia salarial, ATE propuso un aumento de <strong>$50.000 en el \u00edtem refrigerio<\/strong>, mientras que el Ejecutivo resolvi\u00f3 otorgar un incremento de <strong>$5.000<\/strong>, que se sumar\u00e1 al monto actual <strong>exclusivamente para el personal de planta permanente y contratos en blanco<\/strong>. Asimismo, el sindicato volvi\u00f3 a plantear el principio de <strong>\u201cigual tarea, igual salario\u201d<\/strong>, proponiendo que el piso salarial sea de <strong>$600.000<\/strong>, equiparando los ingresos de la planta permanente y contratos en blanco con los contratos beca. Como respuesta, el Ejecutivo se comprometi\u00f3 a presentar en el transcurso de la semana una <strong>propuesta para la creaci\u00f3n de \u00edtems de productividad<\/strong>.<\/p>\n<p class=\"isSelectedEnd\">Durante la reuni\u00f3n, ATE tambi\u00e9n exigi\u00f3 que los <strong>conceptos no remunerativos sean incorporados progresivamente al salario b\u00e1sico<\/strong>, y reclam\u00f3 <strong>mayor estabilidad laboral<\/strong>, solicitando que las vacantes existentes permitan el <strong>pase de trabajadores y trabajadoras contratadas a planta permanente<\/strong>, mediante evaluaciones y concursos internos.<\/p>\n<p class=\"isSelectedEnd\">Finalmente, ambas partes asumieron el compromiso de que en la <strong>pr\u00f3xima reuni\u00f3n paritaria<\/strong>, prevista para el <strong>19 de febrero de 2026<\/strong>, se presentar\u00e1n propuestas concretas vinculadas a una <strong>escala salarial<\/strong>, la <strong>actualizaci\u00f3n de categor\u00edas, agrupamientos y escalaf\u00f3n<\/strong>, y la <strong>creaci\u00f3n de un organigrama municipal<\/strong>.<\/p>\n<p>Desde ATE C\u00f3rdoba destacaron la importancia de sostener estos espacios de negociaci\u00f3n colectiva y reafirmaron que la organizaci\u00f3n seguir\u00e1 luchando por <strong>salarios dignos, estabilidad laboral y reglas claras<\/strong> para todas y todos los trabajadores municipales de Villa Yacanto.<\/p>\n","protected":false},"excerpt":{"rendered":"<p>El pasado 19 de enero de 2026, en la Municipalidad de Villa Yacanto, se llev\u00f3 adelante una nueva reuni\u00f3n paritaria entre representantes de la Asociaci\u00f3n Trabajadores del Estado (ATE) C\u00f3rdoba y autoridades del Ejecutivo municipal, con el objetivo de avanzar en la regulaci\u00f3n de las condiciones laborales y salariales de las y los trabajadores municipales. [&hellip;]<\/p>\n","protected":false},"author":3,"featured_media":52350,"comment_status":"open","ping_status":"open","sticky":false,"template":"","format":"standard","meta":{"_exactmetrics_skip_tracking":false,"_exactmetrics_sitenote_active":false,"_exactmetrics_sitenote_note":"","_exactmetrics_sitenote_category":0,"jnews-multi-image_gallery":[],"jnews_single_post":[],"jnews_primary_category":[],"jnews_social_meta":[],"jnews_review":[],"enable_review":"","type":"","name":"","summary":"","brand":"","sku":"","good":[],"bad":[],"score_override":"","override_value":"","rating":[],"price":[],"jnews_override_counter":[],"jnews_post_split":[],"footnotes":""},"categories":[20],"tags":[],"class_list":["post-52349","post","type-post","status-publish","format-standard","has-post-thumbnail","hentry","category-municipales"],"jetpack_featured_media_url":"https:\/\/atecordoba.org\/wp-content\/uploads\/2026\/01\/WhatsApp-Image-2026-01-19-at-13.10.46.jpeg","_links":{"self":[{"href":"https:\/\/atecordoba.org\/index.php?rest_route=\/wp\/v2\/posts\/52349","targetHints":{"allow":["GET"]}}],"collection":[{"href":"https:\/\/atecordoba.org\/index.php?rest_route=\/wp\/v2\/posts"}],"about":[{"href":"https:\/\/atecordoba.org\/index.php?rest_route=\/wp\/v2\/types\/post"}],"author":[{"embeddable":true,"href":"https:\/\/atecordoba.org\/index.php?rest_route=\/wp\/v2\/users\/3"}],"replies":[{"embeddable":true,"href":"https:\/\/atecordoba.org\/index.php?rest_route=%2Fwp%2Fv2%2Fcomments&post=52349"}],"version-history":[{"count":1,"href":"https:\/\/atecordoba.org\/index.php?rest_route=\/wp\/v2\/posts\/52349\/revisions"}],"predecessor-version":[{"id":52351,"href":"https:\/\/atecordoba.org\/index.php?rest_route=\/wp\/v2\/posts\/52349\/revisions\/52351"}],"wp:featuredmedia":[{"embeddable":true,"href":"https:\/\/atecordoba.org\/index.php?rest_route=\/wp\/v2\/media\/52350"}],"wp:attachment":[{"href":"https:\/\/atecordoba.org\/index.php?rest_route=%2Fwp%2Fv2%2Fmedia&parent=52349"}],"wp:term":[{"taxonomy":"category","embeddable":true,"href":"https:\/\/atecordoba.org\/index.php?rest_route=%2Fwp%2Fv2%2Fcategories&post=52349"},{"taxonomy":"post_tag","embeddable":true,"href":"https:\/\/atecordoba.org\/index.php?rest_route=%2Fwp%2Fv2%2Ftags&post=52349"}],"curies":[{"name":"wp","href":"https:\/\/api.w.org\/{rel}","templated":true}]}}