{"id":52346,"date":"2026-01-19T10:33:30","date_gmt":"2026-01-19T13:33:30","guid":{"rendered":"https:\/\/atecordoba.org\/?p=52346"},"modified":"2026-01-19T10:33:30","modified_gmt":"2026-01-19T13:33:30","slug":"ate-cordoba-convoca-a-conferencia-de-prensa-en-mina-clavero-por-despidos-amenazas-y-vulneracion-de-derechos-laborales","status":"publish","type":"post","link":"https:\/\/atecordoba.org\/?p=52346","title":{"rendered":"ATE C\u00f3rdoba convoca a conferencia de prensa en Mina Clavero por despidos, amenazas y vulneraci\u00f3n de derechos laborales"},"content":{"rendered":"<p><a href=\"https:\/\/atecordoba.org\/wp-content\/uploads\/2026\/01\/WhatsApp-Image-2026-01-12-at-10.13.25-1536x1152-1.jpeg\"><img loading=\"lazy\" decoding=\"async\" class=\"alignnone size-full wp-image-52347\" src=\"https:\/\/atecordoba.org\/wp-content\/uploads\/2026\/01\/WhatsApp-Image-2026-01-12-at-10.13.25-1536x1152-1.jpeg\" alt=\"\" width=\"1536\" height=\"1152\" srcset=\"https:\/\/atecordoba.org\/wp-content\/uploads\/2026\/01\/WhatsApp-Image-2026-01-12-at-10.13.25-1536x1152-1.jpeg 1536w, https:\/\/atecordoba.org\/wp-content\/uploads\/2026\/01\/WhatsApp-Image-2026-01-12-at-10.13.25-1536x1152-1-300x225.jpeg 300w, https:\/\/atecordoba.org\/wp-content\/uploads\/2026\/01\/WhatsApp-Image-2026-01-12-at-10.13.25-1536x1152-1-1024x768.jpeg 1024w, https:\/\/atecordoba.org\/wp-content\/uploads\/2026\/01\/WhatsApp-Image-2026-01-12-at-10.13.25-1536x1152-1-768x576.jpeg 768w, https:\/\/atecordoba.org\/wp-content\/uploads\/2026\/01\/WhatsApp-Image-2026-01-12-at-10.13.25-1536x1152-1-750x563.jpeg 750w, https:\/\/atecordoba.org\/wp-content\/uploads\/2026\/01\/WhatsApp-Image-2026-01-12-at-10.13.25-1536x1152-1-1140x855.jpeg 1140w\" sizes=\"auto, (max-width: 1536px) 100vw, 1536px\" \/><\/a><\/p>\n<p class=\"isSelectedEnd\">Desde la <strong>Asociaci\u00f3n Trabajadores del Estado (ATE) C\u00f3rdoba<\/strong> informamos que <strong>este martes 20 de enero realizaremos una conferencia de prensa en la puerta de la Municipalidad de Mina Clavero<\/strong>, con el objetivo de denunciar p\u00fablicamente el <strong>despido injustificado de nuestra afiliada Cristina Heredia<\/strong>, quien se desempe\u00f1\u00f3 durante <strong>14 a\u00f1os<\/strong> como trabajadora municipal, y para visibilizar la grave situaci\u00f3n de <strong>amenazas de nuevos despidos y vulneraci\u00f3n permanente de derechos<\/strong> que atraviesan las y los trabajadores del municipio.<\/p>\n<p class=\"isSelectedEnd\">El despido de Cristina Heredia no es un hecho aislado, sino que se inscribe en un contexto de <strong>hostigamiento, precarizaci\u00f3n laboral y disciplinamiento<\/strong>, que genera miedo e incertidumbre entre las y los trabajadores municipales. Desde ATE advertimos que estas pr\u00e1cticas atentan contra la estabilidad laboral, la libertad sindical y la dignidad de quienes sostienen cotidianamente los servicios p\u00fablicos en la localidad.<\/p>\n<p class=\"isSelectedEnd\">Responsabilizamos <strong>directamente al intendente Luis Quiroga<\/strong> por esta situaci\u00f3n, por la falta de di\u00e1logo, la ausencia de respuestas y la implementaci\u00f3n de pol\u00edticas que profundizan la vulnerabilidad laboral y social de las y los trabajadores municipales.<\/p>\n<p class=\"isSelectedEnd\">Desde ATE C\u00f3rdoba reafirmamos que <strong>no vamos a permitir despidos arbitrarios ni persecuciones<\/strong>, y que la organizaci\u00f3n colectiva es la \u00fanica salida frente a estas pr\u00e1cticas autoritarias. Exigimos la <strong>inmediata reincorporaci\u00f3n de Cristina Heredia<\/strong>, el cese de las amenazas y el respeto pleno de los derechos laborales y sindicales.<\/p>\n<p>Convocamos a los medios de comunicaci\u00f3n, organizaciones sociales, pol\u00edticas y a la comunidad en general a acompa\u00f1ar esta conferencia de prensa, porque <strong>defender a una trabajadora es defender a todas y todos<\/strong>.<\/p>\n","protected":false},"excerpt":{"rendered":"<p>Desde la Asociaci\u00f3n Trabajadores del Estado (ATE) C\u00f3rdoba informamos que este martes 20 de enero realizaremos una conferencia de prensa en la puerta de la Municipalidad de Mina Clavero, con el objetivo de denunciar p\u00fablicamente el despido injustificado de nuestra afiliada Cristina Heredia, quien se desempe\u00f1\u00f3 durante 14 a\u00f1os como trabajadora municipal, y para visibilizar [&hellip;]<\/p>\n","protected":false},"author":3,"featured_media":52347,"comment_status":"open","ping_status":"open","sticky":false,"template":"","format":"standard","meta":{"_exactmetrics_skip_tracking":false,"_exactmetrics_sitenote_active":false,"_exactmetrics_sitenote_note":"","_exactmetrics_sitenote_category":0,"jnews-multi-image_gallery":[],"jnews_single_post":[],"jnews_primary_category":[],"jnews_social_meta":[],"jnews_review":[],"enable_review":"","type":"","name":"","summary":"","brand":"","sku":"","good":[],"bad":[],"score_override":"","override_value":"","rating":[],"price":[],"jnews_override_counter":[],"jnews_post_split":[],"footnotes":""},"categories":[20],"tags":[],"class_list":["post-52346","post","type-post","status-publish","format-standard","has-post-thumbnail","hentry","category-municipales"],"jetpack_featured_media_url":"https:\/\/atecordoba.org\/wp-content\/uploads\/2026\/01\/WhatsApp-Image-2026-01-12-at-10.13.25-1536x1152-1.jpeg","_links":{"self":[{"href":"https:\/\/atecordoba.org\/index.php?rest_route=\/wp\/v2\/posts\/52346","targetHints":{"allow":["GET"]}}],"collection":[{"href":"https:\/\/atecordoba.org\/index.php?rest_route=\/wp\/v2\/posts"}],"about":[{"href":"https:\/\/atecordoba.org\/index.php?rest_route=\/wp\/v2\/types\/post"}],"author":[{"embeddable":true,"href":"https:\/\/atecordoba.org\/index.php?rest_route=\/wp\/v2\/users\/3"}],"replies":[{"embeddable":true,"href":"https:\/\/atecordoba.org\/index.php?rest_route=%2Fwp%2Fv2%2Fcomments&post=52346"}],"version-history":[{"count":1,"href":"https:\/\/atecordoba.org\/index.php?rest_route=\/wp\/v2\/posts\/52346\/revisions"}],"predecessor-version":[{"id":52348,"href":"https:\/\/atecordoba.org\/index.php?rest_route=\/wp\/v2\/posts\/52346\/revisions\/52348"}],"wp:featuredmedia":[{"embeddable":true,"href":"https:\/\/atecordoba.org\/index.php?rest_route=\/wp\/v2\/media\/52347"}],"wp:attachment":[{"href":"https:\/\/atecordoba.org\/index.php?rest_route=%2Fwp%2Fv2%2Fmedia&parent=52346"}],"wp:term":[{"taxonomy":"category","embeddable":true,"href":"https:\/\/atecordoba.org\/index.php?rest_route=%2Fwp%2Fv2%2Fcategories&post=52346"},{"taxonomy":"post_tag","embeddable":true,"href":"https:\/\/atecordoba.org\/index.php?rest_route=%2Fwp%2Fv2%2Ftags&post=52346"}],"curies":[{"name":"wp","href":"https:\/\/api.w.org\/{rel}","templated":true}]}}