{"id":52341,"date":"2026-01-19T10:04:55","date_gmt":"2026-01-19T13:04:55","guid":{"rendered":"https:\/\/atecordoba.org\/?p=52341"},"modified":"2026-01-19T10:04:55","modified_gmt":"2026-01-19T13:04:55","slug":"ate-cordoba-exige-la-apertura-urgente-de-paritarias-2026-y-rechaza-el-aumento-de-aportes-a-apross-y-caja-de-jubilaciones","status":"publish","type":"post","link":"https:\/\/atecordoba.org\/?p=52341","title":{"rendered":"ATE C\u00f3rdoba exige la apertura urgente de paritarias 2026 y rechaza el aumento de aportes a APROSS y caja de jubilaciones"},"content":{"rendered":"<p><a href=\"https:\/\/atecordoba.org\/wp-content\/uploads\/2026\/01\/marcha0709-144-1024x684-1.jpg\"><img loading=\"lazy\" decoding=\"async\" class=\"alignnone size-full wp-image-52342\" src=\"https:\/\/atecordoba.org\/wp-content\/uploads\/2026\/01\/marcha0709-144-1024x684-1.jpg\" alt=\"\" width=\"1024\" height=\"684\" srcset=\"https:\/\/atecordoba.org\/wp-content\/uploads\/2026\/01\/marcha0709-144-1024x684-1.jpg 1024w, https:\/\/atecordoba.org\/wp-content\/uploads\/2026\/01\/marcha0709-144-1024x684-1-300x200.jpg 300w, https:\/\/atecordoba.org\/wp-content\/uploads\/2026\/01\/marcha0709-144-1024x684-1-768x513.jpg 768w, https:\/\/atecordoba.org\/wp-content\/uploads\/2026\/01\/marcha0709-144-1024x684-1-750x501.jpg 750w\" sizes=\"auto, (max-width: 1024px) 100vw, 1024px\" \/><\/a><\/p>\n<p class=\"isSelectedEnd\">Desde la Asociaci\u00f3n Trabajadores del Estado (ATE) C\u00f3rdoba exigimos al Gobierno Provincial encabezado por Mart\u00edn Llaryora la <strong>convocatoria inmediata a nuestra organizaci\u00f3n para la apertura de la discusi\u00f3n salarial correspondiente al primer per\u00edodo de 2026<\/strong>, en el marco de las paritarias provinciales. Las y los trabajadores estatales no pueden seguir esperando mientras se deteriora el poder adquisitivo de los salarios frente a una inflaci\u00f3n persistente y un contexto de ajuste.<\/p>\n<p><a href=\"https:\/\/atecordoba.org\/wp-content\/uploads\/2026\/01\/612825615_1297147479101830_3578243109377883241_n.jpg\"><img loading=\"lazy\" decoding=\"async\" class=\"alignleft wp-image-52251 size-medium\" src=\"https:\/\/atecordoba.org\/wp-content\/uploads\/2026\/01\/612825615_1297147479101830_3578243109377883241_n-300x200.jpg\" alt=\"\" width=\"300\" height=\"200\" srcset=\"https:\/\/atecordoba.org\/wp-content\/uploads\/2026\/01\/612825615_1297147479101830_3578243109377883241_n-300x200.jpg 300w, https:\/\/atecordoba.org\/wp-content\/uploads\/2026\/01\/612825615_1297147479101830_3578243109377883241_n-1024x684.jpg 1024w, https:\/\/atecordoba.org\/wp-content\/uploads\/2026\/01\/612825615_1297147479101830_3578243109377883241_n-768x513.jpg 768w, https:\/\/atecordoba.org\/wp-content\/uploads\/2026\/01\/612825615_1297147479101830_3578243109377883241_n-1536x1026.jpg 1536w, https:\/\/atecordoba.org\/wp-content\/uploads\/2026\/01\/612825615_1297147479101830_3578243109377883241_n-750x501.jpg 750w, https:\/\/atecordoba.org\/wp-content\/uploads\/2026\/01\/612825615_1297147479101830_3578243109377883241_n-1140x761.jpg 1140w, https:\/\/atecordoba.org\/wp-content\/uploads\/2026\/01\/612825615_1297147479101830_3578243109377883241_n.jpg 2048w\" sizes=\"auto, (max-width: 300px) 100vw, 300px\" \/><\/a>En este sentido, el Secretario General de ATE y la CTA Aut\u00f3noma C\u00f3rdoba, <strong>Federico Giuliani<\/strong>, afirm\u00f3: <em>\u201cNo se puede hablar de di\u00e1logo social mientras el Gobierno toma decisiones unilaterales que ajustan el salario de las y los trabajadores. Las paritarias no son una concesi\u00f3n: son un derecho\u201d<\/em>.<\/p>\n<p>&nbsp;<\/p>\n<p>&nbsp;<\/p>\n<p class=\"isSelectedEnd\">En este escenario, <strong>ATE C\u00f3rdoba rechaza de manera categ\u00f3rica el incremento del uno por ciento (1%) en los aportes a APROSS<\/strong>, dispuesto mediante la Resoluci\u00f3n N\u00b0 2025\/MEyGP-00000481 del Ministerio de Econom\u00eda y Gesti\u00f3n P\u00fablica, que comenz\u00f3 a regir con la liquidaci\u00f3n de haberes de diciembre de 2025 y que tambi\u00e9n impactar\u00e1 sobre el Sueldo Anual Complementario a partir de 2026. Esta medida implica un <strong>nuevo descuento directo al salario de las y los trabajadores activos y jubilados<\/strong>, profundizando la p\u00e9rdida de ingresos.<\/p>\n<p class=\"isSelectedEnd\">Al respecto, Giuliani sostuvo: <em>\u201cCada punto que se aumenta en los aportes es un punto menos en el plato de comida de nuestras familias. Pretenden que seamos las y los trabajadores quienes financiemos el d\u00e9ficit de la obra social y de la Caja, mientras el salario no alcanza para llegar a fin de mes\u201d<\/em>.<\/p>\n<p class=\"isSelectedEnd\">Desde ATE C\u00f3rdoba reafirmamos que <strong>no es responsabilidad de las y los estatales sostener el sistema previsional ni la obra social provincial<\/strong>. El incremento de los aportes se suma a una serie de decisiones adoptadas <strong>a espaldas de los gremios<\/strong>, vulnerando la negociaci\u00f3n colectiva y desconociendo a las organizaciones sindicales como representantes leg\u00edtimas.<\/p>\n<p class=\"isSelectedEnd\">\u201c<em>Este Gobierno provincial repite una l\u00f3gica conocida: ajuste para abajo y silencio para arriba. No tocan a los grandes grupos econ\u00f3micos, pero avanzan sin pudor sobre el salario de estatales activos y jubilados<\/em>\u201d, denunci\u00f3 Giuliani.<\/p>\n<p class=\"isSelectedEnd\">Durante las \u00faltimas semanas, <strong>m\u00e1s de 20 gremios de la provincia protagonizamos masivas movilizaciones hacia la Legislatura<\/strong>, en rechazo al aumento de los aportes a la Caja de Jubilaciones y a APROSS. All\u00ed se expres\u00f3 con claridad que estas pol\u00edticas constituyen un <strong>ajuste encubierto<\/strong>, que afecta el presente y el futuro de las y los trabajadores.<\/p>\n<p class=\"isSelectedEnd\">Finalmente, el dirigente sindical remarc\u00f3: <em>\u201cLa salida no es meterle la mano en el bolsillo a quienes viven de su trabajo. La soluci\u00f3n es exigirle a la Naci\u00f3n los fondos que adeuda y discutir seriamente una pol\u00edtica salarial que recupere lo perdido. Paritarias ya, con todos los gremios en la mesa y sin condicionamientos\u201d<\/em>.<\/p>\n<p>Desde ATE C\u00f3rdoba advertimos que <strong>seguiremos organizados, movilizados y en la calle<\/strong>, defendiendo el salario, las condiciones laborales y la dignidad de las y los trabajadores estatales de toda la provincia.<\/p>\n","protected":false},"excerpt":{"rendered":"<p>Desde la Asociaci\u00f3n Trabajadores del Estado (ATE) C\u00f3rdoba exigimos al Gobierno Provincial encabezado por Mart\u00edn Llaryora la convocatoria inmediata a nuestra organizaci\u00f3n para la apertura de la discusi\u00f3n salarial correspondiente al primer per\u00edodo de 2026, en el marco de las paritarias provinciales. Las y los trabajadores estatales no pueden seguir esperando mientras se deteriora el [&hellip;]<\/p>\n","protected":false},"author":3,"featured_media":52342,"comment_status":"open","ping_status":"open","sticky":false,"template":"","format":"standard","meta":{"_exactmetrics_skip_tracking":false,"_exactmetrics_sitenote_active":false,"_exactmetrics_sitenote_note":"","_exactmetrics_sitenote_category":0,"jnews-multi-image_gallery":[],"jnews_single_post":[],"jnews_primary_category":[],"jnews_social_meta":[],"jnews_review":[],"enable_review":"","type":"","name":"","summary":"","brand":"","sku":"","good":[],"bad":[],"score_override":"","override_value":"","rating":[],"price":[],"jnews_override_counter":[],"jnews_post_split":[],"footnotes":""},"categories":[8],"tags":[],"class_list":["post-52341","post","type-post","status-publish","format-standard","has-post-thumbnail","hentry","category-provinciales"],"jetpack_featured_media_url":"https:\/\/atecordoba.org\/wp-content\/uploads\/2026\/01\/marcha0709-144-1024x684-1.jpg","_links":{"self":[{"href":"https:\/\/atecordoba.org\/index.php?rest_route=\/wp\/v2\/posts\/52341","targetHints":{"allow":["GET"]}}],"collection":[{"href":"https:\/\/atecordoba.org\/index.php?rest_route=\/wp\/v2\/posts"}],"about":[{"href":"https:\/\/atecordoba.org\/index.php?rest_route=\/wp\/v2\/types\/post"}],"author":[{"embeddable":true,"href":"https:\/\/atecordoba.org\/index.php?rest_route=\/wp\/v2\/users\/3"}],"replies":[{"embeddable":true,"href":"https:\/\/atecordoba.org\/index.php?rest_route=%2Fwp%2Fv2%2Fcomments&post=52341"}],"version-history":[{"count":1,"href":"https:\/\/atecordoba.org\/index.php?rest_route=\/wp\/v2\/posts\/52341\/revisions"}],"predecessor-version":[{"id":52343,"href":"https:\/\/atecordoba.org\/index.php?rest_route=\/wp\/v2\/posts\/52341\/revisions\/52343"}],"wp:featuredmedia":[{"embeddable":true,"href":"https:\/\/atecordoba.org\/index.php?rest_route=\/wp\/v2\/media\/52342"}],"wp:attachment":[{"href":"https:\/\/atecordoba.org\/index.php?rest_route=%2Fwp%2Fv2%2Fmedia&parent=52341"}],"wp:term":[{"taxonomy":"category","embeddable":true,"href":"https:\/\/atecordoba.org\/index.php?rest_route=%2Fwp%2Fv2%2Fcategories&post=52341"},{"taxonomy":"post_tag","embeddable":true,"href":"https:\/\/atecordoba.org\/index.php?rest_route=%2Fwp%2Fv2%2Ftags&post=52341"}],"curies":[{"name":"wp","href":"https:\/\/api.w.org\/{rel}","templated":true}]}}