{"id":52332,"date":"2026-01-16T12:54:31","date_gmt":"2026-01-16T15:54:31","guid":{"rendered":"https:\/\/atecordoba.org\/?p=52332"},"modified":"2026-01-16T12:56:00","modified_gmt":"2026-01-16T15:56:00","slug":"ate-y-la-cta-a-cordoba-reclamo-la-libertad-de-milagro-sala-a-diez-anos-de-su-injusta-detencion","status":"publish","type":"post","link":"https:\/\/atecordoba.org\/?p=52332","title":{"rendered":"ATE y la CTA-A C\u00f3rdoba reclam\u00f3 la libertad de Milagro Sala a diez a\u00f1os de su injusta detenci\u00f3n"},"content":{"rendered":"<p><a href=\"https:\/\/atecordoba.org\/wp-content\/uploads\/2026\/01\/GvfyafXXQAAA5MD.jpg\"><img loading=\"lazy\" decoding=\"async\" class=\"alignnone size-full wp-image-52333\" src=\"https:\/\/atecordoba.org\/wp-content\/uploads\/2026\/01\/GvfyafXXQAAA5MD.jpg\" alt=\"\" width=\"663\" height=\"580\" srcset=\"https:\/\/atecordoba.org\/wp-content\/uploads\/2026\/01\/GvfyafXXQAAA5MD.jpg 663w, https:\/\/atecordoba.org\/wp-content\/uploads\/2026\/01\/GvfyafXXQAAA5MD-300x262.jpg 300w\" sizes=\"auto, (max-width: 663px) 100vw, 663px\" \/><\/a><\/p>\n<p>ATE y la CTA Aut\u00f3noma de la Provincia de C\u00f3rdoba exigi\u00f3 \u201cla inmediata libertad de la dirigente Milagro Sala detenida hace diez a\u00f1os por la Justicia a instancias del poder pol\u00edtico de Jujuy, encabezado en ese momento por el Gobernador Gerardo Morales, para garantizar la gobernabilidad de un r\u00e9gimen basado en el despojo del pueblo, el saqueo de sus bienes naturales y el incremento de la desigualdad social\u201d<strong>.<\/strong><\/p>\n<p>\u201cNada de lo que est\u00e1 perpetrando con sa\u00f1a contra nuestro pueblo el Gobierno cipayo de Milei, deber\u00eda ocultar el silencio estruendoso que rodea la infame prisi\u00f3n de Milagro Sala\u201d, avis\u00f3.<\/p>\n<p>Y a\u00f1adi\u00f3: \u201cAl cumplirse 10 a\u00f1os de su injusta y arbitraria detenci\u00f3n, y habiendo sido v\u00edctima de hostigamiento sistem\u00e1tico, le corresponde el derecho a la libertad condicional a partir del 16 de enero\u201d.<\/p>\n<p>Record\u00f3 que \u201cMilagro fue detenida el 16 de enero de 2016, a pocos d\u00edas de la asunci\u00f3n de Mauricio Macri como Presidente. Su detenci\u00f3n arbitraria fue el resultado de la persecuci\u00f3n pol\u00edtica y judicial orquestada por el radical Gerardo Morales, entonces Gobernador de Jujuy\u201d.<\/p>\n<p>Para ATE y la CTA-A, Sala \u201csigue detenida no por lo que pudo haber hecho mal, sino por la inmensa obra social llevada adelante con la Organizaci\u00f3n Barrial Tupac Amaru entre los sectores m\u00e1s empobrecidos de la poblaci\u00f3n, algo que para la oligarqu\u00eda significa un mal ejemplo que hay que erradicar de ra\u00edz mediante la criminalizaci\u00f3n y judicializaci\u00f3n de la protesta social\u201d.<\/p>\n<p><img loading=\"lazy\" decoding=\"async\" class=\"alignnone size-medium wp-image-102681\" src=\"http:\/\/ctaacordoba.org\/wp-content\/uploads\/2025\/07\/GvPt1QkWIAAFcjt-300x300.jpg\" sizes=\"auto, (max-width: 300px) 100vw, 300px\" srcset=\"https:\/\/ctaacordoba.org\/wp-content\/uploads\/2025\/07\/GvPt1QkWIAAFcjt-300x300.jpg 300w, https:\/\/ctaacordoba.org\/wp-content\/uploads\/2025\/07\/GvPt1QkWIAAFcjt-150x150.jpg 150w, https:\/\/ctaacordoba.org\/wp-content\/uploads\/2025\/07\/GvPt1QkWIAAFcjt.jpg 638w\" alt=\"\" width=\"300\" height=\"300\" \/><\/p>\n<p>La Central asegur\u00f3 que \u201ca la compa\u00f1era no le perdonan una verdad irrefutable que ha repetido hasta el cansancio: \u2018Cuando hay voluntad existen mil recursos. Cuando no hay voluntad existen mil excusas\u2019, y esto vale para propios y extra\u00f1os\u201d.<\/p>\n<div dir=\"auto\">\n<p>\u201cSu prisi\u00f3n debe terminar de inmediato. El silencio de la clase dirigente sobre este tema es repudiable, tanto como que gran parte del campo popular la haya borrado de la agenda p\u00fablica. Reafirmamos que hagan lo que hagan los que est\u00e1n gobernando, apologistas del terrorismo de Estado y del revanchismo olig\u00e1rquico, no podr\u00e1n ponerle esposas a nuestra memoria\u201d, subray\u00f3 el pronunciamiento.<\/p>\n<p><img loading=\"lazy\" decoding=\"async\" class=\"alignnone size-medium wp-image-102678\" src=\"http:\/\/ctaacordoba.org\/wp-content\/uploads\/2022\/07\/87614094_10158016202954805_6758524334706262016_n-300x169-1-300x169.jpg\" sizes=\"auto, (max-width: 300px) 100vw, 300px\" srcset=\"https:\/\/ctaacordoba.org\/wp-content\/uploads\/2022\/07\/87614094_10158016202954805_6758524334706262016_n-300x169-1-300x169.jpg 300w, https:\/\/ctaacordoba.org\/wp-content\/uploads\/2022\/07\/87614094_10158016202954805_6758524334706262016_n-300x169-1.jpg 550w\" alt=\"\" width=\"300\" height=\"169\" \/><\/p>\n<\/div>\n<p>El Secretario General de ATE y la CTA-A C\u00f3rdoba,\u00a0 Federico Giuliani, visit\u00f3 a la dirigente social el 28 de febrero de 2020 en su domicilio de la capital juje\u00f1a para \u201cexpresarle nuestra solidaridad y el respaldo de la lucha que viene llevando adelante para obtener su definitiva libertad. Nosotros conocemos muy bien la obra social de la Tupac Amaru. Vivimos unos d\u00edas en Alto Comedero en 2006 y en el 2008 volvimos a estar durante el Encuentro hacia una Asamblea Nacional de la Constituyente Social\u201d, indic\u00f3.<\/p>\n<p>\u201cMilagro, que se enfrent\u00f3 firmemente al poder econ\u00f3mico, judicial y olig\u00e1rquico de Jujuy, lleva diez a\u00f1os como presa pol\u00edtica por ser militante, luchadora, solidaria, mujer y colla. Sin Justicia no hay paz social\u201d, concluy\u00f3 la declaraci\u00f3n de ATE y la CTA Aut\u00f3noma C\u00f3rdoba.<\/p>\n","protected":false},"excerpt":{"rendered":"<p>ATE y la CTA Aut\u00f3noma de la Provincia de C\u00f3rdoba exigi\u00f3 \u201cla inmediata libertad de la dirigente Milagro Sala detenida hace diez a\u00f1os por la Justicia a instancias del poder pol\u00edtico de Jujuy, encabezado en ese momento por el Gobernador Gerardo Morales, para garantizar la gobernabilidad de un r\u00e9gimen basado en el despojo del pueblo, [&hellip;]<\/p>\n","protected":false},"author":3,"featured_media":52334,"comment_status":"open","ping_status":"open","sticky":false,"template":"","format":"standard","meta":{"_exactmetrics_skip_tracking":false,"_exactmetrics_sitenote_active":false,"_exactmetrics_sitenote_note":"","_exactmetrics_sitenote_category":0,"jnews-multi-image_gallery":[],"jnews_single_post":{"format":"standard","override":[{"template":"1","parallax":"1","fullscreen":"1","layout":"no-sidebar-narrow","sidebar":"default-sidebar","second_sidebar":"default-sidebar","sticky_sidebar":"1","share_position":"bottom","share_float_style":"share-monocrhome","show_share_counter":"1","show_view_counter":"1","show_post_meta":"1","show_post_author_image":"1","show_post_date":"1","post_date_format":"default","post_date_format_custom":"Y\/m\/d","show_post_category":"1","show_post_reading_time":"0","post_reading_time_wpm":"300","post_calculate_word_method":"str_word_count","show_zoom_button":"0","zoom_button_out_step":"2","zoom_button_in_step":"3","show_post_tag":"1","number_popup_post":"1","show_post_related":"1","show_inline_post_related":"0"}],"image_override":[{"single_post_thumbnail_size":"crop-500","single_post_gallery_size":"crop-500"}],"trending_post_position":"meta","trending_post_label":"Trending","sponsored_post_label":"Sponsored by","disable_ad":"0"},"jnews_primary_category":[],"jnews_social_meta":[],"jnews_review":[],"enable_review":"","type":"percentage","name":"","summary":"","brand":"","sku":"","good":[],"bad":[],"score_override":"","override_value":"","rating":[],"price":[],"jnews_override_counter":{"view_counter_number":"0","share_counter_number":"0","like_counter_number":"0","dislike_counter_number":"0"},"jnews_post_split":{"post_split":[{"template":"1","tag":"h2","numbering":"asc","mode":"normal","first":"0","enable_toc":"0","toc_type":"normal"}]},"footnotes":""},"categories":[10],"tags":[],"class_list":["post-52332","post","type-post","status-publish","format-standard","has-post-thumbnail","hentry","category-accion-politica"],"jetpack_featured_media_url":"https:\/\/atecordoba.org\/wp-content\/uploads\/2026\/01\/giuliani_y_miilagro_sala.webp","_links":{"self":[{"href":"https:\/\/atecordoba.org\/index.php?rest_route=\/wp\/v2\/posts\/52332","targetHints":{"allow":["GET"]}}],"collection":[{"href":"https:\/\/atecordoba.org\/index.php?rest_route=\/wp\/v2\/posts"}],"about":[{"href":"https:\/\/atecordoba.org\/index.php?rest_route=\/wp\/v2\/types\/post"}],"author":[{"embeddable":true,"href":"https:\/\/atecordoba.org\/index.php?rest_route=\/wp\/v2\/users\/3"}],"replies":[{"embeddable":true,"href":"https:\/\/atecordoba.org\/index.php?rest_route=%2Fwp%2Fv2%2Fcomments&post=52332"}],"version-history":[{"count":2,"href":"https:\/\/atecordoba.org\/index.php?rest_route=\/wp\/v2\/posts\/52332\/revisions"}],"predecessor-version":[{"id":52337,"href":"https:\/\/atecordoba.org\/index.php?rest_route=\/wp\/v2\/posts\/52332\/revisions\/52337"}],"wp:featuredmedia":[{"embeddable":true,"href":"https:\/\/atecordoba.org\/index.php?rest_route=\/wp\/v2\/media\/52334"}],"wp:attachment":[{"href":"https:\/\/atecordoba.org\/index.php?rest_route=%2Fwp%2Fv2%2Fmedia&parent=52332"}],"wp:term":[{"taxonomy":"category","embeddable":true,"href":"https:\/\/atecordoba.org\/index.php?rest_route=%2Fwp%2Fv2%2Fcategories&post=52332"},{"taxonomy":"post_tag","embeddable":true,"href":"https:\/\/atecordoba.org\/index.php?rest_route=%2Fwp%2Fv2%2Ftags&post=52332"}],"curies":[{"name":"wp","href":"https:\/\/api.w.org\/{rel}","templated":true}]}}