{"id":52330,"date":"2026-01-16T11:46:25","date_gmt":"2026-01-16T14:46:25","guid":{"rendered":"https:\/\/atecordoba.org\/?p=52330"},"modified":"2026-01-16T11:46:25","modified_gmt":"2026-01-16T14:46:25","slug":"rio-primero-ate-inicio-una-mesa-de-trabajo-con-el-ejecutivo-municipal-para-abordar-estabilidad-laboral-y-paritaria-2026-2","status":"publish","type":"post","link":"https:\/\/atecordoba.org\/?p=52330","title":{"rendered":"R\u00edo Primero: ATE inici\u00f3 una mesa de trabajo con el Ejecutivo municipal para abordar estabilidad laboral y paritaria 2026"},"content":{"rendered":"<p><a href=\"https:\/\/atecordoba.org\/wp-content\/uploads\/2026\/01\/WhatsApp-Image-2026-01-16-at-11.39.10.jpeg\"><img loading=\"lazy\" decoding=\"async\" class=\"alignnone size-full wp-image-52328\" src=\"https:\/\/atecordoba.org\/wp-content\/uploads\/2026\/01\/WhatsApp-Image-2026-01-16-at-11.39.10.jpeg\" alt=\"\" width=\"720\" height=\"591\" srcset=\"https:\/\/atecordoba.org\/wp-content\/uploads\/2026\/01\/WhatsApp-Image-2026-01-16-at-11.39.10.jpeg 720w, https:\/\/atecordoba.org\/wp-content\/uploads\/2026\/01\/WhatsApp-Image-2026-01-16-at-11.39.10-300x246.jpeg 300w\" sizes=\"auto, (max-width: 720px) 100vw, 720px\" \/><\/a><\/p>\n<p class=\"isSelectedEnd\">El <strong>14 de enero de 2026<\/strong>, en la localidad de <strong>R\u00edo Primero<\/strong>, se llev\u00f3 adelante una reuni\u00f3n entre autoridades del Departamento Ejecutivo Municipal y representantes de la <strong>Asociaci\u00f3n Trabajadores del Estado (ATE)<\/strong>, con el objetivo de <strong>dar inicio a una mesa de trabajo para el a\u00f1o 2026<\/strong>, abordando distintos ejes vinculados a la situaci\u00f3n laboral de las y los trabajadores municipales.<\/p>\n<p class=\"isSelectedEnd\">En representaci\u00f3n de la patronal participaron la <strong>intendenta municipal, Mari\u00e1ngeles Arneudo Galfr\u00e9<\/strong>, la <strong>secretaria de Econom\u00eda, Mariana Luque Vilosio<\/strong>, y la <strong>secretaria de Gobierno, Romina Eliana Villagr\u00e1n<\/strong>.<br \/>\nPor parte de ATE estuvieron presentes<strong> nuestro secretario gremial Jorge Chalup, nuestro secretario de organizaci\u00f3n Javier Bracamonte<\/strong> y el <strong>delegado municipal Jos\u00e9 Baigorria<\/strong>, en representaci\u00f3n de las y los trabajadores de la Municipalidad de R\u00edo Primero.<\/p>\n<p class=\"isSelectedEnd\">Durante el encuentro se trataron los siguientes puntos:<\/p>\n<ul data-spread=\"false\">\n<li>\n<p class=\"isSelectedEnd\"><strong>Personal de planta permanente<\/strong>: se plante\u00f3 avanzar en <strong>recategorizaciones para el a\u00f1o 2026<\/strong>, teniendo en cuenta la edad de las y los trabajadores y la proximidad a la jubilaci\u00f3n.<\/p>\n<\/li>\n<li>\n<p class=\"isSelectedEnd\"><strong>Pases a planta permanente<\/strong> de personal contratado, considerando <strong>antig\u00fcedad y desempe\u00f1o laboral<\/strong>.<\/p>\n<\/li>\n<li>\n<p class=\"isSelectedEnd\"><strong>Personal becado<\/strong>: se discuti\u00f3 la posibilidad de <strong>pase a personal contratado<\/strong>, tambi\u00e9n en funci\u00f3n de la antig\u00fcedad y el desempe\u00f1o.<\/p>\n<\/li>\n<li>\n<p class=\"isSelectedEnd\"><strong>Paritaria 2026<\/strong>: se acord\u00f3 que en el mes de marzo, una vez que el Concejo Deliberante retome sus sesiones y se cumpla con el procedimiento legal correspondiente, se abonar\u00e1 de manera <strong>retroactiva el acompa\u00f1amiento de la inflaci\u00f3n de los meses de enero y febrero<\/strong>.<\/p>\n<\/li>\n<li>\n<p class=\"isSelectedEnd\"><strong>Licencia sanitaria<\/strong>: las y los representantes gremiales plantearon la necesidad de establecer esta licencia. Desde ATE se acompa\u00f1ar\u00e1 un <strong>proyecto formal<\/strong> para su tratamiento en la pr\u00f3xima reuni\u00f3n.<\/p>\n<\/li>\n<\/ul>\n<p class=\"isSelectedEnd\">Asimismo, el Departamento Ejecutivo Municipal se comprometi\u00f3 a <strong>elaborar un informe sobre los temas abordados<\/strong>, con el fin de continuar trabaj\u00e1ndolos de manera conjunta en el pr\u00f3ximo encuentro.<\/p>\n<p class=\"isSelectedEnd\">Finalmente, ambas partes acordaron <strong>volver a reunirse el 19 de febrero a las 8:30 horas<\/strong>, para dar continuidad a los temas conversados y avanzar en definiciones concretas.<\/p>\n<p class=\"isSelectedEnd\">Desde ATE C\u00f3rdoba valoramos la apertura de esta mesa de trabajo como una instancia fundamental para <strong>discutir estabilidad laboral, derechos y condiciones de trabajo<\/strong>, reafirmando que la organizaci\u00f3n y la negociaci\u00f3n colectiva son herramientas centrales para defender a las y los trabajadores municipales.<\/p>\n<p><strong>La lucha es colectiva y desde las bases.<\/strong><br \/>\n<strong>ATE presente en cada municipio.<\/strong><\/p>\n","protected":false},"excerpt":{"rendered":"<p>El 14 de enero de 2026, en la localidad de R\u00edo Primero, se llev\u00f3 adelante una reuni\u00f3n entre autoridades del Departamento Ejecutivo Municipal y representantes de la Asociaci\u00f3n Trabajadores del Estado (ATE), con el objetivo de dar inicio a una mesa de trabajo para el a\u00f1o 2026, abordando distintos ejes vinculados a la situaci\u00f3n laboral [&hellip;]<\/p>\n","protected":false},"author":3,"featured_media":52328,"comment_status":"open","ping_status":"open","sticky":false,"template":"","format":"standard","meta":{"_exactmetrics_skip_tracking":false,"_exactmetrics_sitenote_active":false,"_exactmetrics_sitenote_note":"","_exactmetrics_sitenote_category":0,"jnews-multi-image_gallery":[],"jnews_single_post":[],"jnews_primary_category":[],"jnews_social_meta":[],"jnews_review":[],"enable_review":"","type":"","name":"","summary":"","brand":"","sku":"","good":[],"bad":[],"score_override":"","override_value":"","rating":[],"price":[],"jnews_override_counter":[],"jnews_post_split":[],"footnotes":""},"categories":[20],"tags":[],"class_list":["post-52330","post","type-post","status-publish","format-standard","has-post-thumbnail","hentry","category-municipales"],"jetpack_featured_media_url":"https:\/\/atecordoba.org\/wp-content\/uploads\/2026\/01\/WhatsApp-Image-2026-01-16-at-11.39.10.jpeg","_links":{"self":[{"href":"https:\/\/atecordoba.org\/index.php?rest_route=\/wp\/v2\/posts\/52330","targetHints":{"allow":["GET"]}}],"collection":[{"href":"https:\/\/atecordoba.org\/index.php?rest_route=\/wp\/v2\/posts"}],"about":[{"href":"https:\/\/atecordoba.org\/index.php?rest_route=\/wp\/v2\/types\/post"}],"author":[{"embeddable":true,"href":"https:\/\/atecordoba.org\/index.php?rest_route=\/wp\/v2\/users\/3"}],"replies":[{"embeddable":true,"href":"https:\/\/atecordoba.org\/index.php?rest_route=%2Fwp%2Fv2%2Fcomments&post=52330"}],"version-history":[{"count":1,"href":"https:\/\/atecordoba.org\/index.php?rest_route=\/wp\/v2\/posts\/52330\/revisions"}],"predecessor-version":[{"id":52331,"href":"https:\/\/atecordoba.org\/index.php?rest_route=\/wp\/v2\/posts\/52330\/revisions\/52331"}],"wp:featuredmedia":[{"embeddable":true,"href":"https:\/\/atecordoba.org\/index.php?rest_route=\/wp\/v2\/media\/52328"}],"wp:attachment":[{"href":"https:\/\/atecordoba.org\/index.php?rest_route=%2Fwp%2Fv2%2Fmedia&parent=52330"}],"wp:term":[{"taxonomy":"category","embeddable":true,"href":"https:\/\/atecordoba.org\/index.php?rest_route=%2Fwp%2Fv2%2Fcategories&post=52330"},{"taxonomy":"post_tag","embeddable":true,"href":"https:\/\/atecordoba.org\/index.php?rest_route=%2Fwp%2Fv2%2Ftags&post=52330"}],"curies":[{"name":"wp","href":"https:\/\/api.w.org\/{rel}","templated":true}]}}