{"id":52324,"date":"2026-01-16T11:41:52","date_gmt":"2026-01-16T14:41:52","guid":{"rendered":"https:\/\/atecordoba.org\/?p=52324"},"modified":"2026-01-16T11:41:52","modified_gmt":"2026-01-16T14:41:52","slug":"hospital-luis-bellodi-denuncian-maltrato-laboral-abusos-de-autoridad-y-precarizacion-en-mina-clavero","status":"publish","type":"post","link":"https:\/\/atecordoba.org\/?p=52324","title":{"rendered":"Hospital Luis Bellodi: denuncian maltrato laboral, abusos de autoridad y precarizaci\u00f3n en Mina Clavero"},"content":{"rendered":"<p><a href=\"https:\/\/atecordoba.org\/wp-content\/uploads\/2026\/01\/484624223_1127463606060000_45437215872324719_n.jpg\"><img loading=\"lazy\" decoding=\"async\" class=\"alignnone size-full wp-image-52325\" src=\"https:\/\/atecordoba.org\/wp-content\/uploads\/2026\/01\/484624223_1127463606060000_45437215872324719_n.jpg\" alt=\"\" width=\"800\" height=\"413\" \/><\/a><\/p>\n<p class=\"isSelectedEnd\">Trabajadoras y trabajadores del <strong>Hospital Luis Bellodi de Mina Clavero<\/strong> atraviesan una situaci\u00f3n cr\u00edtica marcada por el <strong>maltrato institucional, la arbitrariedad en la organizaci\u00f3n del trabajo y amenazas constantes<\/strong>, seg\u00fan denunci\u00f3 ATE Traslasierra a partir de los testimonios recogidos en el sector.<\/p>\n<p><a href=\"https:\/\/atecordoba.org\/wp-content\/uploads\/2026\/01\/sddefault.jpg\"><img loading=\"lazy\" decoding=\"async\" class=\"alignnone size-full wp-image-52326\" src=\"https:\/\/atecordoba.org\/wp-content\/uploads\/2026\/01\/sddefault.jpg\" alt=\"\" width=\"640\" height=\"480\" srcset=\"https:\/\/atecordoba.org\/wp-content\/uploads\/2026\/01\/sddefault.jpg 640w, https:\/\/atecordoba.org\/wp-content\/uploads\/2026\/01\/sddefault-300x225.jpg 300w\" sizes=\"auto, (max-width: 640px) 100vw, 640px\" \/><\/a><\/p>\n<blockquote>\n<p class=\"isSelectedEnd\">La delegada de ATE Traslasierra, <strong>Milagros Sozzi<\/strong>, describi\u00f3 un escenario cotidiano de vulneraci\u00f3n de derechos, especialmente sobre el personal contratado. <strong>\u201cHay compa\u00f1eras a las que les cambian los turnos cuando la planilla ya est\u00e1 expuesta. Siempre se dijo que la planilla es un documento y que no se puede modificar, salvo con consentimiento de las partes. Ac\u00e1 eso no se respeta\u201d, se\u00f1al\u00f3.<\/strong><\/p>\n<\/blockquote>\n<p class=\"isSelectedEnd\">Uno de los reclamos m\u00e1s reiterados tiene que ver con la <strong>quita arbitraria de francos<\/strong>.<strong><em> \u201cTe sacan el franco y te hacen ir a trabajar en tu d\u00eda libre. La mayor\u00eda de las compa\u00f1eras tienen dos o tres trabajos, y esto les implica tener que reorganizar todo o ver qui\u00e9n las cubre en otros lados\u201d<\/em><\/strong>, explic\u00f3 Sozzi. Adem\u00e1s, denunci\u00f3 que esos francos luego quedan como \u201cadeudados\u201d durante meses: <strong><em>\u201cPor ejemplo, te corresponden nueve francos y te quitan dos. Te los devuelven cuando ellas quieren, y por ah\u00ed pasan dos o tres meses sin que te devuelvan lo que te deben\u201d<\/em>.<\/strong><\/p>\n<p class=\"isSelectedEnd\">La delegada tambi\u00e9n advirti\u00f3 sobre un <strong>clima permanente de amenazas y disciplinamiento<\/strong>. <em><strong>\u201cCada vez que alguna de las chicas contratadas reclama algo, empieza la amenaza de que van a perder el trabajo, de que depende de ellas si les renuevan el contrato en marzo o no\u201d<\/strong><\/em>, relat\u00f3. En ese marco, denunci\u00f3 traslados arbitrarios:<em><strong> \u201cDicen que van a decidir qui\u00e9nes van a ser trasladadas al Hospital de Villa Dolores, sin ning\u00fan criterio\u201d.<\/strong><\/em><\/p>\n<p class=\"isSelectedEnd\">Las pr\u00e1cticas denunciadas incluyen adem\u00e1s <strong>violencia simb\u00f3lica y de g\u00e9nero<\/strong>. <em><strong>\u201cLes dicen que sean \u2018chicas buenas\u2019, que se porten bien, que no se vayan a quedar embarazadas\u201d<\/strong><\/em>, expres\u00f3 Sozzi, dando cuenta del nivel de hostigamiento que atraviesan las trabajadoras.<\/p>\n<p class=\"isSelectedEnd\">En relaci\u00f3n a las licencias, la situaci\u00f3n no es distinta. \u201cLas vacaciones te las imponen: te dicen \u2018te pod\u00e9s tomar en este mes y en este mes\u2019. No pod\u00e9s decidir cu\u00e1ndo salir de vacaciones\u201d, afirm\u00f3. Tambi\u00e9n se\u00f1al\u00f3 que <strong>no se permiten francos especiales<\/strong> si la trabajadora regres\u00f3 recientemente de vacaciones, sin importar la situaci\u00f3n personal o familiar.<\/p>\n<p class=\"isSelectedEnd\">El <strong>sistema de rotaci\u00f3n de servicios<\/strong>, que deber\u00eda responder a criterios sanitarios y organizativos, es utilizado como castigo.<em><strong> \u201cUsan la rotaci\u00f3n como sanci\u00f3n. Bajo la excusa del full time, les sacan francos y las obligan a hacer guardias chuecas. Hay mucho abuso de autoridad y mucho maltrato\u201d,<\/strong><\/em> denunci\u00f3.<\/p>\n<p class=\"isSelectedEnd\">El impacto de este contexto ya se refleja en la salud de las trabajadoras. <em><strong>\u201cTenemos dos carpetas psiqui\u00e1tricas producto del maltrato\u201d<\/strong><\/em>, alert\u00f3 la delegada de ATE Traslasierra, remarcando la gravedad de la situaci\u00f3n.<\/p>\n<p>Desde <strong>ATE C\u00f3rdoba<\/strong> exigimos el cese inmediato de estas pr\u00e1cticas en el Hospital Luis Bellodi, el respeto a los derechos laborales, el fin de las amenazas y el establecimiento de condiciones de trabajo dignas. La salud p\u00fablica no puede sostenerse sobre el miedo, la precarizaci\u00f3n y el maltrato hacia quienes la garantizan todos los d\u00edas.<\/p>\n","protected":false},"excerpt":{"rendered":"<p>Trabajadoras y trabajadores del Hospital Luis Bellodi de Mina Clavero atraviesan una situaci\u00f3n cr\u00edtica marcada por el maltrato institucional, la arbitrariedad en la organizaci\u00f3n del trabajo y amenazas constantes, seg\u00fan denunci\u00f3 ATE Traslasierra a partir de los testimonios recogidos en el sector. La delegada de ATE Traslasierra, Milagros Sozzi, describi\u00f3 un escenario cotidiano de vulneraci\u00f3n [&hellip;]<\/p>\n","protected":false},"author":3,"featured_media":52325,"comment_status":"open","ping_status":"open","sticky":false,"template":"","format":"standard","meta":{"_exactmetrics_skip_tracking":false,"_exactmetrics_sitenote_active":false,"_exactmetrics_sitenote_note":"","_exactmetrics_sitenote_category":0,"jnews-multi-image_gallery":[],"jnews_single_post":[],"jnews_primary_category":[],"jnews_social_meta":[],"jnews_review":[],"enable_review":"","type":"","name":"","summary":"","brand":"","sku":"","good":[],"bad":[],"score_override":"","override_value":"","rating":[],"price":[],"jnews_override_counter":[],"jnews_post_split":[],"footnotes":""},"categories":[8,957],"tags":[],"class_list":["post-52324","post","type-post","status-publish","format-standard","has-post-thumbnail","hentry","category-provinciales","category-salud"],"jetpack_featured_media_url":"https:\/\/atecordoba.org\/wp-content\/uploads\/2026\/01\/484624223_1127463606060000_45437215872324719_n-e1768574497416.jpg","_links":{"self":[{"href":"https:\/\/atecordoba.org\/index.php?rest_route=\/wp\/v2\/posts\/52324","targetHints":{"allow":["GET"]}}],"collection":[{"href":"https:\/\/atecordoba.org\/index.php?rest_route=\/wp\/v2\/posts"}],"about":[{"href":"https:\/\/atecordoba.org\/index.php?rest_route=\/wp\/v2\/types\/post"}],"author":[{"embeddable":true,"href":"https:\/\/atecordoba.org\/index.php?rest_route=\/wp\/v2\/users\/3"}],"replies":[{"embeddable":true,"href":"https:\/\/atecordoba.org\/index.php?rest_route=%2Fwp%2Fv2%2Fcomments&post=52324"}],"version-history":[{"count":1,"href":"https:\/\/atecordoba.org\/index.php?rest_route=\/wp\/v2\/posts\/52324\/revisions"}],"predecessor-version":[{"id":52327,"href":"https:\/\/atecordoba.org\/index.php?rest_route=\/wp\/v2\/posts\/52324\/revisions\/52327"}],"wp:featuredmedia":[{"embeddable":true,"href":"https:\/\/atecordoba.org\/index.php?rest_route=\/wp\/v2\/media\/52325"}],"wp:attachment":[{"href":"https:\/\/atecordoba.org\/index.php?rest_route=%2Fwp%2Fv2%2Fmedia&parent=52324"}],"wp:term":[{"taxonomy":"category","embeddable":true,"href":"https:\/\/atecordoba.org\/index.php?rest_route=%2Fwp%2Fv2%2Fcategories&post=52324"},{"taxonomy":"post_tag","embeddable":true,"href":"https:\/\/atecordoba.org\/index.php?rest_route=%2Fwp%2Fv2%2Ftags&post=52324"}],"curies":[{"name":"wp","href":"https:\/\/api.w.org\/{rel}","templated":true}]}}