{"id":52319,"date":"2026-01-15T10:25:48","date_gmt":"2026-01-15T13:25:48","guid":{"rendered":"https:\/\/atecordoba.org\/?p=52319"},"modified":"2026-01-15T10:25:48","modified_gmt":"2026-01-15T13:25:48","slug":"descarga-tu-calendario-2026-aca-2","status":"publish","type":"post","link":"https:\/\/atecordoba.org\/?p=52319","title":{"rendered":"\u00a1Descarg\u00e1 tu calendario 2026 ac\u00e1!"},"content":{"rendered":"<p data-start=\"0\" data-end=\"59\">\ud83d\udcc5\u00a0<strong data-start=\"3\" data-end=\"59\">Ya est\u00e1 disponible el Calendario 2026 de ATE C\u00f3rdoba<\/strong><\/p>\n<p data-start=\"61\" data-end=\"331\">Desde ATE C\u00f3rdoba informamos a las y los trabajadores que ya se encuentra disponible para su descarga el\u00a0<strong data-start=\"166\" data-end=\"185\">Calendario 2026<\/strong>, una herramienta pensada para acompa\u00f1ar la organizaci\u00f3n cotidiana, la planificaci\u00f3n del trabajo y la memoria colectiva de nuestra lucha sindical.<\/p>\n<p><strong>DESCARGA AQU\u00cd:\u00a0<a href=\"https:\/\/atecordoba.org\/wp-content\/uploads\/2026\/01\/CALENDARIO-2026-ATE-CORDOBA-1.pdf\">https:\/\/atecordoba.org\/wp-content\/uploads\/2026\/01\/CALENDARIO-2026-ATE-CORDOBA-1.pdf<\/a>\u00a0<\/strong><\/p>\n<p><a href=\"https:\/\/atecordoba.org\/wp-content\/uploads\/2026\/01\/CALENDARIO-2026-ATE-CORDOBA.jpg\"><img loading=\"lazy\" decoding=\"async\" class=\"alignnone size-full wp-image-52316\" src=\"https:\/\/atecordoba.org\/wp-content\/uploads\/2026\/01\/CALENDARIO-2026-ATE-CORDOBA.jpg\" alt=\"\" width=\"1282\" height=\"2000\" srcset=\"https:\/\/atecordoba.org\/wp-content\/uploads\/2026\/01\/CALENDARIO-2026-ATE-CORDOBA.jpg 1282w, https:\/\/atecordoba.org\/wp-content\/uploads\/2026\/01\/CALENDARIO-2026-ATE-CORDOBA-192x300.jpg 192w, https:\/\/atecordoba.org\/wp-content\/uploads\/2026\/01\/CALENDARIO-2026-ATE-CORDOBA-656x1024.jpg 656w, https:\/\/atecordoba.org\/wp-content\/uploads\/2026\/01\/CALENDARIO-2026-ATE-CORDOBA-768x1198.jpg 768w, https:\/\/atecordoba.org\/wp-content\/uploads\/2026\/01\/CALENDARIO-2026-ATE-CORDOBA-985x1536.jpg 985w, https:\/\/atecordoba.org\/wp-content\/uploads\/2026\/01\/CALENDARIO-2026-ATE-CORDOBA-750x1170.jpg 750w, https:\/\/atecordoba.org\/wp-content\/uploads\/2026\/01\/CALENDARIO-2026-ATE-CORDOBA-1140x1778.jpg 1140w\" sizes=\"auto, (max-width: 1282px) 100vw, 1282px\" \/><\/a><\/p>\n","protected":false},"excerpt":{"rendered":"<p>\ud83d\udcc5\u00a0Ya est\u00e1 disponible el Calendario 2026 de ATE C\u00f3rdoba Desde ATE C\u00f3rdoba informamos a las y los trabajadores que ya se encuentra disponible para su descarga el\u00a0Calendario 2026, una herramienta pensada para acompa\u00f1ar la organizaci\u00f3n cotidiana, la planificaci\u00f3n del trabajo y la memoria colectiva de nuestra lucha sindical. DESCARGA AQU\u00cd:\u00a0https:\/\/atecordoba.org\/wp-content\/uploads\/2026\/01\/CALENDARIO-2026-ATE-CORDOBA-1.pdf\u00a0<\/p>\n","protected":false},"author":3,"featured_media":52316,"comment_status":"open","ping_status":"open","sticky":false,"template":"","format":"standard","meta":{"_exactmetrics_skip_tracking":false,"_exactmetrics_sitenote_active":false,"_exactmetrics_sitenote_note":"","_exactmetrics_sitenote_category":0,"jnews-multi-image_gallery":[],"jnews_single_post":[],"jnews_primary_category":[],"jnews_social_meta":[],"jnews_review":[],"enable_review":"","type":"","name":"","summary":"","brand":"","sku":"","good":[],"bad":[],"score_override":"","override_value":"","rating":[],"price":[],"jnews_override_counter":[],"jnews_post_split":[],"footnotes":""},"categories":[75,401],"tags":[],"class_list":["post-52319","post","type-post","status-publish","format-standard","has-post-thumbnail","hentry","category-accion-social","category-documentacion"],"jetpack_featured_media_url":"https:\/\/atecordoba.org\/wp-content\/uploads\/2026\/01\/CALENDARIO-2026-ATE-CORDOBA.jpg","_links":{"self":[{"href":"https:\/\/atecordoba.org\/index.php?rest_route=\/wp\/v2\/posts\/52319","targetHints":{"allow":["GET"]}}],"collection":[{"href":"https:\/\/atecordoba.org\/index.php?rest_route=\/wp\/v2\/posts"}],"about":[{"href":"https:\/\/atecordoba.org\/index.php?rest_route=\/wp\/v2\/types\/post"}],"author":[{"embeddable":true,"href":"https:\/\/atecordoba.org\/index.php?rest_route=\/wp\/v2\/users\/3"}],"replies":[{"embeddable":true,"href":"https:\/\/atecordoba.org\/index.php?rest_route=%2Fwp%2Fv2%2Fcomments&post=52319"}],"version-history":[{"count":1,"href":"https:\/\/atecordoba.org\/index.php?rest_route=\/wp\/v2\/posts\/52319\/revisions"}],"predecessor-version":[{"id":52320,"href":"https:\/\/atecordoba.org\/index.php?rest_route=\/wp\/v2\/posts\/52319\/revisions\/52320"}],"wp:featuredmedia":[{"embeddable":true,"href":"https:\/\/atecordoba.org\/index.php?rest_route=\/wp\/v2\/media\/52316"}],"wp:attachment":[{"href":"https:\/\/atecordoba.org\/index.php?rest_route=%2Fwp%2Fv2%2Fmedia&parent=52319"}],"wp:term":[{"taxonomy":"category","embeddable":true,"href":"https:\/\/atecordoba.org\/index.php?rest_route=%2Fwp%2Fv2%2Fcategories&post=52319"},{"taxonomy":"post_tag","embeddable":true,"href":"https:\/\/atecordoba.org\/index.php?rest_route=%2Fwp%2Fv2%2Ftags&post=52319"}],"curies":[{"name":"wp","href":"https:\/\/api.w.org\/{rel}","templated":true}]}}