{"id":52298,"date":"2026-01-14T14:07:53","date_gmt":"2026-01-14T17:07:53","guid":{"rendered":"https:\/\/atecordoba.org\/?p=52298"},"modified":"2026-01-14T15:28:01","modified_gmt":"2026-01-14T18:28:01","slug":"ajuste-vaciamiento-y-deterioro-laboral-en-la-secretaria-de-trabajo-de-la-nacion","status":"publish","type":"post","link":"https:\/\/atecordoba.org\/?p=52298","title":{"rendered":"Ajuste, vaciamiento y deterioro laboral en la Secretar\u00eda de Trabajo de la Naci\u00f3n"},"content":{"rendered":"<h3><em><strong>Nuestras delegadas en el sector advierten sobre salarios por debajo de la l\u00ednea de dignidad, desfinanciamiento de pol\u00edticas p\u00fablicas y un fuerte impacto en la salud mental de las y los trabajadores<\/strong><\/em><\/h3>\n<p><a href=\"https:\/\/atecordoba.org\/wp-content\/uploads\/2026\/01\/487446379_1060777229405524_1832153512848239913_n-750x563-1.jpg\"><img loading=\"lazy\" decoding=\"async\" class=\"alignnone size-full wp-image-52299\" src=\"https:\/\/atecordoba.org\/wp-content\/uploads\/2026\/01\/487446379_1060777229405524_1832153512848239913_n-750x563-1.jpg\" alt=\"\" width=\"750\" height=\"563\" srcset=\"https:\/\/atecordoba.org\/wp-content\/uploads\/2026\/01\/487446379_1060777229405524_1832153512848239913_n-750x563-1.jpg 750w, https:\/\/atecordoba.org\/wp-content\/uploads\/2026\/01\/487446379_1060777229405524_1832153512848239913_n-750x563-1-300x225.jpg 300w\" sizes=\"auto, (max-width: 750px) 100vw, 750px\" \/><\/a><\/p>\n<p><strong>Las delegadas de ATE en la Secretar\u00eda de Trabajo de la Naci\u00f3n, Mar\u00eda Elena Berger y Pato Larroque<\/strong>, describieron con preocupaci\u00f3n la situaci\u00f3n que atraviesan las y los trabajadores del organismo bajo el convenio SINEP, en un contexto marcado por el<strong> ajuste, el desfinanciamiento y la paralizaci\u00f3n de pol\u00edticas p\u00fablicas desde el inicio del actual gobierno nacional.<\/strong><\/p>\n<p><em><strong>\u201cHoy por hoy, en la Secretar\u00eda de Trabajo estamos como la mayor\u00eda de los trabajadores y trabajadoras del Estado nacional: con salarios muy por debajo de lo que corresponde\u201d<\/strong><\/em>, se\u00f1alaron. A pesar de tratarse de una de las secretar\u00edas con mayor cantidad de personal de planta permanente dentro de la Administraci\u00f3n P\u00fablica Nacional, contin\u00faan existiendo contratos bajo el art\u00edculo 9, que fueron los primeros blancos de los recortes y despidos al inicio de la gesti\u00f3n.<\/p>\n<p>Las delegadas explicaron que el ajuste impacta de lleno en las pol\u00edticas que el organismo debe garantizar. <em><strong>\u201cEstamos muy restringidos para dar respuesta a las demandas, por ejemplo en materia de empleo, por cuestiones estrictamente presupuestarias. Los programas est\u00e1n totalmente desfinanciados y los montos que reciben las personas beneficiarias est\u00e1n congelados desde que asumi\u00f3 Milei, con aumentos m\u00ednimos o directamente inexistentes\u201d<\/strong><\/em>, afirmaron.<\/p>\n<p>Este vaciamiento genera una paradoja preocupante: estructuras preparadas y personal altamente capacitado \u2014en su mayor\u00eda t\u00e9cnicos y t\u00e9cnicas de carrera\u2014 frente a una fuerte reducci\u00f3n de tareas.<em><strong> \u201cTrabajamos ocho horas diarias, cuarenta semanales, como marca el convenio, pero la disminuci\u00f3n de tareas impacta directamente en la salud mental. Hubo un momento con muchas carpetas m\u00e9dicas y psiqui\u00e1tricas, algo que nos alarm\u00f3 profundamente. Incluso, muchas de las personas despedidas estaban atravesando situaciones de este tipo\u201d<\/strong><\/em>, denunciaron.<\/p>\n<h3>Un rol estrat\u00e9gico debilitado<\/h3>\n<p><a href=\"https:\/\/atecordoba.org\/wp-content\/uploads\/2026\/01\/WhatsApp-Image-2026-01-14-at-12.31.24.jpeg\"><img loading=\"lazy\" decoding=\"async\" class=\"alignleft wp-image-52302 \" src=\"https:\/\/atecordoba.org\/wp-content\/uploads\/2026\/01\/WhatsApp-Image-2026-01-14-at-12.31.24-169x300.jpeg\" alt=\"\" width=\"217\" height=\"386\" srcset=\"https:\/\/atecordoba.org\/wp-content\/uploads\/2026\/01\/WhatsApp-Image-2026-01-14-at-12.31.24-169x300.jpeg 169w, https:\/\/atecordoba.org\/wp-content\/uploads\/2026\/01\/WhatsApp-Image-2026-01-14-at-12.31.24-576x1024.jpeg 576w, https:\/\/atecordoba.org\/wp-content\/uploads\/2026\/01\/WhatsApp-Image-2026-01-14-at-12.31.24-768x1366.jpeg 768w, https:\/\/atecordoba.org\/wp-content\/uploads\/2026\/01\/WhatsApp-Image-2026-01-14-at-12.31.24-864x1536.jpeg 864w, https:\/\/atecordoba.org\/wp-content\/uploads\/2026\/01\/WhatsApp-Image-2026-01-14-at-12.31.24-750x1334.jpeg 750w, https:\/\/atecordoba.org\/wp-content\/uploads\/2026\/01\/WhatsApp-Image-2026-01-14-at-12.31.24.jpeg 899w\" sizes=\"auto, (max-width: 217px) 100vw, 217px\" \/><\/a>La Secretar\u00eda de Trabajo cumple un rol central en el control del trabajo no registrado a trav\u00e9s del Programa Nacional de Regularizaci\u00f3n del Trabajo (PNRT). Las delegadas remarcaron que las denuncias por empleo no registrado aumentaron de manera significativa, pero que el organismo no cuenta con los recursos necesarios para dar respuesta.<\/p>\n<p><em><strong>\u201cNo tenemos veh\u00edculos suficientes ni inspectores en cantidad. Eso hace que siempre se inspeccionen las mismas zonas de la ciudad de C\u00f3rdoba y que pr\u00e1cticamente no se pueda salir al interior. Antes hab\u00eda operativos organizados; hoy eso es casi imposible\u201d<\/strong><\/em>, explicaron.<\/p>\n<p>A esto se suma la virtualizaci\u00f3n total del \u00e1rea de sindicales<em><strong>. \u201cTr\u00e1mites que antes se resolv\u00edan cara a cara ahora son completamente digitales. Esto no solo duplica el trabajo administrativo, sino que en este contexto genera m\u00e1s problemas que soluciones, tanto para los sindicatos como para los propios trabajadores del organismo\u201d<\/strong><\/em>, agregaron.<\/p>\n<h3>Miedo y dificultades para la organizaci\u00f3n sindical<\/h3>\n<p><a href=\"https:\/\/atecordoba.org\/wp-content\/uploads\/2026\/01\/balance-militancia-ate-2-1024x685-1.jpg\"><img loading=\"lazy\" decoding=\"async\" class=\"alignnone size-full wp-image-52300\" src=\"https:\/\/atecordoba.org\/wp-content\/uploads\/2026\/01\/balance-militancia-ate-2-1024x685-1.jpg\" alt=\"\" width=\"1024\" height=\"685\" srcset=\"https:\/\/atecordoba.org\/wp-content\/uploads\/2026\/01\/balance-militancia-ate-2-1024x685-1.jpg 1024w, https:\/\/atecordoba.org\/wp-content\/uploads\/2026\/01\/balance-militancia-ate-2-1024x685-1-300x201.jpg 300w, https:\/\/atecordoba.org\/wp-content\/uploads\/2026\/01\/balance-militancia-ate-2-1024x685-1-768x514.jpg 768w, https:\/\/atecordoba.org\/wp-content\/uploads\/2026\/01\/balance-militancia-ate-2-1024x685-1-750x502.jpg 750w\" sizes=\"auto, (max-width: 1024px) 100vw, 1024px\" \/><\/a><\/p>\n<p>A pesar de tratarse del organismo que tiene como eje la defensa de los derechos laborales y la organizaci\u00f3n sindical, las delegadas se\u00f1alaron que hacia adentro la situaci\u00f3n es compleja.<em><strong> \u201cEl discurso oficial y la batalla cultural han calado muy hondo. Hay miedo entre los compa\u00f1eros y compa\u00f1eras a organizarse gremialmente\u201d<\/strong><\/em>, afirmaron.<\/p>\n<p>La mayor\u00eda de las y los trabajadores est\u00e1n afiliados a ATE, una parte no se encuentra afiliada a ning\u00fan sindicato y una minor\u00eda pertenece a UPCN. Sin embargo, ese escenario no se traduce en mayor capacidad de organizaci\u00f3n. <em><strong>\u201cCuesta mucho armar asambleas o impulsar medidas de fuerza, aun cuando el malestar, sobre todo salarial, es generalizado\u201d<\/strong><\/em>, explicaron.<\/p>\n<p>Frente a estas limitaciones, el trabajo gremial se concentra en lo que s\u00ed es posible gestionar: la carrera administrativa, el acompa\u00f1amiento individual y la articulaci\u00f3n permanente con la Junta Interna y el Consejo Directivo Provincial.<em><strong> \u201cGracias a esa articulaci\u00f3n, C\u00f3rdoba es reconocida como un ejemplo de organizaci\u00f3n dentro de las agencias territoriales. Pudimos revertir despidos y conseguir algunas victorias, aunque sabemos que no alcanza\u201d<\/strong><\/em>, destacaron.<\/p>\n<h3>Reforma laboral y futuro incierto<\/h3>\n<p><a href=\"https:\/\/atecordoba.org\/wp-content\/uploads\/2026\/01\/WhatsApp-Image-2026-01-14-at-14.15.27.jpeg\"><img loading=\"lazy\" decoding=\"async\" class=\"alignleft wp-image-52306 size-medium\" src=\"https:\/\/atecordoba.org\/wp-content\/uploads\/2026\/01\/WhatsApp-Image-2026-01-14-at-14.15.27-225x300.jpeg\" alt=\"\" width=\"225\" height=\"300\" srcset=\"https:\/\/atecordoba.org\/wp-content\/uploads\/2026\/01\/WhatsApp-Image-2026-01-14-at-14.15.27-225x300.jpeg 225w, https:\/\/atecordoba.org\/wp-content\/uploads\/2026\/01\/WhatsApp-Image-2026-01-14-at-14.15.27-768x1024.jpeg 768w, https:\/\/atecordoba.org\/wp-content\/uploads\/2026\/01\/WhatsApp-Image-2026-01-14-at-14.15.27-1152x1536.jpeg 1152w, https:\/\/atecordoba.org\/wp-content\/uploads\/2026\/01\/WhatsApp-Image-2026-01-14-at-14.15.27-750x1000.jpeg 750w, https:\/\/atecordoba.org\/wp-content\/uploads\/2026\/01\/WhatsApp-Image-2026-01-14-at-14.15.27-1140x1520.jpeg 1140w, https:\/\/atecordoba.org\/wp-content\/uploads\/2026\/01\/WhatsApp-Image-2026-01-14-at-14.15.27.jpeg 1200w\" sizes=\"auto, (max-width: 225px) 100vw, 225px\" \/><\/a>Las delegadas tambi\u00e9n expresaron preocupaci\u00f3n por la inminente reforma laboral.<em><strong> \u201cSabemos que es un punto de inflexi\u00f3n para nuestra cartera. Coincidimos en que una reforma laboral es necesaria, pero debe ser a favor de los trabajadores, no una reforma encubierta que beneficie a las patronales y vulnere derechos\u201d<\/strong><\/em>, se\u00f1alaron.<\/p>\n<p>Adem\u00e1s, advirtieron sobre la posible implementaci\u00f3n de una nueva estructura organizativa dise\u00f1ada por el equipo de Sturzenegger, que implicar\u00eda una reducci\u00f3n significativa de \u00e1reas, y sobre el futuro del programa Volver al Trabajo, destinado a ex beneficiarios de Potenciar Trabajo, cuyos ingresos podr\u00edan dejar de percibirse a partir de abril.<\/p>\n<p>&nbsp;<\/p>\n<p><em><strong>\u201cHoy las pol\u00edticas no se est\u00e1n reactivando. Aunque se anuncian capacitaciones o cursos, en el d\u00eda a d\u00eda no hay propuestas reales ni presupuesto. Nos reinventamos para acompa\u00f1ar a las personas en la b\u00fasqueda de empleo, con un trabajo casi artesanal, uno a uno, porque desde Naci\u00f3n no hay respuestas\u201d<\/strong><\/em>, concluyeron.<\/p>\n<p>Desde ATE, las delegadas remarcaron que la salida es colectiva: salarios dignos, reactivaci\u00f3n de las pol\u00edticas p\u00fablicas y m\u00e1s organizaci\u00f3n para defender el rol del Estado y los derechos de las y los trabajadores.<\/p>\n","protected":false},"excerpt":{"rendered":"<p>Nuestras delegadas en el sector advierten sobre salarios por debajo de la l\u00ednea de dignidad, desfinanciamiento de pol\u00edticas p\u00fablicas y un fuerte impacto en la salud mental de las y los trabajadores Las delegadas de ATE en la Secretar\u00eda de Trabajo de la Naci\u00f3n, Mar\u00eda Elena Berger y Pato Larroque, describieron con preocupaci\u00f3n la situaci\u00f3n [&hellip;]<\/p>\n","protected":false},"author":3,"featured_media":52300,"comment_status":"open","ping_status":"open","sticky":false,"template":"","format":"standard","meta":{"_exactmetrics_skip_tracking":false,"_exactmetrics_sitenote_active":false,"_exactmetrics_sitenote_note":"","_exactmetrics_sitenote_category":0,"jnews-multi-image_gallery":[],"jnews_single_post":{"format":"standard","override":[{"template":"1","parallax":"1","fullscreen":"1","layout":"no-sidebar-narrow","sidebar":"default-sidebar","second_sidebar":"default-sidebar","sticky_sidebar":"1","share_position":"bottom","share_float_style":"share-monocrhome","show_share_counter":"1","show_view_counter":"1","show_post_meta":"1","show_post_author_image":"1","show_post_date":"1","post_date_format":"default","post_date_format_custom":"Y\/m\/d","show_post_category":"1","show_post_reading_time":"0","post_reading_time_wpm":"300","post_calculate_word_method":"str_word_count","show_zoom_button":"0","zoom_button_out_step":"2","zoom_button_in_step":"3","show_post_tag":"1","number_popup_post":"1","show_post_related":"1","show_inline_post_related":"0"}],"image_override":[{"single_post_thumbnail_size":"crop-500","single_post_gallery_size":"crop-500"}],"trending_post_position":"meta","trending_post_label":"Trending","sponsored_post_label":"Sponsored by","disable_ad":"0"},"jnews_primary_category":[],"jnews_social_meta":[],"jnews_review":[],"enable_review":"","type":"percentage","name":"","summary":"","brand":"","sku":"","good":[],"bad":[],"score_override":"","override_value":"","rating":[],"price":[],"jnews_override_counter":{"view_counter_number":"0","share_counter_number":"0","like_counter_number":"0","dislike_counter_number":"0"},"jnews_post_split":{"post_split":[{"template":"1","tag":"h2","numbering":"asc","mode":"normal","first":"0","enable_toc":"0","toc_type":"normal"}]},"footnotes":""},"categories":[18],"tags":[],"class_list":["post-52298","post","type-post","status-publish","format-standard","has-post-thumbnail","hentry","category-nacionales"],"jetpack_featured_media_url":"https:\/\/atecordoba.org\/wp-content\/uploads\/2026\/01\/balance-militancia-ate-2-1024x685-1.jpg","_links":{"self":[{"href":"https:\/\/atecordoba.org\/index.php?rest_route=\/wp\/v2\/posts\/52298","targetHints":{"allow":["GET"]}}],"collection":[{"href":"https:\/\/atecordoba.org\/index.php?rest_route=\/wp\/v2\/posts"}],"about":[{"href":"https:\/\/atecordoba.org\/index.php?rest_route=\/wp\/v2\/types\/post"}],"author":[{"embeddable":true,"href":"https:\/\/atecordoba.org\/index.php?rest_route=\/wp\/v2\/users\/3"}],"replies":[{"embeddable":true,"href":"https:\/\/atecordoba.org\/index.php?rest_route=%2Fwp%2Fv2%2Fcomments&post=52298"}],"version-history":[{"count":5,"href":"https:\/\/atecordoba.org\/index.php?rest_route=\/wp\/v2\/posts\/52298\/revisions"}],"predecessor-version":[{"id":52308,"href":"https:\/\/atecordoba.org\/index.php?rest_route=\/wp\/v2\/posts\/52298\/revisions\/52308"}],"wp:featuredmedia":[{"embeddable":true,"href":"https:\/\/atecordoba.org\/index.php?rest_route=\/wp\/v2\/media\/52300"}],"wp:attachment":[{"href":"https:\/\/atecordoba.org\/index.php?rest_route=%2Fwp%2Fv2%2Fmedia&parent=52298"}],"wp:term":[{"taxonomy":"category","embeddable":true,"href":"https:\/\/atecordoba.org\/index.php?rest_route=%2Fwp%2Fv2%2Fcategories&post=52298"},{"taxonomy":"post_tag","embeddable":true,"href":"https:\/\/atecordoba.org\/index.php?rest_route=%2Fwp%2Fv2%2Ftags&post=52298"}],"curies":[{"name":"wp","href":"https:\/\/api.w.org\/{rel}","templated":true}]}}