{"id":52267,"date":"2026-01-12T10:15:45","date_gmt":"2026-01-12T13:15:45","guid":{"rendered":"https:\/\/atecordoba.org\/?p=52267"},"modified":"2026-01-13T14:27:21","modified_gmt":"2026-01-13T17:27:21","slug":"mina-clavero-trabajar-con-miedo-callar-para-no-perderlo-todo","status":"publish","type":"post","link":"https:\/\/atecordoba.org\/?p=52267","title":{"rendered":"Mina Clavero: trabajar con miedo, callar para no perderlo todo"},"content":{"rendered":"<p data-start=\"68\" data-end=\"428\"><a href=\"https:\/\/atecordoba.org\/wp-content\/uploads\/2026\/01\/WhatsApp-Image-2026-01-12-at-10.13.25.jpeg\"><img loading=\"lazy\" decoding=\"async\" class=\"alignnone size-full wp-image-52268\" src=\"https:\/\/atecordoba.org\/wp-content\/uploads\/2026\/01\/WhatsApp-Image-2026-01-12-at-10.13.25.jpeg\" alt=\"\" width=\"1600\" height=\"1200\" srcset=\"https:\/\/atecordoba.org\/wp-content\/uploads\/2026\/01\/WhatsApp-Image-2026-01-12-at-10.13.25.jpeg 1600w, https:\/\/atecordoba.org\/wp-content\/uploads\/2026\/01\/WhatsApp-Image-2026-01-12-at-10.13.25-300x225.jpeg 300w, https:\/\/atecordoba.org\/wp-content\/uploads\/2026\/01\/WhatsApp-Image-2026-01-12-at-10.13.25-1024x768.jpeg 1024w, https:\/\/atecordoba.org\/wp-content\/uploads\/2026\/01\/WhatsApp-Image-2026-01-12-at-10.13.25-768x576.jpeg 768w, https:\/\/atecordoba.org\/wp-content\/uploads\/2026\/01\/WhatsApp-Image-2026-01-12-at-10.13.25-1536x1152.jpeg 1536w, https:\/\/atecordoba.org\/wp-content\/uploads\/2026\/01\/WhatsApp-Image-2026-01-12-at-10.13.25-750x563.jpeg 750w, https:\/\/atecordoba.org\/wp-content\/uploads\/2026\/01\/WhatsApp-Image-2026-01-12-at-10.13.25-1140x855.jpeg 1140w\" sizes=\"auto, (max-width: 1600px) 100vw, 1600px\" \/><\/a><\/p>\n<p data-start=\"68\" data-end=\"428\">En Mina Clavero, ser trabajadora municipal hoy significa <strong data-start=\"137\" data-end=\"156\">vivir con miedo<\/strong>. Miedo a hablar, miedo a acompa\u00f1ar a una compa\u00f1era despedida, miedo a reclamar un derecho b\u00e1sico. Miedo a quedarse sin horas, sin ingresos, sin trabajo. Esa es la realidad que nos cuentan desde adentro del sistema de salud municipal, una realidad que duele y que indigna.<\/p>\n<p data-start=\"430\" data-end=\"969\">\u201cSi acompa\u00f1o a Cristina, lo m\u00e1s probable es que me dejen sin horas\u201d, nos dice una trabajadora. Cristina Heredia fue despedida tras <strong data-start=\"561\" data-end=\"583\">14 a\u00f1os de trabajo<\/strong> en el municipio. Defenderla, solidarizarse, puede costar caro. No es una amenaza expl\u00edcita: es peor. Es un mensaje que se aprende con los hechos. Esta trabajadora nos cuenta que la \u00faltima vez que realiz\u00f3 un reclamo por un incumplimiento de parte de la municipalidad con su trabajo. El castigo lleg\u00f3 despu\u00e9s del reclamo.<\/p>\n<p data-start=\"971\" data-end=\"1398\">La precarizaci\u00f3n es total. Monotributistas, sin estabilidad, sin derechos garantizados, obligadas a tener <strong data-start=\"1077\" data-end=\"1110\">doble trabajo para sobrevivir<\/strong>, sosteniendo como pueden un sistema de salud que se cae a pedazos. Y aun as\u00ed, sigue yendo. Aguanta faltas de respeto, gritos de coordinadoras, destratos cotidianos, convencida \u2014o forzada a convencerse\u2014 de que \u201ces una etapa\u201d.<\/p>\n<p data-start=\"1400\" data-end=\"1738\">Esta gesti\u00f3n municipal no solo precariza: <strong data-start=\"1442\" data-end=\"1455\">retrocede<\/strong>. En el \u00e1rea de Salud se eliminaron acuerdos conquistados en la gesti\u00f3n anterior: el derecho a enfermarnos, a tener licencia por duelo, a las vacaciones, al respeto por el lugar de trabajo. Derechos que no eran privilegios, sino conquistas colectivas, hoy son barridos de un plumazo.<\/p>\n<p data-start=\"1740\" data-end=\"2102\">La arbitrariedad es evidente. A las trabajadoras les dicen que <strong data-start=\"1803\" data-end=\"1831\">no se pagan horas extras<\/strong>, pero al mismo tiempo traen profesionales de otras localidades y s\u00ed les pagan extras. A Cristina la dejaron sin trabajo y, mientras tanto, <strong data-start=\"1971\" data-end=\"2025\">hace dos meses incorporaron a otra persona de Nono<\/strong> para cumplir la misma funci\u00f3n. No es falta de personal: es disciplinamiento.<\/p>\n<p data-start=\"2104\" data-end=\"2458\">El Centro de Salud CIC redujo sus horas de atenci\u00f3n sin informar qu\u00e9 iba a pasar con las y los trabajadores. A algunas enfermeras, casualmente a las que reclaman, nadie les avis\u00f3 nada. Hay uniformes que se entregan de manera desigual: a algunas s\u00ed, a otras no. Todo parece responder a una l\u00f3gica clara: <strong data-start=\"2407\" data-end=\"2457\">premiar el silencio y castigar la organizaci\u00f3n<\/strong>.<\/p>\n<p data-start=\"2460\" data-end=\"2846\">Desde ATE C\u00f3rdoba no vamos a naturalizar esta situaci\u00f3n. No es solo un despido injusto. Es un modelo de gesti\u00f3n basado en el miedo, la precarizaci\u00f3n y el maltrato, especialmente hacia quienes sostienen la salud p\u00fablica. Visibilizar estas voces es una responsabilidad pol\u00edtica y gremial. Porque <strong data-start=\"2754\" data-end=\"2778\">callar tambi\u00e9n duele<\/strong>, pero hablar colectivamente es el primer paso para frenar el abuso.<\/p>\n<p data-start=\"2848\" data-end=\"2982\" data-is-last-node=\"\" data-is-only-node=\"\">En Mina Clavero, las trabajadoras y los trabajadores no est\u00e1n solos ni solas. La dignidad no se negocia. Y los derechos, se defienden.<\/p>\n","protected":false},"excerpt":{"rendered":"<p>En Mina Clavero, ser trabajadora municipal hoy significa vivir con miedo. Miedo a hablar, miedo a acompa\u00f1ar a una compa\u00f1era despedida, miedo a reclamar un derecho b\u00e1sico. Miedo a quedarse sin horas, sin ingresos, sin trabajo. Esa es la realidad que nos cuentan desde adentro del sistema de salud municipal, una realidad que duele y [&hellip;]<\/p>\n","protected":false},"author":3,"featured_media":52268,"comment_status":"open","ping_status":"open","sticky":false,"template":"","format":"standard","meta":{"_exactmetrics_skip_tracking":false,"_exactmetrics_sitenote_active":false,"_exactmetrics_sitenote_note":"","_exactmetrics_sitenote_category":0,"jnews-multi-image_gallery":[],"jnews_single_post":{"format":"standard","override":[{"template":"1","parallax":"1","fullscreen":"1","layout":"no-sidebar-narrow","sidebar":"default-sidebar","second_sidebar":"default-sidebar","sticky_sidebar":"1","share_position":"bottom","share_float_style":"share-monocrhome","show_share_counter":"1","show_view_counter":"1","show_post_meta":"1","show_post_author_image":"1","show_post_date":"1","post_date_format":"default","post_date_format_custom":"Y\/m\/d","show_post_category":"1","show_post_reading_time":"0","post_reading_time_wpm":"300","post_calculate_word_method":"str_word_count","show_zoom_button":"0","zoom_button_out_step":"2","zoom_button_in_step":"3","show_post_tag":"1","number_popup_post":"1","show_post_related":"1","show_inline_post_related":"0"}],"image_override":[{"single_post_thumbnail_size":"crop-500","single_post_gallery_size":"crop-500"}],"trending_post_position":"meta","trending_post_label":"Trending","sponsored_post_label":"Sponsored by","disable_ad":"0"},"jnews_primary_category":[],"jnews_social_meta":[],"jnews_review":[],"enable_review":"","type":"percentage","name":"","summary":"","brand":"","sku":"","good":[],"bad":[],"score_override":"","override_value":"","rating":[],"price":[],"jnews_override_counter":{"view_counter_number":"0","share_counter_number":"0","like_counter_number":"0","dislike_counter_number":"0"},"jnews_post_split":{"post_split":[{"template":"1","tag":"h2","numbering":"asc","mode":"normal","first":"0","enable_toc":"0","toc_type":"normal"}]},"footnotes":""},"categories":[20],"tags":[],"class_list":["post-52267","post","type-post","status-publish","format-standard","has-post-thumbnail","hentry","category-municipales"],"jetpack_featured_media_url":"https:\/\/atecordoba.org\/wp-content\/uploads\/2026\/01\/WhatsApp-Image-2026-01-12-at-10.13.25.jpeg","_links":{"self":[{"href":"https:\/\/atecordoba.org\/index.php?rest_route=\/wp\/v2\/posts\/52267","targetHints":{"allow":["GET"]}}],"collection":[{"href":"https:\/\/atecordoba.org\/index.php?rest_route=\/wp\/v2\/posts"}],"about":[{"href":"https:\/\/atecordoba.org\/index.php?rest_route=\/wp\/v2\/types\/post"}],"author":[{"embeddable":true,"href":"https:\/\/atecordoba.org\/index.php?rest_route=\/wp\/v2\/users\/3"}],"replies":[{"embeddable":true,"href":"https:\/\/atecordoba.org\/index.php?rest_route=%2Fwp%2Fv2%2Fcomments&post=52267"}],"version-history":[{"count":5,"href":"https:\/\/atecordoba.org\/index.php?rest_route=\/wp\/v2\/posts\/52267\/revisions"}],"predecessor-version":[{"id":52288,"href":"https:\/\/atecordoba.org\/index.php?rest_route=\/wp\/v2\/posts\/52267\/revisions\/52288"}],"wp:featuredmedia":[{"embeddable":true,"href":"https:\/\/atecordoba.org\/index.php?rest_route=\/wp\/v2\/media\/52268"}],"wp:attachment":[{"href":"https:\/\/atecordoba.org\/index.php?rest_route=%2Fwp%2Fv2%2Fmedia&parent=52267"}],"wp:term":[{"taxonomy":"category","embeddable":true,"href":"https:\/\/atecordoba.org\/index.php?rest_route=%2Fwp%2Fv2%2Fcategories&post=52267"},{"taxonomy":"post_tag","embeddable":true,"href":"https:\/\/atecordoba.org\/index.php?rest_route=%2Fwp%2Fv2%2Ftags&post=52267"}],"curies":[{"name":"wp","href":"https:\/\/api.w.org\/{rel}","templated":true}]}}