{"id":52255,"date":"2026-01-08T11:11:23","date_gmt":"2026-01-08T14:11:23","guid":{"rendered":"https:\/\/atecordoba.org\/?p=52255"},"modified":"2026-01-08T11:11:23","modified_gmt":"2026-01-08T14:11:23","slug":"embalse-democracia-de-base","status":"publish","type":"post","link":"https:\/\/atecordoba.org\/?p=52255","title":{"rendered":"Embalse: Democracia de Base"},"content":{"rendered":"<div class=\"flex flex-col text-sm pb-25\">\n<article class=\"text-token-text-primary w-full focus:outline-none [--shadow-height:45px] has-data-writing-block:pointer-events-none has-data-writing-block:-mt-(--shadow-height) has-data-writing-block:pt-(--shadow-height) [&amp;:has([data-writing-block])&gt;*]:pointer-events-auto scroll-mt-[calc(var(--header-height)+min(200px,max(70px,20svh)))]\" dir=\"auto\" tabindex=\"-1\" data-turn-id=\"request-6926fa0b-f110-832f-9791-f0cb7566a64e-3\" data-testid=\"conversation-turn-344\" data-scroll-anchor=\"true\" data-turn=\"assistant\">\n<div class=\"text-base my-auto mx-auto pb-10 [--thread-content-margin:--spacing(4)] @w-sm\/main:[--thread-content-margin:--spacing(6)] @w-lg\/main:[--thread-content-margin:--spacing(16)] px-(--thread-content-margin)\">\n<div class=\"[--thread-content-max-width:40rem] @w-lg\/main:[--thread-content-max-width:48rem] mx-auto max-w-(--thread-content-max-width) flex-1 group\/turn-messages focus-visible:outline-hidden relative flex w-full min-w-0 flex-col agent-turn\" tabindex=\"-1\">\n<div class=\"flex max-w-full flex-col grow\">\n<div class=\"min-h-8 text-message relative flex w-full flex-col items-end gap-2 text-start break-words whitespace-normal [.text-message+&amp;]:mt-1\" dir=\"auto\" data-message-author-role=\"assistant\" data-message-id=\"9576a130-d7a0-4819-9e7a-d186ec0f955f\" data-message-model-slug=\"gpt-5-2\">\n<div class=\"flex w-full flex-col gap-1 empty:hidden first:pt-[1px]\">\n<div class=\"markdown prose dark:prose-invert w-full break-words light markdown-new-styling\">\n<p data-start=\"33\" data-end=\"327\"><a href=\"https:\/\/atecordoba.org\/wp-content\/uploads\/2026\/01\/1.jpg\"><img loading=\"lazy\" decoding=\"async\" class=\"alignnone size-full wp-image-52256\" src=\"https:\/\/atecordoba.org\/wp-content\/uploads\/2026\/01\/1.jpg\" alt=\"\" width=\"590\" height=\"444\" srcset=\"https:\/\/atecordoba.org\/wp-content\/uploads\/2026\/01\/1.jpg 590w, https:\/\/atecordoba.org\/wp-content\/uploads\/2026\/01\/1-300x226.jpg 300w\" sizes=\"auto, (max-width: 590px) 100vw, 590px\" \/><\/a><\/p>\n<p data-start=\"33\" data-end=\"327\">En la localidad de <strong data-start=\"52\" data-end=\"63\">Embalse<\/strong> se llevaron a cabo las <strong data-start=\"87\" data-end=\"145\">elecciones de delegados y delegadas de ATE R\u00edo Tercero<\/strong>, un hecho fundamental para la vida democr\u00e1tica del sindicato y para que las y los trabajadores elijan a quienes tendr\u00e1n la responsabilidad de representarlos en cada espacio laboral.<\/p>\n<p data-start=\"329\" data-end=\"628\">La jornada electoral se desarroll\u00f3 en la <strong data-start=\"370\" data-end=\"401\">Unidad Tur\u00edstica de Embalse<\/strong>, un lugar emblem\u00e1tico que fue escenario de este acto trascendental de <strong data-start=\"472\" data-end=\"495\">democracia sindical<\/strong>, reafirmando que la organizaci\u00f3n y la participaci\u00f3n son pilares centrales para la defensa de los derechos de las y los trabajadores.<\/p>\n<p data-start=\"329\" data-end=\"628\"><a href=\"https:\/\/atecordoba.org\/wp-content\/uploads\/2026\/01\/2-300x226-1.jpg\"><img loading=\"lazy\" decoding=\"async\" class=\"alignnone size-full wp-image-52257\" src=\"https:\/\/atecordoba.org\/wp-content\/uploads\/2026\/01\/2-300x226-1.jpg\" alt=\"\" width=\"300\" height=\"226\" \/><\/a> <a href=\"https:\/\/atecordoba.org\/wp-content\/uploads\/2026\/01\/3-300x226-1.jpg\"><img loading=\"lazy\" decoding=\"async\" class=\"alignnone size-full wp-image-52258\" src=\"https:\/\/atecordoba.org\/wp-content\/uploads\/2026\/01\/3-300x226-1.jpg\" alt=\"\" width=\"300\" height=\"226\" \/><\/a><\/p>\n<p data-start=\"630\" data-end=\"821\">Desde ATE y la CTA Aut\u00f3noma C\u00f3rdoba queremos <strong data-start=\"675\" data-end=\"708\">felicitar y dar la bienvenida<\/strong> a las y los nuevos delegados electos, quienes asumen este compromiso colectivo con responsabilidad y convicci\u00f3n:<\/p>\n<ul data-start=\"822\" data-end=\"911\">\n<li data-start=\"822\" data-end=\"842\">\n<p data-start=\"824\" data-end=\"842\"><strong data-start=\"824\" data-end=\"840\">Dalma Ladoux<\/strong><\/p>\n<\/li>\n<li data-start=\"843\" data-end=\"867\">\n<p data-start=\"845\" data-end=\"867\"><strong data-start=\"845\" data-end=\"865\">Germ\u00e1n Nicoletti<\/strong><\/p>\n<\/li>\n<li data-start=\"868\" data-end=\"891\">\n<p data-start=\"870\" data-end=\"891\"><strong data-start=\"870\" data-end=\"889\">Roberto Salda\u00f1o<\/strong><\/p>\n<\/li>\n<li data-start=\"892\" data-end=\"911\">\n<p data-start=\"894\" data-end=\"911\"><strong data-start=\"894\" data-end=\"911\">Lucas Argente<\/strong><\/p>\n<\/li>\n<\/ul>\n<p data-start=\"913\" data-end=\"1180\" data-is-last-node=\"\" data-is-only-node=\"\">Les deseamos el mayor de los \u00e9xitos y toda la fuerza para esta nueva y fundamental tarea de representaci\u00f3n, convencidos y convencidas de que <strong data-start=\"1054\" data-end=\"1179\">solo con organizaci\u00f3n, participaci\u00f3n y democracia de base se fortalecen los derechos de las y los compa\u00f1eros trabajadores<\/strong>.<\/p>\n<\/div>\n<\/div>\n<\/div>\n<\/div>\n<div class=\"z-0 flex min-h-[46px] justify-start\"><\/div>\n<div class=\"mt-3 w-full empty:hidden\">\n<div class=\"text-center\"><\/div>\n<\/div>\n<\/div>\n<\/div>\n<\/article>\n<\/div>\n<div class=\"pointer-events-none h-px w-px absolute bottom-0\" aria-hidden=\"true\" data-edge=\"true\"><\/div>\n","protected":false},"excerpt":{"rendered":"<p>En la localidad de Embalse se llevaron a cabo las elecciones de delegados y delegadas de ATE R\u00edo Tercero, un hecho fundamental para la vida democr\u00e1tica del sindicato y para que las y los trabajadores elijan a quienes tendr\u00e1n la responsabilidad de representarlos en cada espacio laboral. La jornada electoral se desarroll\u00f3 en la Unidad [&hellip;]<\/p>\n","protected":false},"author":3,"featured_media":52256,"comment_status":"open","ping_status":"open","sticky":false,"template":"","format":"standard","meta":{"_exactmetrics_skip_tracking":false,"_exactmetrics_sitenote_active":false,"_exactmetrics_sitenote_note":"","_exactmetrics_sitenote_category":0,"jnews-multi-image_gallery":[],"jnews_single_post":[],"jnews_primary_category":[],"jnews_social_meta":[],"jnews_review":[],"enable_review":"","type":"","name":"","summary":"","brand":"","sku":"","good":[],"bad":[],"score_override":"","override_value":"","rating":[],"price":[],"jnews_override_counter":[],"jnews_post_split":[],"footnotes":""},"categories":[20],"tags":[],"class_list":["post-52255","post","type-post","status-publish","format-standard","has-post-thumbnail","hentry","category-municipales"],"jetpack_featured_media_url":"https:\/\/atecordoba.org\/wp-content\/uploads\/2026\/01\/1.jpg","_links":{"self":[{"href":"https:\/\/atecordoba.org\/index.php?rest_route=\/wp\/v2\/posts\/52255","targetHints":{"allow":["GET"]}}],"collection":[{"href":"https:\/\/atecordoba.org\/index.php?rest_route=\/wp\/v2\/posts"}],"about":[{"href":"https:\/\/atecordoba.org\/index.php?rest_route=\/wp\/v2\/types\/post"}],"author":[{"embeddable":true,"href":"https:\/\/atecordoba.org\/index.php?rest_route=\/wp\/v2\/users\/3"}],"replies":[{"embeddable":true,"href":"https:\/\/atecordoba.org\/index.php?rest_route=%2Fwp%2Fv2%2Fcomments&post=52255"}],"version-history":[{"count":1,"href":"https:\/\/atecordoba.org\/index.php?rest_route=\/wp\/v2\/posts\/52255\/revisions"}],"predecessor-version":[{"id":52259,"href":"https:\/\/atecordoba.org\/index.php?rest_route=\/wp\/v2\/posts\/52255\/revisions\/52259"}],"wp:featuredmedia":[{"embeddable":true,"href":"https:\/\/atecordoba.org\/index.php?rest_route=\/wp\/v2\/media\/52256"}],"wp:attachment":[{"href":"https:\/\/atecordoba.org\/index.php?rest_route=%2Fwp%2Fv2%2Fmedia&parent=52255"}],"wp:term":[{"taxonomy":"category","embeddable":true,"href":"https:\/\/atecordoba.org\/index.php?rest_route=%2Fwp%2Fv2%2Fcategories&post=52255"},{"taxonomy":"post_tag","embeddable":true,"href":"https:\/\/atecordoba.org\/index.php?rest_route=%2Fwp%2Fv2%2Ftags&post=52255"}],"curies":[{"name":"wp","href":"https:\/\/api.w.org\/{rel}","templated":true}]}}