{"id":5225,"date":"2015-05-07T19:20:07","date_gmt":"2015-05-07T22:20:07","guid":{"rendered":"http:\/\/www.atecordoba.org\/?p=5225"},"modified":"2015-05-07T19:20:07","modified_gmt":"2015-05-07T22:20:07","slug":"gran-movilizacion-de-los-fabriqueros-en-villa-maria-por-el-pase-a-planta","status":"publish","type":"post","link":"https:\/\/atecordoba.org\/?p=5225","title":{"rendered":"Gran movilizaci\u00f3n de los fabriqueros en Villa Mar\u00eda por el pase a planta"},"content":{"rendered":"<p><em>Los trabajadores de Fabricaciones Militares marcharon ayer en Villa Mar\u00eda por el pase a planta, en el marco del plan de lucha nacional que realiza el sector. Hubo delegaciones de la planta de Rio Tercero y de la seccional R\u00edo Cuarto. &#8220;El Estado es el principal precarizador&#8221;, denuncia nuestra\u00a0secretaria General del CDP\u00a0durante la marcha.<\/em><\/p>\n<p><a href=\"http:\/\/www.atecordoba.org\/wp-content\/uploads\/2015\/05\/IMG-20150506-WA0047-e1431036919950.jpg\"><img loading=\"lazy\" decoding=\"async\" class=\"aligncenter size-full wp-image-5226\" src=\"http:\/\/www.atecordoba.org\/wp-content\/uploads\/2015\/05\/IMG-20150506-WA0047-e1431036919950.jpg\" alt=\"IMG-20150506-WA0047\" width=\"550\" height=\"413\" \/><\/a><\/p>\n<p>Con el 80% de los trabajadores precarizados, Fabricaciones Militares sali\u00f3 a la calle a manifestarse ayer en Villa Mar\u00eda. Alrededor de 400 compa\u00f1eros abandonaron el polvor\u00edn a primeras horas del d\u00eda para movilizarse por el centro de la ciudad. La marcha estuvo encabezada por nuestra secretaria General, Mar\u00eda Teresa Romero, el secretario Adjunto, Oscar Cacho Mengarelli, la secretaria Administrativa, Mar\u00eda Liliana Salerno, junto a los secretario generales de Villa Mar\u00eda, Walter Secondino, y de R\u00edo Cuarto, Federico Giuliani.<\/p>\n<p><a href=\"http:\/\/www.atecordoba.org\/wp-content\/uploads\/2015\/05\/teresa.jpg\"><img loading=\"lazy\" decoding=\"async\" class=\" size-full wp-image-5227 alignright\" src=\"http:\/\/www.atecordoba.org\/wp-content\/uploads\/2015\/05\/teresa.jpg\" alt=\"teresa\" width=\"284\" height=\"429\" \/><\/a><\/p>\n<p>Los compa\u00f1eros reclamaron tambi\u00e9n para que el Ministerio de Trabajo de la Naci\u00f3n los convoque a discutir el convenio colectivo sectorial, trabado en esa instancia despu\u00e9s que se avanzara en conversaciones al respecto con el Ministerio de Defensa y la Direcci\u00f3n General de Fabricaciones Militares. Al mismo tiempo se exigi\u00f3 el pronto tratamiento por parte del Senado de la Naci\u00f3n del proyecto de ley con media sanci\u00f3n en Diputados para quitar definitivamente al \u00e1rea como sujeto a privatizaci\u00f3n, figura vigente desde la ola privatista de los &#8217;90.<\/p>\n<p>La siguiente es la cr\u00f3nica realizada por El diario del Centro del Pa\u00eds:<\/p>\n<div>\u201cEscuchamos a todos los candidatos (a presidente), y no hay ninguno que diga qu\u00e9 va a hacer con los 60.000 compa\u00f1eros contratados por el Estado\u201d, dijo Walter Secondino, secretario general de la delegaci\u00f3n local de la Asociaci\u00f3n de Trabajadores del Estado (ATE). Las declaraciones fueron realizadas en el acto de cierre de la movilizaci\u00f3n de los trabajadores del polvor\u00edn, en la esquina de Santa Fe y Alem. \u201cTodos los candidatos hablan del d\u00f3lar, del cepo; pero nadie de los trabajadores\u201d, agreg\u00f3.<\/div>\n<div>La movilizaci\u00f3n se realiz\u00f3 en el marco de un plan de lucha nacional impulsado por ATE para lograr el pase a planta de los contratados, que representan un 80% de los trabajadores de Fabricaciones Militares.<\/div>\n<div>Manifestaciones similares a la de Villa Mar\u00eda se hicieron en Azul, Fray Luis Beltr\u00e1n, R\u00edo Tercero y en Jachal, donde Fabricaciones tiene un nuevo emprendimiento.<\/div>\n<div>En esta ciudad, la columna de manifestantes se concentr\u00f3 en Sarmiento e Hip\u00f3lito Yrigoyen. Recorrieron esa \u00faltima calle hasta Buenos Aires, para dar una vuelta a la plaza Centenario y realizar el acto en Santa Fe y Alem, para continuar marchando hasta la sede del gremio, donde desconcentraron.<\/div>\n<div><a href=\"http:\/\/www.atecordoba.org\/wp-content\/uploads\/2015\/05\/cabeza-marcha-e1431036984145.jpg\"><img loading=\"lazy\" decoding=\"async\" class=\"aligncenter size-full wp-image-5228\" src=\"http:\/\/www.atecordoba.org\/wp-content\/uploads\/2015\/05\/cabeza-marcha-e1431036984145.jpg\" alt=\"cabeza marcha\" width=\"550\" height=\"309\" \/><\/a><\/div>\n<div>Participaron adhiriendo al reclamo dirigentes gremiales de ANSES, PAMI, Hospital Pasteur, como as\u00ed tambi\u00e9n una delegaci\u00f3n de ATE\u2008R\u00edo Cuarto y de la Provincia, con la secretaria general, Mar\u00eda Teresa Romero a la cabeza.<\/div>\n<div>En el trayecto, recordaron que con \u201cla lucha de los trabajadores\u201d, lograron que no se cerrar\u00e1 el polvor\u00edn y anhelaron que se le d\u00e9 sanci\u00f3n en el Senado a la ley que deroga el proyecto originado en los 90, que los declara \u201csujeto a privatizaci\u00f3n\u201d.<\/div>\n<div>\u201cQu\u00e9 gusto va a ser ver a (Carlos) Menem levantar la mano por la derogaci\u00f3n de la ley que \u00e9l impuls\u00f3 cuando era presidente\u201d, indicaron.<\/div>\n<div><a href=\"http:\/\/www.atecordoba.org\/wp-content\/uploads\/2015\/05\/pase-a-planta-e1431037024556.jpg\"><img loading=\"lazy\" decoding=\"async\" class=\"aligncenter size-full wp-image-5229\" src=\"http:\/\/www.atecordoba.org\/wp-content\/uploads\/2015\/05\/pase-a-planta-e1431037024556.jpg\" alt=\"pase a planta\" width=\"550\" height=\"309\" \/><\/a><\/div>\n<div>Seg\u00fan los organizadores, la columna de manifestantes sum\u00f3 a unas 400 personas, la mayor\u00eda, trabajadores de\u2008F\u00e1brica Militar.<\/div>\n<div>Adem\u00e1s del reclamo, hicieron un homenaje especial a los fallecidos en incidentes laborales, que en la historia del polvor\u00edn suman 25.<\/div>\n<div><a href=\"http:\/\/www.atecordoba.org\/wp-content\/uploads\/2015\/05\/secondino-e1431037057243.jpg\"><img loading=\"lazy\" decoding=\"async\" class=\"aligncenter size-full wp-image-5230\" src=\"http:\/\/www.atecordoba.org\/wp-content\/uploads\/2015\/05\/secondino-e1431037057243.jpg\" alt=\"secondino\" width=\"550\" height=\"309\" \/><\/a><\/div>\n<div><\/div>\n<div>Mar\u00eda Teresa Romero, ATE\u2008Provincia<\/div>\n<div><strong>\u201cEstado precarizador\u201d<\/strong><\/div>\n<div><\/div>\n<div>Mar\u00eda Teresa Romero, secretaria general de\u2008ATE\u2008Provincia, dijo que el \u201cEstado, en todos sus niveles, es el principal precarizador\u201d. Inform\u00f3 que \u201clos mismos compa\u00f1eros del Ministerio de Trabajo no son de planta y que los municipios han llegado al extremo de precarizar a los jornalizados, a los que los hacen ir a esperar cuatro horas por un trabajo, que si no aparece, tienen que regresar a sus casas sin paga\u201d.<\/div>\n<div><a href=\"http:\/\/www.atecordoba.org\/wp-content\/uploads\/2015\/05\/bandera.jpg\"><img loading=\"lazy\" decoding=\"async\" class=\"aligncenter size-full wp-image-5231\" src=\"http:\/\/www.atecordoba.org\/wp-content\/uploads\/2015\/05\/bandera.jpg\" alt=\"bandera\" width=\"600\" height=\"396\" \/><\/a><\/div>\n<div>\n<div><\/div>\n<div><strong>LAS\u2008CIFRAS<\/strong><\/div>\n<div><strong>80<\/strong><\/div>\n<div>\n<div>EL PORCENTAJE DE CONTRATADOS EN FABRICACIONES MILITARES. EL PERSONAL DE PLANTA ESTA PRONTO A JUBILARSE.<\/div>\n<div><strong>25<\/strong><\/div>\n<div>LOS MUERTOS EN INCIDENTES LABORALES PRODUCIDOS EN LA<\/div>\n<div>HISTORIA DE LA FABRICA MILITAR DE VILLA MARIA.<\/div>\n<\/div>\n<\/div>\n","protected":false},"excerpt":{"rendered":"<p>Los trabajadores de Fabricaciones Militares marcharon ayer en Villa Mar\u00eda por el pase a planta, en el marco del plan de lucha nacional que realiza el sector. Hubo delegaciones de la planta de Rio Tercero y de la seccional R\u00edo Cuarto. &#8220;El Estado es el principal precarizador&#8221;, denuncia nuestra\u00a0secretaria General del CDP\u00a0durante la marcha. Con [&hellip;]<\/p>\n","protected":false},"author":1,"featured_media":19220,"comment_status":"open","ping_status":"open","sticky":false,"template":"","format":"standard","meta":{"_exactmetrics_skip_tracking":false,"_exactmetrics_sitenote_active":false,"_exactmetrics_sitenote_note":"","_exactmetrics_sitenote_category":0,"jnews-multi-image_gallery":[],"jnews_single_post":[],"jnews_primary_category":[],"jnews_social_meta":[],"jnews_review":[],"enable_review":"","type":"","name":"","summary":"","brand":"","sku":"","good":[],"bad":[],"score_override":"","override_value":"","rating":[],"price":[],"jnews_override_counter":[],"jnews_post_split":[],"footnotes":""},"categories":[17,18],"tags":[],"class_list":["post-5225","post","type-post","status-publish","format-standard","has-post-thumbnail","hentry","category-fabricaciones-militares","category-nacionales"],"jetpack_featured_media_url":"https:\/\/atecordoba.org\/wp-content\/uploads\/2020\/05\/logo-nuevochico-e1561581322808.png","_links":{"self":[{"href":"https:\/\/atecordoba.org\/index.php?rest_route=\/wp\/v2\/posts\/5225","targetHints":{"allow":["GET"]}}],"collection":[{"href":"https:\/\/atecordoba.org\/index.php?rest_route=\/wp\/v2\/posts"}],"about":[{"href":"https:\/\/atecordoba.org\/index.php?rest_route=\/wp\/v2\/types\/post"}],"author":[{"embeddable":true,"href":"https:\/\/atecordoba.org\/index.php?rest_route=\/wp\/v2\/users\/1"}],"replies":[{"embeddable":true,"href":"https:\/\/atecordoba.org\/index.php?rest_route=%2Fwp%2Fv2%2Fcomments&post=5225"}],"version-history":[{"count":0,"href":"https:\/\/atecordoba.org\/index.php?rest_route=\/wp\/v2\/posts\/5225\/revisions"}],"wp:featuredmedia":[{"embeddable":true,"href":"https:\/\/atecordoba.org\/index.php?rest_route=\/wp\/v2\/media\/19220"}],"wp:attachment":[{"href":"https:\/\/atecordoba.org\/index.php?rest_route=%2Fwp%2Fv2%2Fmedia&parent=5225"}],"wp:term":[{"taxonomy":"category","embeddable":true,"href":"https:\/\/atecordoba.org\/index.php?rest_route=%2Fwp%2Fv2%2Fcategories&post=5225"},{"taxonomy":"post_tag","embeddable":true,"href":"https:\/\/atecordoba.org\/index.php?rest_route=%2Fwp%2Fv2%2Ftags&post=5225"}],"curies":[{"name":"wp","href":"https:\/\/api.w.org\/{rel}","templated":true}]}}