{"id":52237,"date":"2026-01-08T10:22:53","date_gmt":"2026-01-08T13:22:53","guid":{"rendered":"https:\/\/atecordoba.org\/?p=52237"},"modified":"2026-01-08T10:23:34","modified_gmt":"2026-01-08T13:23:34","slug":"ayer-se-realizo-un-plenario-integral-de-la-militancia-con-una-amplia-participacion-de-companeras-y-companeros-de-ate-cta-fenat-y-el-movimiento-pueblo-y-patria-donde-se-planifico-la-apertura-del-ano","status":"publish","type":"post","link":"https:\/\/atecordoba.org\/?p=52237","title":{"rendered":"Plenario integral de la militancia: balance pol\u00edtico, planificaci\u00f3n y compromiso de lucha para el 2026"},"content":{"rendered":"<p data-start=\"108\" data-end=\"599\"><a href=\"https:\/\/atecordoba.org\/wp-content\/uploads\/2026\/01\/611364885_1297147585768486_7419680522377914818_n.jpg\"><img loading=\"lazy\" decoding=\"async\" class=\"alignnone size-full wp-image-52252\" src=\"https:\/\/atecordoba.org\/wp-content\/uploads\/2026\/01\/611364885_1297147585768486_7419680522377914818_n.jpg\" alt=\"\" width=\"2048\" height=\"1369\" srcset=\"https:\/\/atecordoba.org\/wp-content\/uploads\/2026\/01\/611364885_1297147585768486_7419680522377914818_n.jpg 2048w, https:\/\/atecordoba.org\/wp-content\/uploads\/2026\/01\/611364885_1297147585768486_7419680522377914818_n-300x201.jpg 300w, https:\/\/atecordoba.org\/wp-content\/uploads\/2026\/01\/611364885_1297147585768486_7419680522377914818_n-1024x685.jpg 1024w, https:\/\/atecordoba.org\/wp-content\/uploads\/2026\/01\/611364885_1297147585768486_7419680522377914818_n-768x513.jpg 768w, https:\/\/atecordoba.org\/wp-content\/uploads\/2026\/01\/611364885_1297147585768486_7419680522377914818_n-1536x1027.jpg 1536w, https:\/\/atecordoba.org\/wp-content\/uploads\/2026\/01\/611364885_1297147585768486_7419680522377914818_n-750x501.jpg 750w, https:\/\/atecordoba.org\/wp-content\/uploads\/2026\/01\/611364885_1297147585768486_7419680522377914818_n-1140x762.jpg 1140w\" sizes=\"auto, (max-width: 2048px) 100vw, 2048px\" \/><\/a><\/p>\n<p data-start=\"108\" data-end=\"599\">Ayer se realiz\u00f3 un <strong data-start=\"127\" data-end=\"165\">plenario integral de la militancia<\/strong> con una amplia participaci\u00f3n de compa\u00f1eras y compa\u00f1eros de <strong data-start=\"225\" data-end=\"276\">ATE, CTA, FENAT y el Movimiento Pueblo y Patria<\/strong>, donde se planific\u00f3 la apertura del a\u00f1o y se llev\u00f3 adelante un <strong data-start=\"340\" data-end=\"360\">balance pol\u00edtico<\/strong> de lo trabajado durante el a\u00f1o pasado. El encuentro permiti\u00f3 abordar el <strong data-start=\"433\" data-end=\"457\">contexto geopol\u00edtico<\/strong>, la <strong data-start=\"462\" data-end=\"497\">coyuntura nacional y provincial<\/strong>, y acordar estar en <strong data-start=\"518\" data-end=\"539\">alerta permanente<\/strong> frente a un eventual tratamiento de la <strong data-start=\"579\" data-end=\"598\">reforma laboral<\/strong>.<\/p>\n<p data-start=\"108\" data-end=\"599\"><a href=\"https:\/\/atecordoba.org\/wp-content\/uploads\/2026\/01\/612319843_1297148152435096_932063700524071955_n.jpg\"><img loading=\"lazy\" decoding=\"async\" class=\"alignnone wp-image-52247 size-medium\" src=\"https:\/\/atecordoba.org\/wp-content\/uploads\/2026\/01\/612319843_1297148152435096_932063700524071955_n-300x201.jpg\" alt=\"\" width=\"300\" height=\"201\" srcset=\"https:\/\/atecordoba.org\/wp-content\/uploads\/2026\/01\/612319843_1297148152435096_932063700524071955_n-300x201.jpg 300w, https:\/\/atecordoba.org\/wp-content\/uploads\/2026\/01\/612319843_1297148152435096_932063700524071955_n-1024x685.jpg 1024w, https:\/\/atecordoba.org\/wp-content\/uploads\/2026\/01\/612319843_1297148152435096_932063700524071955_n-768x513.jpg 768w, https:\/\/atecordoba.org\/wp-content\/uploads\/2026\/01\/612319843_1297148152435096_932063700524071955_n-1536x1027.jpg 1536w, https:\/\/atecordoba.org\/wp-content\/uploads\/2026\/01\/612319843_1297148152435096_932063700524071955_n-750x501.jpg 750w, https:\/\/atecordoba.org\/wp-content\/uploads\/2026\/01\/612319843_1297148152435096_932063700524071955_n-1140x762.jpg 1140w, https:\/\/atecordoba.org\/wp-content\/uploads\/2026\/01\/612319843_1297148152435096_932063700524071955_n.jpg 2048w\" sizes=\"auto, (max-width: 300px) 100vw, 300px\" \/><\/a> <a href=\"https:\/\/atecordoba.org\/wp-content\/uploads\/2026\/01\/611771257_1297148682435043_454418423200163773_n.jpg\"><img loading=\"lazy\" decoding=\"async\" class=\"alignnone wp-image-52242 size-medium\" src=\"https:\/\/atecordoba.org\/wp-content\/uploads\/2026\/01\/611771257_1297148682435043_454418423200163773_n-300x201.jpg\" alt=\"\" width=\"300\" height=\"201\" srcset=\"https:\/\/atecordoba.org\/wp-content\/uploads\/2026\/01\/611771257_1297148682435043_454418423200163773_n-300x201.jpg 300w, https:\/\/atecordoba.org\/wp-content\/uploads\/2026\/01\/611771257_1297148682435043_454418423200163773_n-1024x685.jpg 1024w, https:\/\/atecordoba.org\/wp-content\/uploads\/2026\/01\/611771257_1297148682435043_454418423200163773_n-768x513.jpg 768w, https:\/\/atecordoba.org\/wp-content\/uploads\/2026\/01\/611771257_1297148682435043_454418423200163773_n-1536x1027.jpg 1536w, https:\/\/atecordoba.org\/wp-content\/uploads\/2026\/01\/611771257_1297148682435043_454418423200163773_n-750x501.jpg 750w, https:\/\/atecordoba.org\/wp-content\/uploads\/2026\/01\/611771257_1297148682435043_454418423200163773_n-1140x762.jpg 1140w, https:\/\/atecordoba.org\/wp-content\/uploads\/2026\/01\/611771257_1297148682435043_454418423200163773_n.jpg 2048w\" sizes=\"auto, (max-width: 300px) 100vw, 300px\" \/><\/a><\/p>\n<p data-start=\"601\" data-end=\"1684\"><a href=\"https:\/\/atecordoba.org\/wp-content\/uploads\/2026\/01\/612825615_1297147479101830_3578243109377883241_n.jpg\"><img loading=\"lazy\" decoding=\"async\" class=\"alignleft wp-image-52251 size-medium\" src=\"https:\/\/atecordoba.org\/wp-content\/uploads\/2026\/01\/612825615_1297147479101830_3578243109377883241_n-300x200.jpg\" alt=\"\" width=\"300\" height=\"200\" srcset=\"https:\/\/atecordoba.org\/wp-content\/uploads\/2026\/01\/612825615_1297147479101830_3578243109377883241_n-300x200.jpg 300w, https:\/\/atecordoba.org\/wp-content\/uploads\/2026\/01\/612825615_1297147479101830_3578243109377883241_n-1024x684.jpg 1024w, https:\/\/atecordoba.org\/wp-content\/uploads\/2026\/01\/612825615_1297147479101830_3578243109377883241_n-768x513.jpg 768w, https:\/\/atecordoba.org\/wp-content\/uploads\/2026\/01\/612825615_1297147479101830_3578243109377883241_n-1536x1026.jpg 1536w, https:\/\/atecordoba.org\/wp-content\/uploads\/2026\/01\/612825615_1297147479101830_3578243109377883241_n-750x501.jpg 750w, https:\/\/atecordoba.org\/wp-content\/uploads\/2026\/01\/612825615_1297147479101830_3578243109377883241_n-1140x761.jpg 1140w, https:\/\/atecordoba.org\/wp-content\/uploads\/2026\/01\/612825615_1297147479101830_3578243109377883241_n.jpg 2048w\" sizes=\"auto, (max-width: 300px) 100vw, 300px\" \/><\/a>El plenario tambi\u00e9n fue el marco para dar la <strong data-start=\"646\" data-end=\"708\">bienvenida nuevamente a la Argentina y a nuestro sindicato<\/strong> al <strong data-start=\"712\" data-end=\"768\">secretario general de ATE C\u00f3rdoba, Federico Giuliani<\/strong>, quien expres\u00f3: <em data-start=\"785\" data-end=\"1683\">\u201cAc\u00e1 hay compa\u00f1eras y compa\u00f1eros de los barrios, jubiladas y jubilados, de distintos sectores laborales y de distintos lugares del territorio, tanto del interior como de la capital de C\u00f3rdoba, comenzando a discutir lo que va a ser este 2026. Arrancamos con nuestra solidaridad frente a la invasi\u00f3n que ha tenido el hermano pueblo de Venezuela de parte de Estados Unidos, ante un avance de las pol\u00edticas agresivas del sionismo, y exigimos la liberaci\u00f3n de Nicol\u00e1s Maduro y Cilia Flores. A partir de ah\u00ed, discutir lo nacional, provincial y local; la importancia de debatir de abajo hacia arriba, de la periferia al centro. Nos pusimos de acuerdo en que el d\u00eda que se trate la reforma laboral, toda nuestra estructura va a estar movilizada para decir no a la reforma laboral y s\u00ed a seguir garantizando los derechos de nuestra clase trabajadora, porque si no nos dejan so\u00f1ar, no los dejaremos dormir\u201d<\/em>.<\/p>\n<p data-start=\"601\" data-end=\"1684\"><a href=\"https:\/\/atecordoba.org\/wp-content\/uploads\/2026\/01\/613253608_1297148399101738_2702082032198008821_n.jpg\"><img loading=\"lazy\" decoding=\"async\" class=\"alignnone wp-image-52244 size-medium\" src=\"https:\/\/atecordoba.org\/wp-content\/uploads\/2026\/01\/613253608_1297148399101738_2702082032198008821_n-300x201.jpg\" alt=\"\" width=\"300\" height=\"201\" srcset=\"https:\/\/atecordoba.org\/wp-content\/uploads\/2026\/01\/613253608_1297148399101738_2702082032198008821_n-300x201.jpg 300w, https:\/\/atecordoba.org\/wp-content\/uploads\/2026\/01\/613253608_1297148399101738_2702082032198008821_n-1024x685.jpg 1024w, https:\/\/atecordoba.org\/wp-content\/uploads\/2026\/01\/613253608_1297148399101738_2702082032198008821_n-768x513.jpg 768w, https:\/\/atecordoba.org\/wp-content\/uploads\/2026\/01\/613253608_1297148399101738_2702082032198008821_n-1536x1027.jpg 1536w, https:\/\/atecordoba.org\/wp-content\/uploads\/2026\/01\/613253608_1297148399101738_2702082032198008821_n-750x501.jpg 750w, https:\/\/atecordoba.org\/wp-content\/uploads\/2026\/01\/613253608_1297148399101738_2702082032198008821_n-1140x762.jpg 1140w, https:\/\/atecordoba.org\/wp-content\/uploads\/2026\/01\/613253608_1297148399101738_2702082032198008821_n.jpg 2048w\" sizes=\"auto, (max-width: 300px) 100vw, 300px\" \/><\/a> <a href=\"https:\/\/atecordoba.org\/wp-content\/uploads\/2026\/01\/612969290_1297148312435080_8851811650890598360_n.jpg\"><img loading=\"lazy\" decoding=\"async\" class=\"alignnone wp-image-52245 size-medium\" src=\"https:\/\/atecordoba.org\/wp-content\/uploads\/2026\/01\/612969290_1297148312435080_8851811650890598360_n-300x201.jpg\" alt=\"\" width=\"300\" height=\"201\" srcset=\"https:\/\/atecordoba.org\/wp-content\/uploads\/2026\/01\/612969290_1297148312435080_8851811650890598360_n-300x201.jpg 300w, https:\/\/atecordoba.org\/wp-content\/uploads\/2026\/01\/612969290_1297148312435080_8851811650890598360_n-1024x685.jpg 1024w, https:\/\/atecordoba.org\/wp-content\/uploads\/2026\/01\/612969290_1297148312435080_8851811650890598360_n-768x513.jpg 768w, https:\/\/atecordoba.org\/wp-content\/uploads\/2026\/01\/612969290_1297148312435080_8851811650890598360_n-1536x1027.jpg 1536w, https:\/\/atecordoba.org\/wp-content\/uploads\/2026\/01\/612969290_1297148312435080_8851811650890598360_n-750x501.jpg 750w, https:\/\/atecordoba.org\/wp-content\/uploads\/2026\/01\/612969290_1297148312435080_8851811650890598360_n-1140x762.jpg 1140w, https:\/\/atecordoba.org\/wp-content\/uploads\/2026\/01\/612969290_1297148312435080_8851811650890598360_n.jpg 2048w\" sizes=\"auto, (max-width: 300px) 100vw, 300px\" \/><\/a> <a href=\"https:\/\/atecordoba.org\/wp-content\/uploads\/2026\/01\/610912276_1297148902435021_1270133153884551148_n.jpg\"><img loading=\"lazy\" decoding=\"async\" class=\"alignnone wp-image-52241 size-medium\" src=\"https:\/\/atecordoba.org\/wp-content\/uploads\/2026\/01\/610912276_1297148902435021_1270133153884551148_n-300x201.jpg\" alt=\"\" width=\"300\" height=\"201\" srcset=\"https:\/\/atecordoba.org\/wp-content\/uploads\/2026\/01\/610912276_1297148902435021_1270133153884551148_n-300x201.jpg 300w, https:\/\/atecordoba.org\/wp-content\/uploads\/2026\/01\/610912276_1297148902435021_1270133153884551148_n-1024x685.jpg 1024w, https:\/\/atecordoba.org\/wp-content\/uploads\/2026\/01\/610912276_1297148902435021_1270133153884551148_n-768x513.jpg 768w, https:\/\/atecordoba.org\/wp-content\/uploads\/2026\/01\/610912276_1297148902435021_1270133153884551148_n-1536x1027.jpg 1536w, https:\/\/atecordoba.org\/wp-content\/uploads\/2026\/01\/610912276_1297148902435021_1270133153884551148_n-750x501.jpg 750w, https:\/\/atecordoba.org\/wp-content\/uploads\/2026\/01\/610912276_1297148902435021_1270133153884551148_n-1140x762.jpg 1140w, https:\/\/atecordoba.org\/wp-content\/uploads\/2026\/01\/610912276_1297148902435021_1270133153884551148_n.jpg 2048w\" sizes=\"auto, (max-width: 300px) 100vw, 300px\" \/><\/a><\/p>\n<p data-start=\"1686\" data-end=\"2041\">La mesa de oradores estuvo integrada por <strong data-start=\"1727\" data-end=\"1747\">Juan Pablo Pozzi<\/strong>, secretario general de ATE Cruz del Eje; <strong data-start=\"1789\" data-end=\"1807\">Rafaela Alcoba<\/strong>, secretaria general de ATE R\u00edo Cuarto; y <strong data-start=\"1849\" data-end=\"1866\">Silvia Alcoba<\/strong>, secretaria adjunta de CTA C\u00f3rdoba y secretaria general de FENAT. El encuentro fue <strong data-start=\"1950\" data-end=\"1995\">coordinado por la compa\u00f1era Malena Berger<\/strong>, delegada de ATE en la Secretar\u00eda de Trabajo.<\/p>\n<p data-start=\"1686\" data-end=\"2041\"><a href=\"https:\/\/atecordoba.org\/wp-content\/uploads\/2026\/01\/612565202_1297147199101858_2822163361031949256_n.jpg\"><img loading=\"lazy\" decoding=\"async\" class=\"alignnone wp-image-52238 size-medium\" src=\"https:\/\/atecordoba.org\/wp-content\/uploads\/2026\/01\/612565202_1297147199101858_2822163361031949256_n-300x201.jpg\" alt=\"\" width=\"300\" height=\"201\" srcset=\"https:\/\/atecordoba.org\/wp-content\/uploads\/2026\/01\/612565202_1297147199101858_2822163361031949256_n-300x201.jpg 300w, https:\/\/atecordoba.org\/wp-content\/uploads\/2026\/01\/612565202_1297147199101858_2822163361031949256_n-1024x685.jpg 1024w, https:\/\/atecordoba.org\/wp-content\/uploads\/2026\/01\/612565202_1297147199101858_2822163361031949256_n-768x513.jpg 768w, https:\/\/atecordoba.org\/wp-content\/uploads\/2026\/01\/612565202_1297147199101858_2822163361031949256_n-1536x1027.jpg 1536w, https:\/\/atecordoba.org\/wp-content\/uploads\/2026\/01\/612565202_1297147199101858_2822163361031949256_n-750x501.jpg 750w, https:\/\/atecordoba.org\/wp-content\/uploads\/2026\/01\/612565202_1297147199101858_2822163361031949256_n-1140x762.jpg 1140w, https:\/\/atecordoba.org\/wp-content\/uploads\/2026\/01\/612565202_1297147199101858_2822163361031949256_n.jpg 2048w\" sizes=\"auto, (max-width: 300px) 100vw, 300px\" \/><\/a> <a href=\"https:\/\/atecordoba.org\/wp-content\/uploads\/2026\/01\/612006504_1297149055768339_3250275497877456592_n.jpg\"><img loading=\"lazy\" decoding=\"async\" class=\"alignnone wp-image-52239 size-medium\" src=\"https:\/\/atecordoba.org\/wp-content\/uploads\/2026\/01\/612006504_1297149055768339_3250275497877456592_n-300x201.jpg\" alt=\"\" width=\"300\" height=\"201\" srcset=\"https:\/\/atecordoba.org\/wp-content\/uploads\/2026\/01\/612006504_1297149055768339_3250275497877456592_n-300x201.jpg 300w, https:\/\/atecordoba.org\/wp-content\/uploads\/2026\/01\/612006504_1297149055768339_3250275497877456592_n-1024x685.jpg 1024w, https:\/\/atecordoba.org\/wp-content\/uploads\/2026\/01\/612006504_1297149055768339_3250275497877456592_n-768x513.jpg 768w, https:\/\/atecordoba.org\/wp-content\/uploads\/2026\/01\/612006504_1297149055768339_3250275497877456592_n-1536x1027.jpg 1536w, https:\/\/atecordoba.org\/wp-content\/uploads\/2026\/01\/612006504_1297149055768339_3250275497877456592_n-750x501.jpg 750w, https:\/\/atecordoba.org\/wp-content\/uploads\/2026\/01\/612006504_1297149055768339_3250275497877456592_n-1140x762.jpg 1140w, https:\/\/atecordoba.org\/wp-content\/uploads\/2026\/01\/612006504_1297149055768339_3250275497877456592_n.jpg 2048w\" sizes=\"auto, (max-width: 300px) 100vw, 300px\" \/><\/a> <a href=\"https:\/\/atecordoba.org\/wp-content\/uploads\/2026\/01\/612548600_1297147692435142_7651024766125239634_n.jpg\"><img loading=\"lazy\" decoding=\"async\" class=\"alignnone wp-image-52250 size-medium\" src=\"https:\/\/atecordoba.org\/wp-content\/uploads\/2026\/01\/612548600_1297147692435142_7651024766125239634_n-300x201.jpg\" alt=\"\" width=\"300\" height=\"201\" srcset=\"https:\/\/atecordoba.org\/wp-content\/uploads\/2026\/01\/612548600_1297147692435142_7651024766125239634_n-300x201.jpg 300w, https:\/\/atecordoba.org\/wp-content\/uploads\/2026\/01\/612548600_1297147692435142_7651024766125239634_n-1024x685.jpg 1024w, https:\/\/atecordoba.org\/wp-content\/uploads\/2026\/01\/612548600_1297147692435142_7651024766125239634_n-768x514.jpg 768w, https:\/\/atecordoba.org\/wp-content\/uploads\/2026\/01\/612548600_1297147692435142_7651024766125239634_n-1536x1028.jpg 1536w, https:\/\/atecordoba.org\/wp-content\/uploads\/2026\/01\/612548600_1297147692435142_7651024766125239634_n-750x502.jpg 750w, https:\/\/atecordoba.org\/wp-content\/uploads\/2026\/01\/612548600_1297147692435142_7651024766125239634_n-1140x763.jpg 1140w, https:\/\/atecordoba.org\/wp-content\/uploads\/2026\/01\/612548600_1297147692435142_7651024766125239634_n.jpg 2048w\" sizes=\"auto, (max-width: 300px) 100vw, 300px\" \/><\/a> <a href=\"https:\/\/atecordoba.org\/wp-content\/uploads\/2026\/01\/610893753_1297147892435122_6281616643638001761_n.jpg\"><img loading=\"lazy\" decoding=\"async\" class=\"alignnone wp-image-52249 size-medium\" src=\"https:\/\/atecordoba.org\/wp-content\/uploads\/2026\/01\/610893753_1297147892435122_6281616643638001761_n-300x201.jpg\" alt=\"\" width=\"300\" height=\"201\" srcset=\"https:\/\/atecordoba.org\/wp-content\/uploads\/2026\/01\/610893753_1297147892435122_6281616643638001761_n-300x201.jpg 300w, https:\/\/atecordoba.org\/wp-content\/uploads\/2026\/01\/610893753_1297147892435122_6281616643638001761_n-1024x685.jpg 1024w, https:\/\/atecordoba.org\/wp-content\/uploads\/2026\/01\/610893753_1297147892435122_6281616643638001761_n-768x513.jpg 768w, https:\/\/atecordoba.org\/wp-content\/uploads\/2026\/01\/610893753_1297147892435122_6281616643638001761_n-1536x1027.jpg 1536w, https:\/\/atecordoba.org\/wp-content\/uploads\/2026\/01\/610893753_1297147892435122_6281616643638001761_n-750x501.jpg 750w, https:\/\/atecordoba.org\/wp-content\/uploads\/2026\/01\/610893753_1297147892435122_6281616643638001761_n-1140x762.jpg 1140w, https:\/\/atecordoba.org\/wp-content\/uploads\/2026\/01\/610893753_1297147892435122_6281616643638001761_n.jpg 2048w\" sizes=\"auto, (max-width: 300px) 100vw, 300px\" \/><\/a><\/p>\n<p data-start=\"2043\" data-end=\"2320\" data-is-last-node=\"\" data-is-only-node=\"\">Desde ATE reafirmamos que la <strong data-start=\"2072\" data-end=\"2099\">unidad en la diversidad<\/strong>, la <strong data-start=\"2104\" data-end=\"2136\">discusi\u00f3n pol\u00edtica colectiva<\/strong> y la <strong data-start=\"2142\" data-end=\"2170\">organizaci\u00f3n desde abajo<\/strong> son las herramientas centrales para defender los derechos de las y los trabajadores y para enfrentar cualquier intento de ajuste o retroceso laboral.<\/p>\n<p data-start=\"2043\" data-end=\"2320\" data-is-last-node=\"\" data-is-only-node=\"\"><a href=\"https:\/\/atecordoba.org\/wp-content\/uploads\/2026\/01\/610843368_1297148962435015_2506605622105483820_n.jpg\"><img loading=\"lazy\" decoding=\"async\" class=\"alignnone size-full wp-image-52240\" src=\"https:\/\/atecordoba.org\/wp-content\/uploads\/2026\/01\/610843368_1297148962435015_2506605622105483820_n.jpg\" alt=\"\" width=\"1600\" height=\"1069\" srcset=\"https:\/\/atecordoba.org\/wp-content\/uploads\/2026\/01\/610843368_1297148962435015_2506605622105483820_n.jpg 1600w, https:\/\/atecordoba.org\/wp-content\/uploads\/2026\/01\/610843368_1297148962435015_2506605622105483820_n-300x200.jpg 300w, https:\/\/atecordoba.org\/wp-content\/uploads\/2026\/01\/610843368_1297148962435015_2506605622105483820_n-1024x684.jpg 1024w, https:\/\/atecordoba.org\/wp-content\/uploads\/2026\/01\/610843368_1297148962435015_2506605622105483820_n-768x513.jpg 768w, https:\/\/atecordoba.org\/wp-content\/uploads\/2026\/01\/610843368_1297148962435015_2506605622105483820_n-1536x1026.jpg 1536w, https:\/\/atecordoba.org\/wp-content\/uploads\/2026\/01\/610843368_1297148962435015_2506605622105483820_n-750x501.jpg 750w, https:\/\/atecordoba.org\/wp-content\/uploads\/2026\/01\/610843368_1297148962435015_2506605622105483820_n-1140x762.jpg 1140w\" sizes=\"auto, (max-width: 1600px) 100vw, 1600px\" \/><\/a><\/p>\n","protected":false},"excerpt":{"rendered":"<p>Ayer se realiz\u00f3 un plenario integral de la militancia con una amplia participaci\u00f3n de compa\u00f1eras y compa\u00f1eros de ATE, CTA, FENAT y el Movimiento Pueblo y Patria, donde se planific\u00f3 la apertura del a\u00f1o y se llev\u00f3 adelante un balance pol\u00edtico de lo trabajado durante el a\u00f1o pasado. El encuentro permiti\u00f3 abordar el contexto geopol\u00edtico, [&hellip;]<\/p>\n","protected":false},"author":3,"featured_media":52252,"comment_status":"open","ping_status":"open","sticky":false,"template":"","format":"standard","meta":{"_exactmetrics_skip_tracking":false,"_exactmetrics_sitenote_active":false,"_exactmetrics_sitenote_note":"","_exactmetrics_sitenote_category":0,"jnews-multi-image_gallery":[],"jnews_single_post":{"format":"standard","override":[{"template":"1","parallax":"1","fullscreen":"1","layout":"no-sidebar-narrow","sidebar":"default-sidebar","second_sidebar":"default-sidebar","sticky_sidebar":"1","share_position":"bottom","share_float_style":"share-monocrhome","show_share_counter":"1","show_view_counter":"1","show_post_meta":"1","show_post_author_image":"1","show_post_date":"1","post_date_format":"default","post_date_format_custom":"Y\/m\/d","show_post_category":"1","show_post_reading_time":"0","post_reading_time_wpm":"300","post_calculate_word_method":"str_word_count","show_zoom_button":"0","zoom_button_out_step":"2","zoom_button_in_step":"3","show_post_tag":"1","number_popup_post":"1","show_post_related":"1","show_inline_post_related":"0"}],"image_override":[{"single_post_thumbnail_size":"crop-500","single_post_gallery_size":"crop-500"}],"trending_post_position":"meta","trending_post_label":"Trending","sponsored_post_label":"Sponsored by","disable_ad":"0"},"jnews_primary_category":[],"jnews_social_meta":[],"jnews_review":[],"enable_review":"","type":"percentage","name":"","summary":"","brand":"","sku":"","good":[],"bad":[],"score_override":"","override_value":"","rating":[],"price":[],"jnews_override_counter":{"view_counter_number":"0","share_counter_number":"0","like_counter_number":"0","dislike_counter_number":"0"},"jnews_post_split":{"post_split":[{"template":"1","tag":"h2","numbering":"asc","mode":"normal","first":"0","enable_toc":"0","toc_type":"normal"}]},"footnotes":""},"categories":[10],"tags":[],"class_list":["post-52237","post","type-post","status-publish","format-standard","has-post-thumbnail","hentry","category-accion-politica"],"jetpack_featured_media_url":"https:\/\/atecordoba.org\/wp-content\/uploads\/2026\/01\/611364885_1297147585768486_7419680522377914818_n.jpg","_links":{"self":[{"href":"https:\/\/atecordoba.org\/index.php?rest_route=\/wp\/v2\/posts\/52237","targetHints":{"allow":["GET"]}}],"collection":[{"href":"https:\/\/atecordoba.org\/index.php?rest_route=\/wp\/v2\/posts"}],"about":[{"href":"https:\/\/atecordoba.org\/index.php?rest_route=\/wp\/v2\/types\/post"}],"author":[{"embeddable":true,"href":"https:\/\/atecordoba.org\/index.php?rest_route=\/wp\/v2\/users\/3"}],"replies":[{"embeddable":true,"href":"https:\/\/atecordoba.org\/index.php?rest_route=%2Fwp%2Fv2%2Fcomments&post=52237"}],"version-history":[{"count":2,"href":"https:\/\/atecordoba.org\/index.php?rest_route=\/wp\/v2\/posts\/52237\/revisions"}],"predecessor-version":[{"id":52254,"href":"https:\/\/atecordoba.org\/index.php?rest_route=\/wp\/v2\/posts\/52237\/revisions\/52254"}],"wp:featuredmedia":[{"embeddable":true,"href":"https:\/\/atecordoba.org\/index.php?rest_route=\/wp\/v2\/media\/52252"}],"wp:attachment":[{"href":"https:\/\/atecordoba.org\/index.php?rest_route=%2Fwp%2Fv2%2Fmedia&parent=52237"}],"wp:term":[{"taxonomy":"category","embeddable":true,"href":"https:\/\/atecordoba.org\/index.php?rest_route=%2Fwp%2Fv2%2Fcategories&post=52237"},{"taxonomy":"post_tag","embeddable":true,"href":"https:\/\/atecordoba.org\/index.php?rest_route=%2Fwp%2Fv2%2Ftags&post=52237"}],"curies":[{"name":"wp","href":"https:\/\/api.w.org\/{rel}","templated":true}]}}