{"id":52234,"date":"2026-01-07T13:11:03","date_gmt":"2026-01-07T16:11:03","guid":{"rendered":"https:\/\/atecordoba.org\/?p=52234"},"modified":"2026-01-07T13:11:03","modified_gmt":"2026-01-07T16:11:03","slug":"villa-yacanto-se-puso-en-marcha-la-mesa-de-relaciones-laborales-con-participacion-de-ate","status":"publish","type":"post","link":"https:\/\/atecordoba.org\/?p=52234","title":{"rendered":"Villa Yacanto: se puso en marcha la Mesa de Relaciones Laborales con participaci\u00f3n de ATE"},"content":{"rendered":"<p><a href=\"https:\/\/atecordoba.org\/wp-content\/uploads\/2026\/01\/WhatsApp-Image-2026-01-07-at-12.45.19.jpeg\"><img loading=\"lazy\" decoding=\"async\" class=\"alignnone size-full wp-image-52235\" src=\"https:\/\/atecordoba.org\/wp-content\/uploads\/2026\/01\/WhatsApp-Image-2026-01-07-at-12.45.19.jpeg\" alt=\"\" width=\"1200\" height=\"1600\" srcset=\"https:\/\/atecordoba.org\/wp-content\/uploads\/2026\/01\/WhatsApp-Image-2026-01-07-at-12.45.19.jpeg 1200w, https:\/\/atecordoba.org\/wp-content\/uploads\/2026\/01\/WhatsApp-Image-2026-01-07-at-12.45.19-225x300.jpeg 225w, https:\/\/atecordoba.org\/wp-content\/uploads\/2026\/01\/WhatsApp-Image-2026-01-07-at-12.45.19-768x1024.jpeg 768w, https:\/\/atecordoba.org\/wp-content\/uploads\/2026\/01\/WhatsApp-Image-2026-01-07-at-12.45.19-1152x1536.jpeg 1152w, https:\/\/atecordoba.org\/wp-content\/uploads\/2026\/01\/WhatsApp-Image-2026-01-07-at-12.45.19-750x1000.jpeg 750w, https:\/\/atecordoba.org\/wp-content\/uploads\/2026\/01\/WhatsApp-Image-2026-01-07-at-12.45.19-1140x1520.jpeg 1140w\" sizes=\"auto, (max-width: 1200px) 100vw, 1200px\" \/><\/a><\/p>\n<p>En la ma\u00f1ana de hoy, martes 7 de enero, a las 10:00 horas, se llev\u00f3 a cabo en la localidad de <strong>Villa Yacanto<\/strong> la primera reuni\u00f3n de la <strong>Mesa de Relaciones Laborales<\/strong>, dando inicio formal a su funcionamiento como \u00e1mbito institucional de di\u00e1logo y discusi\u00f3n paritaria entre el Municipio, el Honorable Concejo Deliberante y la <strong>Asociaci\u00f3n de Trabajadores del Estado (ATE)<\/strong>.<\/p>\n<p>Por parte de ATE participaron las y los miembros titulares <strong>Ayel\u00e9n Ram\u00edrez, Roxana C\u00f3rdoba y Claudia P\u00e9rez Rothenberger<\/strong>, junto a las y los miembros suplentes <strong>Eduardo Valenzuela, Julia Giuliani y Jos\u00e9 Baigorria<\/strong>. En representaci\u00f3n del <strong>Departamento Ejecutivo Municipal<\/strong> estuvieron presentes el <strong>Intendente Fernando Moiso<\/strong>, el <strong>Secretario de Coordinaci\u00f3n Edgardo Moiso<\/strong>, el <strong>Secretario de Gobierno Ioel Palacios<\/strong> y la <strong>Secretaria de Finanzas Melisa Ben<\/strong>. Asimismo, participaron por el <strong>Honorable Concejo Deliberante<\/strong> su presidente <strong>Hern\u00e1n Battisti<\/strong> y el presidente del bloque opositor <strong>Sebasti\u00e1n Tinivella<\/strong>.<\/p>\n<p>Durante el encuentro, en primer lugar, se acord\u00f3 que la <strong>Mesa de Relaciones Laborales sesionar\u00e1 el tercer mi\u00e9rcoles de cada mes a las 10:00 horas<\/strong>, garantizando as\u00ed una instancia peri\u00f3dica de tratamiento de las problem\u00e1ticas laborales. En segundo t\u00e9rmino, desde ATE se solicit\u00f3 la <strong>recategorizaci\u00f3n de seis (6) trabajadores y trabajadoras<\/strong>, junto con la revisi\u00f3n de sus contratos, a fin de que perciban sus haberes de acuerdo a las funciones efectivamente desempe\u00f1adas, t\u00edtulos y categor\u00edas correspondientes.<\/p>\n<p>Adem\u00e1s, se plante\u00f3 la necesidad de establecer un <strong>piso salarial b\u00e1sico de $600.000<\/strong>, informando el Departamento Ejecutivo que el Municipio entregar\u00e1 el escalaf\u00f3n vigente para que, en la pr\u00f3xima reuni\u00f3n paritaria del corriente mes, se presente un <strong>proyecto de aumento salarial<\/strong> conforme a lo solicitado. En ese marco, tambi\u00e9n se inform\u00f3 que las y los trabajadores del <strong>programa PAICOR<\/strong> cuentan con <strong>seguro y cobertura de APROSS<\/strong>, despejando dudas planteadas previamente.<\/p>\n<p>Por otro lado, se present\u00f3 el <strong>Proyecto de Convenio Colectivo de Trabajo<\/strong>, el cual fue remitido por correo electr\u00f3nico a las y los participantes para su an\u00e1lisis, constituyendo un paso fundamental hacia la ampliaci\u00f3n y consolidaci\u00f3n de derechos laborales para las y los trabajadores municipales.<\/p>\n<p>Finalmente, se acord\u00f3 que en la pr\u00f3xima reuni\u00f3n de la Mesa se tratar\u00e1 la <strong>antig\u00fcedad de la trabajadora Ver\u00f3nica Pancocha<\/strong>, en funci\u00f3n de la documentaci\u00f3n requerida que deber\u00e1 ser presentada, as\u00ed como tambi\u00e9n la situaci\u00f3n de los <strong>contratos en blanco<\/strong>, el <strong>pase a planta permanente<\/strong> y otros temas centrales para las y los trabajadores municipales.<\/p>\n<p>Desde <strong>ATE<\/strong> destacamos la puesta en funcionamiento de esta Mesa como una <strong>herramienta clave de organizaci\u00f3n, di\u00e1logo y lucha colectiva<\/strong>, reafirmando nuestro compromiso con la defensa de los derechos, el salario y la estabilidad laboral de las y los trabajadores del Estado.<\/p>\n","protected":false},"excerpt":{"rendered":"<p>En la ma\u00f1ana de hoy, martes 7 de enero, a las 10:00 horas, se llev\u00f3 a cabo en la localidad de Villa Yacanto la primera reuni\u00f3n de la Mesa de Relaciones Laborales, dando inicio formal a su funcionamiento como \u00e1mbito institucional de di\u00e1logo y discusi\u00f3n paritaria entre el Municipio, el Honorable Concejo Deliberante y la [&hellip;]<\/p>\n","protected":false},"author":3,"featured_media":52235,"comment_status":"open","ping_status":"open","sticky":false,"template":"","format":"standard","meta":{"_exactmetrics_skip_tracking":false,"_exactmetrics_sitenote_active":false,"_exactmetrics_sitenote_note":"","_exactmetrics_sitenote_category":0,"jnews-multi-image_gallery":[],"jnews_single_post":[],"jnews_primary_category":[],"jnews_social_meta":[],"jnews_review":[],"enable_review":"","type":"","name":"","summary":"","brand":"","sku":"","good":[],"bad":[],"score_override":"","override_value":"","rating":[],"price":[],"jnews_override_counter":[],"jnews_post_split":[],"footnotes":""},"categories":[20],"tags":[],"class_list":["post-52234","post","type-post","status-publish","format-standard","has-post-thumbnail","hentry","category-municipales"],"jetpack_featured_media_url":"https:\/\/atecordoba.org\/wp-content\/uploads\/2026\/01\/WhatsApp-Image-2026-01-07-at-12.45.19.jpeg","_links":{"self":[{"href":"https:\/\/atecordoba.org\/index.php?rest_route=\/wp\/v2\/posts\/52234","targetHints":{"allow":["GET"]}}],"collection":[{"href":"https:\/\/atecordoba.org\/index.php?rest_route=\/wp\/v2\/posts"}],"about":[{"href":"https:\/\/atecordoba.org\/index.php?rest_route=\/wp\/v2\/types\/post"}],"author":[{"embeddable":true,"href":"https:\/\/atecordoba.org\/index.php?rest_route=\/wp\/v2\/users\/3"}],"replies":[{"embeddable":true,"href":"https:\/\/atecordoba.org\/index.php?rest_route=%2Fwp%2Fv2%2Fcomments&post=52234"}],"version-history":[{"count":1,"href":"https:\/\/atecordoba.org\/index.php?rest_route=\/wp\/v2\/posts\/52234\/revisions"}],"predecessor-version":[{"id":52236,"href":"https:\/\/atecordoba.org\/index.php?rest_route=\/wp\/v2\/posts\/52234\/revisions\/52236"}],"wp:featuredmedia":[{"embeddable":true,"href":"https:\/\/atecordoba.org\/index.php?rest_route=\/wp\/v2\/media\/52235"}],"wp:attachment":[{"href":"https:\/\/atecordoba.org\/index.php?rest_route=%2Fwp%2Fv2%2Fmedia&parent=52234"}],"wp:term":[{"taxonomy":"category","embeddable":true,"href":"https:\/\/atecordoba.org\/index.php?rest_route=%2Fwp%2Fv2%2Fcategories&post=52234"},{"taxonomy":"post_tag","embeddable":true,"href":"https:\/\/atecordoba.org\/index.php?rest_route=%2Fwp%2Fv2%2Ftags&post=52234"}],"curies":[{"name":"wp","href":"https:\/\/api.w.org\/{rel}","templated":true}]}}