{"id":52232,"date":"2026-01-06T12:04:05","date_gmt":"2026-01-06T15:04:05","guid":{"rendered":"https:\/\/atecordoba.org\/?p=52232"},"modified":"2026-01-06T12:04:39","modified_gmt":"2026-01-06T15:04:39","slug":"mina-clavero-ate-denuncia-un-despido-injustificado-y-convoca-a-una-semaforeada-en-defensa-de-los-puestos-de-trabajo","status":"publish","type":"post","link":"https:\/\/atecordoba.org\/?p=52232","title":{"rendered":"Mina Clavero: ATE denuncia un despido injustificado y convoca a una semaforeada en defensa de los puestos de trabajo"},"content":{"rendered":"\n<p><br><\/p>\n\n\n\n<figure class=\"wp-block-image size-large\"><img loading=\"lazy\" decoding=\"async\" width=\"819\" height=\"1024\" src=\"https:\/\/atecordoba.org\/wp-content\/uploads\/2026\/01\/img-20260105-wa00364653621113617517738-819x1024.jpg\" alt=\"\" class=\"wp-image-52230\" srcset=\"https:\/\/atecordoba.org\/wp-content\/uploads\/2026\/01\/img-20260105-wa00364653621113617517738-819x1024.jpg 819w, https:\/\/atecordoba.org\/wp-content\/uploads\/2026\/01\/img-20260105-wa00364653621113617517738-240x300.jpg 240w, https:\/\/atecordoba.org\/wp-content\/uploads\/2026\/01\/img-20260105-wa00364653621113617517738-768x960.jpg 768w, https:\/\/atecordoba.org\/wp-content\/uploads\/2026\/01\/img-20260105-wa00364653621113617517738-750x938.jpg 750w, https:\/\/atecordoba.org\/wp-content\/uploads\/2026\/01\/img-20260105-wa00364653621113617517738.jpg 1080w\" sizes=\"auto, (max-width: 819px) 100vw, 819px\" \/><\/figure>\n\n\n\n<p>La Asociaci\u00f3n Trabajadores del Estado (ATE) C\u00f3rdoba denuncia el despido injustificado y encubierto de una compa\u00f1era del \u00e1rea de Salud Municipal de Mina Clavero, con 14 a\u00f1os de antig\u00fcedad, y responsabiliza directamente al intendente Luis Quiroga por una decisi\u00f3n que vulnera derechos laborales b\u00e1sicos y atenta contra la democracia sindical.<br><br>Desde ATE advertimos que 14 a\u00f1os de trabajo no se borran, y que sin derechos laborales no hay democracia. Este nuevo ataque a una trabajadora municipal se inscribe en un contexto de precarizaci\u00f3n estructural, donde se pretende desconocer v\u00ednculos laborales consolidados para avanzar con despidos sin causa y sin asumir responsabilidades como Estado empleador.<br><br>En este marco, exigimos que el intendente de Mina Clavero reciba de manera urgente a ATE, organizaci\u00f3n sindical con personer\u00eda gremial y legitimidad para representar a las y los trabajadores municipales. La libertad y la democracia sindical no se negocian, y rechazamos cualquier intento de negar la representaci\u00f3n gremial o silenciar los reclamos colectivos.<br><br>Cabe destacar que la \u00faltima respuesta del intendente Luis Quiroga fue negar la existencia de la relaci\u00f3n laboral entre el municipio y la trabajadora despedida, as\u00ed como desconocer la legitimidad de ATE para llevar adelante este reclamo, una postura grave que profundiza el conflicto y deja en evidencia una clara actitud antisindical.<br><br>Frente a esta situaci\u00f3n, y en defensa del derecho al trabajo y de la salud p\u00fablica, ATE convoca a una semaforeada en Mina Clavero:<br><br>\ud83d\udccd Jueves 8 de enero<br>\u23f0 20:30 hs<br>\ud83d\udccc Esquina Mitre y Fleming<br><br>\u270b\ud83c\udffd \u00a1Basta de despidos encubiertos!<br>\ud83d\udcc6 14 a\u00f1os de trabajo no se borran<br>\u274c Sin derechos no hay democracia<br><br>ATE contin\u00faa consolid\u00e1ndose como la herramienta de lucha de las y los trabajadores municipales, organiz\u00e1ndose y saliendo a la calle para defender cada puesto de trabajo, porque la salud no se ajusta y los derechos se defienden colectivamente.<\/p>\n","protected":false},"excerpt":{"rendered":"<p>La Asociaci\u00f3n Trabajadores del Estado (ATE) C\u00f3rdoba denuncia el despido injustificado y encubierto de una compa\u00f1era del \u00e1rea de Salud Municipal de Mina Clavero, con 14 a\u00f1os de antig\u00fcedad, y responsabiliza directamente al intendente Luis Quiroga por una decisi\u00f3n que vulnera derechos laborales b\u00e1sicos y atenta contra la democracia sindical. Desde ATE advertimos que 14 [&hellip;]<\/p>\n","protected":false},"author":3,"featured_media":52231,"comment_status":"open","ping_status":"open","sticky":false,"template":"","format":"standard","meta":{"_exactmetrics_skip_tracking":false,"_exactmetrics_sitenote_active":false,"_exactmetrics_sitenote_note":"","_exactmetrics_sitenote_category":0,"jnews-multi-image_gallery":[],"jnews_single_post":[],"jnews_primary_category":[],"jnews_social_meta":[],"jnews_review":[],"enable_review":"","type":"","name":"","summary":"","brand":"","sku":"","good":[],"bad":[],"score_override":"","override_value":"","rating":[],"price":[],"jnews_override_counter":[],"jnews_post_split":[],"footnotes":""},"categories":[20],"tags":[],"class_list":["post-52232","post","type-post","status-publish","format-standard","has-post-thumbnail","hentry","category-municipales"],"jetpack_featured_media_url":"https:\/\/atecordoba.org\/wp-content\/uploads\/2026\/01\/IMG-20260105-WA0036.jpg","_links":{"self":[{"href":"https:\/\/atecordoba.org\/index.php?rest_route=\/wp\/v2\/posts\/52232","targetHints":{"allow":["GET"]}}],"collection":[{"href":"https:\/\/atecordoba.org\/index.php?rest_route=\/wp\/v2\/posts"}],"about":[{"href":"https:\/\/atecordoba.org\/index.php?rest_route=\/wp\/v2\/types\/post"}],"author":[{"embeddable":true,"href":"https:\/\/atecordoba.org\/index.php?rest_route=\/wp\/v2\/users\/3"}],"replies":[{"embeddable":true,"href":"https:\/\/atecordoba.org\/index.php?rest_route=%2Fwp%2Fv2%2Fcomments&post=52232"}],"version-history":[{"count":1,"href":"https:\/\/atecordoba.org\/index.php?rest_route=\/wp\/v2\/posts\/52232\/revisions"}],"predecessor-version":[{"id":52233,"href":"https:\/\/atecordoba.org\/index.php?rest_route=\/wp\/v2\/posts\/52232\/revisions\/52233"}],"wp:featuredmedia":[{"embeddable":true,"href":"https:\/\/atecordoba.org\/index.php?rest_route=\/wp\/v2\/media\/52231"}],"wp:attachment":[{"href":"https:\/\/atecordoba.org\/index.php?rest_route=%2Fwp%2Fv2%2Fmedia&parent=52232"}],"wp:term":[{"taxonomy":"category","embeddable":true,"href":"https:\/\/atecordoba.org\/index.php?rest_route=%2Fwp%2Fv2%2Fcategories&post=52232"},{"taxonomy":"post_tag","embeddable":true,"href":"https:\/\/atecordoba.org\/index.php?rest_route=%2Fwp%2Fv2%2Ftags&post=52232"}],"curies":[{"name":"wp","href":"https:\/\/api.w.org\/{rel}","templated":true}]}}