{"id":52218,"date":"2026-01-06T11:30:56","date_gmt":"2026-01-06T14:30:56","guid":{"rendered":"https:\/\/atecordoba.org\/?p=52218"},"modified":"2026-01-06T11:42:03","modified_gmt":"2026-01-06T14:42:03","slug":"ate-realizo-una-actividad-en-la-falda-en-defensa-de-las-y-los-trabajadores-despedidos-del-hotel-iosfa","status":"publish","type":"post","link":"https:\/\/atecordoba.org\/?p=52218","title":{"rendered":"ATE realiz\u00f3 una actividad en La Falda en defensa de las y los trabajadores despedidos del hotel IOSFA"},"content":{"rendered":"<p data-start=\"256\" data-end=\"577\"><a href=\"https:\/\/atecordoba.org\/wp-content\/uploads\/2026\/01\/WhatsApp-Image-2026-01-06-at-11.23.53.jpeg\"><img loading=\"lazy\" decoding=\"async\" class=\"alignnone size-full wp-image-52227\" src=\"https:\/\/atecordoba.org\/wp-content\/uploads\/2026\/01\/WhatsApp-Image-2026-01-06-at-11.23.53.jpeg\" alt=\"\" width=\"1200\" height=\"1600\" srcset=\"https:\/\/atecordoba.org\/wp-content\/uploads\/2026\/01\/WhatsApp-Image-2026-01-06-at-11.23.53.jpeg 1200w, https:\/\/atecordoba.org\/wp-content\/uploads\/2026\/01\/WhatsApp-Image-2026-01-06-at-11.23.53-225x300.jpeg 225w, https:\/\/atecordoba.org\/wp-content\/uploads\/2026\/01\/WhatsApp-Image-2026-01-06-at-11.23.53-768x1024.jpeg 768w, https:\/\/atecordoba.org\/wp-content\/uploads\/2026\/01\/WhatsApp-Image-2026-01-06-at-11.23.53-1152x1536.jpeg 1152w, https:\/\/atecordoba.org\/wp-content\/uploads\/2026\/01\/WhatsApp-Image-2026-01-06-at-11.23.53-750x1000.jpeg 750w, https:\/\/atecordoba.org\/wp-content\/uploads\/2026\/01\/WhatsApp-Image-2026-01-06-at-11.23.53-1140x1520.jpeg 1140w\" sizes=\"auto, (max-width: 1200px) 100vw, 1200px\" \/><\/a><\/p>\n<p data-start=\"256\" data-end=\"577\">Desde la <strong data-start=\"265\" data-end=\"309\">Asociaci\u00f3n Trabajadores del Estado (ATE)<\/strong> llevamos adelante una actividad gremial en la ciudad de <strong data-start=\"366\" data-end=\"378\">La Falda<\/strong>, en defensa de las y los trabajadores despedidos del <strong data-start=\"432\" data-end=\"447\">hotel IOSFA<\/strong>, en el marco de un conflicto que se profundiza por la falta de respuestas y el avance del ajuste sobre las condiciones laborales.<\/p>\n<p data-start=\"579\" data-end=\"941\">La medida fue <strong data-start=\"593\" data-end=\"638\">resuelta en asamblea el pasado 2 de enero<\/strong>, instancia en la que se nos notific\u00f3 formalmente el <strong data-start=\"691\" data-end=\"733\">despido de tres trabajadores del hotel<\/strong>. Dos de ellos son <strong data-start=\"752\" data-end=\"771\">afiliados a ATE<\/strong> e\u00a0<strong data-start=\"774\" data-end=\"811\">iban a ser candidatos a delegados<\/strong> en las elecciones gremiales previstas para el <strong data-start=\"858\" data-end=\"874\">5 de febrero<\/strong>, lo que constituye un claro hecho de <strong data-start=\"912\" data-end=\"940\">persecuci\u00f3n antisindical<\/strong>.<\/p>\n<p data-start=\"579\" data-end=\"941\"><a href=\"https:\/\/atecordoba.org\/wp-content\/uploads\/2026\/01\/WhatsApp-Image-2026-01-06-at-10.41.24.jpeg\"><img loading=\"lazy\" decoding=\"async\" class=\"alignleft wp-image-52219 size-medium\" src=\"https:\/\/atecordoba.org\/wp-content\/uploads\/2026\/01\/WhatsApp-Image-2026-01-06-at-10.41.24-300x226.jpeg\" alt=\"\" width=\"300\" height=\"226\" srcset=\"https:\/\/atecordoba.org\/wp-content\/uploads\/2026\/01\/WhatsApp-Image-2026-01-06-at-10.41.24-300x226.jpeg 300w, https:\/\/atecordoba.org\/wp-content\/uploads\/2026\/01\/WhatsApp-Image-2026-01-06-at-10.41.24-1024x771.jpeg 1024w, https:\/\/atecordoba.org\/wp-content\/uploads\/2026\/01\/WhatsApp-Image-2026-01-06-at-10.41.24-768x578.jpeg 768w, https:\/\/atecordoba.org\/wp-content\/uploads\/2026\/01\/WhatsApp-Image-2026-01-06-at-10.41.24-1536x1156.jpeg 1536w, https:\/\/atecordoba.org\/wp-content\/uploads\/2026\/01\/WhatsApp-Image-2026-01-06-at-10.41.24-750x564.jpeg 750w, https:\/\/atecordoba.org\/wp-content\/uploads\/2026\/01\/WhatsApp-Image-2026-01-06-at-10.41.24-1140x858.jpeg 1140w, https:\/\/atecordoba.org\/wp-content\/uploads\/2026\/01\/WhatsApp-Image-2026-01-06-at-10.41.24.jpeg 1600w\" sizes=\"auto, (max-width: 300px) 100vw, 300px\" \/><\/a>Durante la jornada mantuvimos un di\u00e1logo con el <strong data-start=\"991\" data-end=\"1020\">coronel a cargo del hotel<\/strong>, quien nos manifest\u00f3 que <strong data-start=\"1046\" data-end=\"1084\">podr\u00edan producirse nuevos despidos<\/strong> y que <strong data-start=\"1091\" data-end=\"1132\">no existe voluntad de reincorporaci\u00f3n<\/strong>, profundizando la incertidumbre y la angustia entre las y los trabajadores.<\/p>\n<p data-start=\"1210\" data-end=\"1683\">El hotel IOSFA tiene una <strong data-start=\"1235\" data-end=\"1264\">capacidad para 300 plazas<\/strong>, pero actualmente <strong data-start=\"1283\" data-end=\"1331\">funciona a menos de la mitad de su capacidad<\/strong> debido a la <strong data-start=\"1344\" data-end=\"1371\">grave falta de personal<\/strong>. En el sector de limpieza, el establecimiento cuenta con <strong data-start=\"1429\" data-end=\"1452\">solo cuatro mucamas<\/strong>, n\u00famero absolutamente insuficiente para garantizar un servicio adecuado. Con el despido de <strong data-start=\"1544\" data-end=\"1566\">una de las mucamas<\/strong>, la situaci\u00f3n se agrava a\u00fan m\u00e1s, reduciendo la capacidad operativa y recargando al personal que contin\u00faa trabajando.<\/p>\n<p data-start=\"1685\" data-end=\"1911\">Advertimos que, de persistir esta postura, <strong data-start=\"1728\" data-end=\"1790\">el pr\u00f3ximo s\u00e1bado avanzaremos con nuevas medidas de fuerza<\/strong>, definidas colectivamente en asamblea, en defensa de los puestos de trabajo y contra el vaciamiento del establecimiento.<\/p>\n<p data-start=\"1913\" data-end=\"2133\">La actividad cont\u00f3 con un <strong data-start=\"1939\" data-end=\"1972\">fuerte acompa\u00f1amiento gremial<\/strong>, con la presencia de <strong data-start=\"1994\" data-end=\"2058\">delegados y delegadas nacionales, provinciales y municipales<\/strong>, expresando una clara muestra de unidad frente a los despidos y el ajuste.<\/p>\n<p data-start=\"2135\" data-end=\"2559\">Por el <strong data-start=\"2142\" data-end=\"2189\">Consejo Directivo Provincial de ATE C\u00f3rdoba<\/strong> participaron el <strong data-start=\"2206\" data-end=\"2242\">secretario Gremial, Jorge Chalup<\/strong>, el <strong data-start=\"2247\" data-end=\"2295\">secretario de Derechos Humanos, C\u00e9sar Theaux<\/strong>, y el <strong data-start=\"2302\" data-end=\"2351\">secretario de Organizaci\u00f3n, Javier Bracamonte<\/strong>. Tambi\u00e9n estuvieron presentes el <strong data-start=\"2385\" data-end=\"2445\">secretario General de ATE Cruz del Eje, Juan Pablo Pozzi<\/strong>, y la <strong data-start=\"2452\" data-end=\"2505\">secretaria General de ATE La Falda, Majo Pe\u00f1aloza<\/strong>, junto a delegados y delegadas de distintos sectores.<\/p>\n<p data-start=\"2135\" data-end=\"2559\"><a href=\"https:\/\/atecordoba.org\/wp-content\/uploads\/2026\/01\/WhatsApp-Image-2026-01-06-at-11.09.03.jpeg\"><img loading=\"lazy\" decoding=\"async\" class=\"alignnone wp-image-52226 size-medium\" src=\"https:\/\/atecordoba.org\/wp-content\/uploads\/2026\/01\/WhatsApp-Image-2026-01-06-at-11.09.03-300x169.jpeg\" alt=\"\" width=\"300\" height=\"169\" srcset=\"https:\/\/atecordoba.org\/wp-content\/uploads\/2026\/01\/WhatsApp-Image-2026-01-06-at-11.09.03-300x169.jpeg 300w, https:\/\/atecordoba.org\/wp-content\/uploads\/2026\/01\/WhatsApp-Image-2026-01-06-at-11.09.03-1024x576.jpeg 1024w, https:\/\/atecordoba.org\/wp-content\/uploads\/2026\/01\/WhatsApp-Image-2026-01-06-at-11.09.03-768x432.jpeg 768w, https:\/\/atecordoba.org\/wp-content\/uploads\/2026\/01\/WhatsApp-Image-2026-01-06-at-11.09.03-750x422.jpeg 750w, https:\/\/atecordoba.org\/wp-content\/uploads\/2026\/01\/WhatsApp-Image-2026-01-06-at-11.09.03-1140x641.jpeg 1140w, https:\/\/atecordoba.org\/wp-content\/uploads\/2026\/01\/WhatsApp-Image-2026-01-06-at-11.09.03.jpeg 1280w\" sizes=\"auto, (max-width: 300px) 100vw, 300px\" \/><\/a> <a href=\"https:\/\/atecordoba.org\/wp-content\/uploads\/2026\/01\/WhatsApp-Image-2026-01-06-at-11.09.05-2.jpeg\"><img loading=\"lazy\" decoding=\"async\" class=\"alignleft wp-image-52222 size-medium\" src=\"https:\/\/atecordoba.org\/wp-content\/uploads\/2026\/01\/WhatsApp-Image-2026-01-06-at-11.09.05-2-300x169.jpeg\" alt=\"\" width=\"300\" height=\"169\" srcset=\"https:\/\/atecordoba.org\/wp-content\/uploads\/2026\/01\/WhatsApp-Image-2026-01-06-at-11.09.05-2-300x169.jpeg 300w, https:\/\/atecordoba.org\/wp-content\/uploads\/2026\/01\/WhatsApp-Image-2026-01-06-at-11.09.05-2-1024x576.jpeg 1024w, https:\/\/atecordoba.org\/wp-content\/uploads\/2026\/01\/WhatsApp-Image-2026-01-06-at-11.09.05-2-768x432.jpeg 768w, https:\/\/atecordoba.org\/wp-content\/uploads\/2026\/01\/WhatsApp-Image-2026-01-06-at-11.09.05-2-750x422.jpeg 750w, https:\/\/atecordoba.org\/wp-content\/uploads\/2026\/01\/WhatsApp-Image-2026-01-06-at-11.09.05-2-1140x641.jpeg 1140w, https:\/\/atecordoba.org\/wp-content\/uploads\/2026\/01\/WhatsApp-Image-2026-01-06-at-11.09.05-2.jpeg 1280w\" sizes=\"auto, (max-width: 300px) 100vw, 300px\" \/><\/a><\/p>\n<p data-start=\"2561\" data-end=\"2897\">Desde ATE reafirmamos que <strong data-start=\"2587\" data-end=\"2640\">la defensa de las fuentes laborales no se negocia<\/strong>, que <strong data-start=\"2646\" data-end=\"2689\">la organizaci\u00f3n sindical no se persigue<\/strong>, y que seguiremos profundizando la <strong data-start=\"2725\" data-end=\"2773\">unidad, la organizaci\u00f3n y la lucha colectiva<\/strong> hasta lograr la reincorporaci\u00f3n de las y los despedidos y el cese de las pol\u00edticas de ajuste en el hotel IOSFA de La Falda.<a href=\"https:\/\/atecordoba.org\/wp-content\/uploads\/2026\/01\/WhatsApp-Image-2026-01-06-at-10.57.22.jpeg\"><img loading=\"lazy\" decoding=\"async\" class=\"alignnone wp-image-52220 size-medium\" src=\"https:\/\/atecordoba.org\/wp-content\/uploads\/2026\/01\/WhatsApp-Image-2026-01-06-at-10.57.22-226x300.jpeg\" alt=\"\" width=\"226\" height=\"300\" srcset=\"https:\/\/atecordoba.org\/wp-content\/uploads\/2026\/01\/WhatsApp-Image-2026-01-06-at-10.57.22-226x300.jpeg 226w, https:\/\/atecordoba.org\/wp-content\/uploads\/2026\/01\/WhatsApp-Image-2026-01-06-at-10.57.22-771x1024.jpeg 771w, https:\/\/atecordoba.org\/wp-content\/uploads\/2026\/01\/WhatsApp-Image-2026-01-06-at-10.57.22-768x1021.jpeg 768w, https:\/\/atecordoba.org\/wp-content\/uploads\/2026\/01\/WhatsApp-Image-2026-01-06-at-10.57.22-1156x1536.jpeg 1156w, https:\/\/atecordoba.org\/wp-content\/uploads\/2026\/01\/WhatsApp-Image-2026-01-06-at-10.57.22-750x997.jpeg 750w, https:\/\/atecordoba.org\/wp-content\/uploads\/2026\/01\/WhatsApp-Image-2026-01-06-at-10.57.22-1140x1515.jpeg 1140w, https:\/\/atecordoba.org\/wp-content\/uploads\/2026\/01\/WhatsApp-Image-2026-01-06-at-10.57.22.jpeg 1204w\" sizes=\"auto, (max-width: 226px) 100vw, 226px\" \/><\/a><a href=\"https:\/\/atecordoba.org\/wp-content\/uploads\/2026\/01\/WhatsApp-Image-2026-01-06-at-11.09.05.jpeg\"><img loading=\"lazy\" decoding=\"async\" class=\"alignnone wp-image-52224 size-medium\" src=\"https:\/\/atecordoba.org\/wp-content\/uploads\/2026\/01\/WhatsApp-Image-2026-01-06-at-11.09.05-300x169.jpeg\" alt=\"\" width=\"300\" height=\"169\" srcset=\"https:\/\/atecordoba.org\/wp-content\/uploads\/2026\/01\/WhatsApp-Image-2026-01-06-at-11.09.05-300x169.jpeg 300w, https:\/\/atecordoba.org\/wp-content\/uploads\/2026\/01\/WhatsApp-Image-2026-01-06-at-11.09.05-1024x576.jpeg 1024w, https:\/\/atecordoba.org\/wp-content\/uploads\/2026\/01\/WhatsApp-Image-2026-01-06-at-11.09.05-768x432.jpeg 768w, https:\/\/atecordoba.org\/wp-content\/uploads\/2026\/01\/WhatsApp-Image-2026-01-06-at-11.09.05-750x422.jpeg 750w, https:\/\/atecordoba.org\/wp-content\/uploads\/2026\/01\/WhatsApp-Image-2026-01-06-at-11.09.05-1140x641.jpeg 1140w, https:\/\/atecordoba.org\/wp-content\/uploads\/2026\/01\/WhatsApp-Image-2026-01-06-at-11.09.05.jpeg 1280w\" sizes=\"auto, (max-width: 300px) 100vw, 300px\" \/><\/a><\/p>\n","protected":false},"excerpt":{"rendered":"<p>Desde la Asociaci\u00f3n Trabajadores del Estado (ATE) llevamos adelante una actividad gremial en la ciudad de La Falda, en defensa de las y los trabajadores despedidos del hotel IOSFA, en el marco de un conflicto que se profundiza por la falta de respuestas y el avance del ajuste sobre las condiciones laborales. La medida fue [&hellip;]<\/p>\n","protected":false},"author":3,"featured_media":52227,"comment_status":"open","ping_status":"open","sticky":false,"template":"","format":"standard","meta":{"_exactmetrics_skip_tracking":false,"_exactmetrics_sitenote_active":false,"_exactmetrics_sitenote_note":"","_exactmetrics_sitenote_category":0,"jnews-multi-image_gallery":[],"jnews_single_post":{"format":"standard","override":[{"template":"1","parallax":"1","fullscreen":"1","layout":"no-sidebar-narrow","sidebar":"default-sidebar","second_sidebar":"default-sidebar","sticky_sidebar":"1","share_position":"bottom","share_float_style":"share-monocrhome","show_share_counter":"1","show_view_counter":"1","show_post_meta":"1","show_post_author_image":"1","show_post_date":"1","post_date_format":"default","post_date_format_custom":"Y\/m\/d","show_post_category":"1","show_post_reading_time":"0","post_reading_time_wpm":"300","post_calculate_word_method":"str_word_count","show_zoom_button":"0","zoom_button_out_step":"2","zoom_button_in_step":"3","show_post_tag":"1","number_popup_post":"1","show_post_related":"1","show_inline_post_related":"0"}],"image_override":[{"single_post_thumbnail_size":"crop-500","single_post_gallery_size":"crop-500"}],"trending_post_position":"meta","trending_post_label":"Trending","sponsored_post_label":"Sponsored by","disable_ad":"0"},"jnews_primary_category":[],"jnews_social_meta":[],"jnews_review":[],"enable_review":"","type":"percentage","name":"","summary":"","brand":"","sku":"","good":[],"bad":[],"score_override":"","override_value":"","rating":[],"price":[],"jnews_override_counter":{"view_counter_number":"0","share_counter_number":"0","like_counter_number":"0","dislike_counter_number":"0"},"jnews_post_split":{"post_split":[{"template":"1","tag":"h2","numbering":"asc","mode":"normal","first":"0","enable_toc":"0","toc_type":"normal"}]},"footnotes":""},"categories":[18],"tags":[],"class_list":["post-52218","post","type-post","status-publish","format-standard","has-post-thumbnail","hentry","category-nacionales"],"jetpack_featured_media_url":"https:\/\/atecordoba.org\/wp-content\/uploads\/2026\/01\/WhatsApp-Image-2026-01-06-at-11.23.53.jpeg","_links":{"self":[{"href":"https:\/\/atecordoba.org\/index.php?rest_route=\/wp\/v2\/posts\/52218","targetHints":{"allow":["GET"]}}],"collection":[{"href":"https:\/\/atecordoba.org\/index.php?rest_route=\/wp\/v2\/posts"}],"about":[{"href":"https:\/\/atecordoba.org\/index.php?rest_route=\/wp\/v2\/types\/post"}],"author":[{"embeddable":true,"href":"https:\/\/atecordoba.org\/index.php?rest_route=\/wp\/v2\/users\/3"}],"replies":[{"embeddable":true,"href":"https:\/\/atecordoba.org\/index.php?rest_route=%2Fwp%2Fv2%2Fcomments&post=52218"}],"version-history":[{"count":2,"href":"https:\/\/atecordoba.org\/index.php?rest_route=\/wp\/v2\/posts\/52218\/revisions"}],"predecessor-version":[{"id":52229,"href":"https:\/\/atecordoba.org\/index.php?rest_route=\/wp\/v2\/posts\/52218\/revisions\/52229"}],"wp:featuredmedia":[{"embeddable":true,"href":"https:\/\/atecordoba.org\/index.php?rest_route=\/wp\/v2\/media\/52227"}],"wp:attachment":[{"href":"https:\/\/atecordoba.org\/index.php?rest_route=%2Fwp%2Fv2%2Fmedia&parent=52218"}],"wp:term":[{"taxonomy":"category","embeddable":true,"href":"https:\/\/atecordoba.org\/index.php?rest_route=%2Fwp%2Fv2%2Fcategories&post=52218"},{"taxonomy":"post_tag","embeddable":true,"href":"https:\/\/atecordoba.org\/index.php?rest_route=%2Fwp%2Fv2%2Ftags&post=52218"}],"curies":[{"name":"wp","href":"https:\/\/api.w.org\/{rel}","templated":true}]}}