{"id":52215,"date":"2026-01-06T11:18:55","date_gmt":"2026-01-06T14:18:55","guid":{"rendered":"https:\/\/atecordoba.org\/?p=52215"},"modified":"2026-01-06T11:19:51","modified_gmt":"2026-01-06T14:19:51","slug":"esclavitud-laboral-modo-siglo-xxi","status":"publish","type":"post","link":"https:\/\/atecordoba.org\/?p=52215","title":{"rendered":"Esclavitud laboral modo Siglo XXI"},"content":{"rendered":"\n<figure class=\"wp-block-image size-large\"><img loading=\"lazy\" decoding=\"async\" width=\"768\" height=\"1024\" src=\"https:\/\/atecordoba.org\/wp-content\/uploads\/2026\/01\/590423084_18439070464096068_1396958524015154795_n-768x1024376538616027605238-1.jpg\" alt=\"\" class=\"wp-image-52212\" srcset=\"https:\/\/atecordoba.org\/wp-content\/uploads\/2026\/01\/590423084_18439070464096068_1396958524015154795_n-768x1024376538616027605238-1.jpg 768w, https:\/\/atecordoba.org\/wp-content\/uploads\/2026\/01\/590423084_18439070464096068_1396958524015154795_n-768x1024376538616027605238-1-225x300.jpg 225w, https:\/\/atecordoba.org\/wp-content\/uploads\/2026\/01\/590423084_18439070464096068_1396958524015154795_n-768x1024376538616027605238-1-750x1000.jpg 750w\" sizes=\"auto, (max-width: 768px) 100vw, 768px\" \/><\/figure>\n\n\n\n<p><br>\u201cDa verg\u00fcenza ajena y provoca una profunda indignaci\u00f3n. A finales del Siglo XIX, producto de la precariedad laboral, ausencia de derechos, el poder omn\u00edmodo e impune de los propietarios de tierras, empresas privadas y otras hierbas, las y los trabajadores cobraban por su fuerza de trabajo con vales para ir a comprar a los comercios del patr\u00f3n. Eran feudos que se replicaron hasta la D\u00e9cada Infame en el Siglo XX, antes de la llegada del Peronismo.<br><br>\u201cCuenta la leyenda que la pr\u00e1ctica fue decayendo, principalmente con la aparici\u00f3n de los sindicatos que defend\u00edan a\u00a0 los laburantes y la toma de conciencia de la clase en su propia fortaleza en tanto y en cuanto es la que genera la riqueza.<br><br>\u201cDurante el \u2018Menemismo\u2019 se implement\u00f3 el sistema de los Tickets Canasta que eran vales no remunerativos que las empresas daban a sus empleados para comprar alimentos y art\u00edculos b\u00e1sicos, permitiendo a las empresas pagar menos impuestos y aportes sociales, pero fueron derogados en 2007 y su posible retorno es tema de debate laboral, con fuerte rechazo popular por considerarlos una forma de precarizaci\u00f3n salarial. <\/p>\n\n\n<div class=\"wp-block-image\">\n<figure class=\"alignleft size-large\"><img loading=\"lazy\" decoding=\"async\" width=\"550\" height=\"366\" src=\"https:\/\/atecordoba.org\/wp-content\/uploads\/2026\/01\/images4136822753618793112.jpg\" alt=\"\" class=\"wp-image-52213\" srcset=\"https:\/\/atecordoba.org\/wp-content\/uploads\/2026\/01\/images4136822753618793112.jpg 550w, https:\/\/atecordoba.org\/wp-content\/uploads\/2026\/01\/images4136822753618793112-300x200.jpg 300w\" sizes=\"auto, (max-width: 550px) 100vw, 550px\" \/><\/figure>\n<\/div>\n\n\n<p><br><br>\u201cHoy, reci\u00e9n comenzado este 2026, en pleno Siglo XXI, la Comuna de Los Aromos -en complicidad con el Sindicato de Trabajadores Municipales de Alta Gracia (SITRAMAG)- concedi\u00f3 un Bono de 30 mil m\u00edseros pesos a las y los trabajadores municipales para ir a comprar a Supermercados Becerra, una cadena comercial que tiene posici\u00f3n dominante en la zona.<br><br><br>\u201cAnte este tipo de hechos, ATE C\u00f3rdoba proclama que s\u00ed es un sindicato que defiende el bolsillo de los laburantes y no transa con el Estado empleador.<br><br>\u201cPor eso no firmamos paritarias a la baja, no acordamos solos sino siempre junto a delegadas y delegados municipales y la que define la asamblea.<br><br>\u201cEs momento de despabilarse y organizarse de manera urgente en ATE. El sindicato de las y los municipales\u201d, finaliza el comunicado gremial.<br><br>El Jefe Comunal de Villa Los Aromos -localidad distante 11 kil\u00f3metros de la ciudad de Alta Gracia- es Daniel Pastorino, de Hacemos Unidos por C\u00f3rdoba, ex funcionario provincial, alineado con el Gobernador Mart\u00edn Llaryora.<\/p>\n","protected":false},"excerpt":{"rendered":"<p>\u201cDa verg\u00fcenza ajena y provoca una profunda indignaci\u00f3n. A finales del Siglo XIX, producto de la precariedad laboral, ausencia de derechos, el poder omn\u00edmodo e impune de los propietarios de tierras, empresas privadas y otras hierbas, las y los trabajadores cobraban por su fuerza de trabajo con vales para ir a comprar a los comercios [&hellip;]<\/p>\n","protected":false},"author":3,"featured_media":52214,"comment_status":"open","ping_status":"open","sticky":false,"template":"","format":"standard","meta":{"_exactmetrics_skip_tracking":false,"_exactmetrics_sitenote_active":false,"_exactmetrics_sitenote_note":"","_exactmetrics_sitenote_category":0,"jnews-multi-image_gallery":[],"jnews_single_post":[],"jnews_primary_category":[],"jnews_social_meta":[],"jnews_review":[],"enable_review":"","type":"","name":"","summary":"","brand":"","sku":"","good":[],"bad":[],"score_override":"","override_value":"","rating":[],"price":[],"jnews_override_counter":[],"jnews_post_split":[],"footnotes":""},"categories":[20,1],"tags":[],"class_list":["post-52215","post","type-post","status-publish","format-standard","has-post-thumbnail","hentry","category-municipales","category-sin-categoria"],"jetpack_featured_media_url":"https:\/\/atecordoba.org\/wp-content\/uploads\/2026\/01\/590423084_18439070464096068_1396958524015154795_n-768x1024-1.jpg","_links":{"self":[{"href":"https:\/\/atecordoba.org\/index.php?rest_route=\/wp\/v2\/posts\/52215","targetHints":{"allow":["GET"]}}],"collection":[{"href":"https:\/\/atecordoba.org\/index.php?rest_route=\/wp\/v2\/posts"}],"about":[{"href":"https:\/\/atecordoba.org\/index.php?rest_route=\/wp\/v2\/types\/post"}],"author":[{"embeddable":true,"href":"https:\/\/atecordoba.org\/index.php?rest_route=\/wp\/v2\/users\/3"}],"replies":[{"embeddable":true,"href":"https:\/\/atecordoba.org\/index.php?rest_route=%2Fwp%2Fv2%2Fcomments&post=52215"}],"version-history":[{"count":1,"href":"https:\/\/atecordoba.org\/index.php?rest_route=\/wp\/v2\/posts\/52215\/revisions"}],"predecessor-version":[{"id":52216,"href":"https:\/\/atecordoba.org\/index.php?rest_route=\/wp\/v2\/posts\/52215\/revisions\/52216"}],"wp:featuredmedia":[{"embeddable":true,"href":"https:\/\/atecordoba.org\/index.php?rest_route=\/wp\/v2\/media\/52214"}],"wp:attachment":[{"href":"https:\/\/atecordoba.org\/index.php?rest_route=%2Fwp%2Fv2%2Fmedia&parent=52215"}],"wp:term":[{"taxonomy":"category","embeddable":true,"href":"https:\/\/atecordoba.org\/index.php?rest_route=%2Fwp%2Fv2%2Fcategories&post=52215"},{"taxonomy":"post_tag","embeddable":true,"href":"https:\/\/atecordoba.org\/index.php?rest_route=%2Fwp%2Fv2%2Ftags&post=52215"}],"curies":[{"name":"wp","href":"https:\/\/api.w.org\/{rel}","templated":true}]}}