{"id":52210,"date":"2026-01-05T12:07:29","date_gmt":"2026-01-05T15:07:29","guid":{"rendered":"https:\/\/atecordoba.org\/?p=52210"},"modified":"2026-01-05T12:09:08","modified_gmt":"2026-01-05T15:09:08","slug":"en-dos-anos-de-gobierno-de-milei-60-mil-personas-quedaron-sin-trabajo-en-la-administracion-publica-nacional","status":"publish","type":"post","link":"https:\/\/atecordoba.org\/?p=52210","title":{"rendered":"En dos a\u00f1os de gobierno de Milei, 60 mil personas quedaron sin trabajo en la administraci\u00f3n p\u00fablica nacional"},"content":{"rendered":"\n<figure class=\"wp-block-image size-large\"><img loading=\"lazy\" decoding=\"async\" width=\"768\" height=\"505\" src=\"https:\/\/atecordoba.org\/wp-content\/uploads\/2026\/01\/multimedia1190517818327079486.webp\" alt=\"\" class=\"wp-image-52208\" srcset=\"https:\/\/atecordoba.org\/wp-content\/uploads\/2026\/01\/multimedia1190517818327079486.webp 768w, https:\/\/atecordoba.org\/wp-content\/uploads\/2026\/01\/multimedia1190517818327079486-300x197.webp 300w, https:\/\/atecordoba.org\/wp-content\/uploads\/2026\/01\/multimedia1190517818327079486-750x493.webp 750w\" sizes=\"auto, (max-width: 768px) 100vw, 768px\" \/><\/figure>\n\n\n\n<p>La dotaci\u00f3n de personal de la Administraci\u00f3n P\u00fablica Nacional (APN), empresas y sociedades se redujo en noviembre y se perdieron 785 empleos, lo que represent\u00f3 una baja de 0,3% contra octubre y del 7,8% contra noviembre del 2024.<br><br>En n\u00fameros, de noviembre a noviembre, entre 2024 y 2025 se perdieron 22.322 puestos de trabajo en la APN.<br><br>Tomando en cuenta los n\u00fameros desde principios de a\u00f1o, el total de la APN se redujo un 6,06%, pasando de casi 300 mil empleados a tener hoy 281.785.<br><br>El acumulado de enero a noviembre arroja un total de 18.178 puestos de trabajo menos.<br><br>En tanto, en relaci\u00f3n a la asunci\u00f3n de Javier Milei, en diciembre 2023, la p\u00e9rdida asciende a 59.688 puestos de trabajo.<br><br>Los datos, a los que tuvo acceso la Agencia Noticias Argentinas, fueron difundidos por el Instituto Nacional de Estad\u00edsticas y Censos (INDEC).<br><br><strong>Detalle de las bajas<\/strong><br>Administraci\u00f3n centralizada: Pas\u00f3 de 39.272 a 39.011 empleados, 0,7% menos.<br>Administraci\u00f3n descentralizada: Se redujo 0,3% y pas\u00f3 de 116.960 a 116.571 empleados.<br>Administraci\u00f3n desconcentrada: El \u00fanico sector que subi\u00f3 durante el pen\u00faltimo mes del a\u00f1o. Cerr\u00f3 noviembre con 22.534 empleados, 1,3% m\u00e1s que en octubre. Gan\u00f3 284 puestos de trabajo.<br>Otros entes: Pas\u00f3 de 14.148 a 14.103, lo que implic\u00f3 una reducci\u00f3n de 0,3%.<br>En cuanto a empresas y sociedades del Estado: Perdi\u00f3 374 empleados durante noviembre, reduciendo su capacidad un 0,4% y quedando con 89.566 empleados.<br><br>Fuente: www.lmdiario.com.ar<\/p>\n\n\n\n<p><\/p>\n","protected":false},"excerpt":{"rendered":"<p>La dotaci\u00f3n de personal de la Administraci\u00f3n P\u00fablica Nacional (APN), empresas y sociedades se redujo en noviembre y se perdieron 785 empleos, lo que represent\u00f3 una baja de 0,3% contra octubre y del 7,8% contra noviembre del 2024. En n\u00fameros, de noviembre a noviembre, entre 2024 y 2025 se perdieron 22.322 puestos de trabajo en [&hellip;]<\/p>\n","protected":false},"author":3,"featured_media":52209,"comment_status":"open","ping_status":"open","sticky":false,"template":"","format":"standard","meta":{"_exactmetrics_skip_tracking":false,"_exactmetrics_sitenote_active":false,"_exactmetrics_sitenote_note":"","_exactmetrics_sitenote_category":0,"jnews-multi-image_gallery":[],"jnews_single_post":[],"jnews_primary_category":[],"jnews_social_meta":[],"jnews_review":[],"enable_review":"","type":"","name":"","summary":"","brand":"","sku":"","good":[],"bad":[],"score_override":"","override_value":"","rating":[],"price":[],"jnews_override_counter":[],"jnews_post_split":[],"footnotes":""},"categories":[10],"tags":[],"class_list":["post-52210","post","type-post","status-publish","format-standard","has-post-thumbnail","hentry","category-accion-politica"],"jetpack_featured_media_url":"https:\/\/atecordoba.org\/wp-content\/uploads\/2026\/01\/multimedia.normal.96ea452cfbd23f31.bm9ybWFsLndlYnA-768x505-1.webp","_links":{"self":[{"href":"https:\/\/atecordoba.org\/index.php?rest_route=\/wp\/v2\/posts\/52210","targetHints":{"allow":["GET"]}}],"collection":[{"href":"https:\/\/atecordoba.org\/index.php?rest_route=\/wp\/v2\/posts"}],"about":[{"href":"https:\/\/atecordoba.org\/index.php?rest_route=\/wp\/v2\/types\/post"}],"author":[{"embeddable":true,"href":"https:\/\/atecordoba.org\/index.php?rest_route=\/wp\/v2\/users\/3"}],"replies":[{"embeddable":true,"href":"https:\/\/atecordoba.org\/index.php?rest_route=%2Fwp%2Fv2%2Fcomments&post=52210"}],"version-history":[{"count":1,"href":"https:\/\/atecordoba.org\/index.php?rest_route=\/wp\/v2\/posts\/52210\/revisions"}],"predecessor-version":[{"id":52211,"href":"https:\/\/atecordoba.org\/index.php?rest_route=\/wp\/v2\/posts\/52210\/revisions\/52211"}],"wp:featuredmedia":[{"embeddable":true,"href":"https:\/\/atecordoba.org\/index.php?rest_route=\/wp\/v2\/media\/52209"}],"wp:attachment":[{"href":"https:\/\/atecordoba.org\/index.php?rest_route=%2Fwp%2Fv2%2Fmedia&parent=52210"}],"wp:term":[{"taxonomy":"category","embeddable":true,"href":"https:\/\/atecordoba.org\/index.php?rest_route=%2Fwp%2Fv2%2Fcategories&post=52210"},{"taxonomy":"post_tag","embeddable":true,"href":"https:\/\/atecordoba.org\/index.php?rest_route=%2Fwp%2Fv2%2Ftags&post=52210"}],"curies":[{"name":"wp","href":"https:\/\/api.w.org\/{rel}","templated":true}]}}