{"id":52200,"date":"2025-12-30T14:25:13","date_gmt":"2025-12-30T17:25:13","guid":{"rendered":"https:\/\/atecordoba.org\/?p=52200"},"modified":"2025-12-30T14:26:03","modified_gmt":"2025-12-30T17:26:03","slug":"ate-pide-una-reunion-al-ministerio-de-salud-por-la-situacion-del-hospital-de-mina-clavero","status":"publish","type":"post","link":"https:\/\/atecordoba.org\/?p=52200","title":{"rendered":"ATE pide una reuni\u00f3n al Ministerio de Salud por la situaci\u00f3n del Hospital de Mina Clavero"},"content":{"rendered":"<p><img loading=\"lazy\" decoding=\"async\" class=\"aligncenter wp-image-52201 \" src=\"https:\/\/atecordoba.org\/wp-content\/uploads\/2025\/12\/Mina-clavero-01-1024x576.jpeg\" alt=\"\" width=\"615\" height=\"346\" srcset=\"https:\/\/atecordoba.org\/wp-content\/uploads\/2025\/12\/Mina-clavero-01-1024x576.jpeg 1024w, https:\/\/atecordoba.org\/wp-content\/uploads\/2025\/12\/Mina-clavero-01-300x169.jpeg 300w, https:\/\/atecordoba.org\/wp-content\/uploads\/2025\/12\/Mina-clavero-01-768x432.jpeg 768w, https:\/\/atecordoba.org\/wp-content\/uploads\/2025\/12\/Mina-clavero-01-1536x864.jpeg 1536w, https:\/\/atecordoba.org\/wp-content\/uploads\/2025\/12\/Mina-clavero-01-750x422.jpeg 750w, https:\/\/atecordoba.org\/wp-content\/uploads\/2025\/12\/Mina-clavero-01-1140x641.jpeg 1140w, https:\/\/atecordoba.org\/wp-content\/uploads\/2025\/12\/Mina-clavero-01.jpeg 1599w\" sizes=\"auto, (max-width: 615px) 100vw, 615px\" \/>En una nota dirigida al Director General de Hospitales del Interior del\u00a0Ministerio de Salud de C\u00f3rdoba, Federico Andr\u00e9s Brunazzo, ATE C\u00f3rdoba solicit\u00f3 una audiencia oficial para abordar las problem\u00e1ticas sobre la falta de personal en el Hospital Regional Dr. Luis Mar\u00eda Bellodi de Mina Clavero.<\/p>\n<p>Esta situaci\u00f3n explota a fin de a\u00f1o, seg\u00fan denuncian las y los trabajadores del sector ya que el pasado 29 de diciembre de 2025 qued\u00f3 en evidencia la limitaci\u00f3n de recursos humanos en el servicio de enfermer\u00eda, encontr\u00e1ndose una sola enfermera con 10 pacientes, siendo la ratio 6\/1, entre ellos pacientes de salud mental (3) post quir\u00fargicos (4), debiendo camillar la salida de quir\u00f3fano de una paciente, pedi\u00e1trico (1),cl\u00ednica m\u00e9dica (2), lo cual impide el cumplimiento pleno de los procedimientos y protocolos establecidos por las normas vigentes.<\/p>\n<p>&#8220;Dicha situaci\u00f3n fue ajena a la voluntad y responsabilidad del personal del salud actuante, que realiz\u00f3 las intervenciones posibles dentro de las condiciones existentes, priorizando la seguridad, la vida y el bienestar del paciente&#8221;, asegur\u00f3 la delegada Milagros Sozzi.<\/p>\n<p>En tal sentido, la delegada dej\u00f3 debida constancia e inform\u00f3 oportunamente a las autoridades del servicio supervisor de turno, jefe de guardia y Direcci\u00f3n acerca de la carencia existente. La falta de personal afecta de manera directa la atenci\u00f3n de las y los pacientes del sistema hospitalario.<\/p>\n<h5>Antecedentes<\/h5>\n<p>En esa l\u00ednea, el conjunto del personal del Hospital Regional Dr. Luis Mar\u00eda Bellodi elev\u00f3 una nota el pasado 3 de diciembre a la direcci\u00f3n del centro de salud, solicitando una reuni\u00f3n con el fin de encontrar soluciones a una serie de situaciones que generan malestar en el grupo de trabajadores y trabajadoras y est\u00e1n \u00edntimamente relacionados a disposiciones y medidas de dicha Direcci\u00f3n.<\/p>\n<p>&nbsp;<\/p>\n","protected":false},"excerpt":{"rendered":"<p>En una nota dirigida al Director General de Hospitales del Interior del\u00a0Ministerio de Salud de C\u00f3rdoba, Federico Andr\u00e9s Brunazzo, ATE C\u00f3rdoba solicit\u00f3 una audiencia oficial para abordar las problem\u00e1ticas sobre la falta de personal en el Hospital Regional Dr. Luis Mar\u00eda Bellodi de Mina Clavero. Esta situaci\u00f3n explota a fin de a\u00f1o, seg\u00fan denuncian las [&hellip;]<\/p>\n","protected":false},"author":7,"featured_media":52201,"comment_status":"open","ping_status":"open","sticky":false,"template":"","format":"standard","meta":{"_exactmetrics_skip_tracking":false,"_exactmetrics_sitenote_active":false,"_exactmetrics_sitenote_note":"","_exactmetrics_sitenote_category":0,"jnews-multi-image_gallery":[],"jnews_single_post":{"format":"standard","override":[{"template":"1","parallax":"1","fullscreen":"1","layout":"no-sidebar-narrow","sidebar":"default-sidebar","second_sidebar":"default-sidebar","sticky_sidebar":"1","share_position":"bottom","share_float_style":"share-monocrhome","show_share_counter":"1","show_view_counter":"1","show_post_meta":"1","show_post_author_image":"1","show_post_date":"1","post_date_format":"default","post_date_format_custom":"Y\/m\/d","show_post_category":"1","show_post_reading_time":"0","post_reading_time_wpm":"300","post_calculate_word_method":"str_word_count","show_zoom_button":"0","zoom_button_out_step":"2","zoom_button_in_step":"3","show_post_tag":"1","number_popup_post":"1","show_post_related":"1","show_inline_post_related":"0"}],"image_override":[{"single_post_thumbnail_size":"crop-500","single_post_gallery_size":"crop-500"}],"trending_post_position":"meta","trending_post_label":"Trending","sponsored_post_label":"Sponsored by","disable_ad":"0"},"jnews_primary_category":[],"jnews_social_meta":[],"jnews_review":[],"enable_review":"","type":"percentage","name":"","summary":"","brand":"","sku":"","good":[],"bad":[],"score_override":"","override_value":"","rating":[],"price":[],"jnews_override_counter":{"view_counter_number":"0","share_counter_number":"0","like_counter_number":"0","dislike_counter_number":"0"},"jnews_post_split":{"post_split":[{"template":"1","tag":"h2","numbering":"asc","mode":"normal","first":"0","enable_toc":"0","toc_type":"normal"}]},"footnotes":""},"categories":[8],"tags":[],"class_list":["post-52200","post","type-post","status-publish","format-standard","has-post-thumbnail","hentry","category-provinciales"],"jetpack_featured_media_url":"https:\/\/atecordoba.org\/wp-content\/uploads\/2025\/12\/Mina-clavero-01.jpeg","_links":{"self":[{"href":"https:\/\/atecordoba.org\/index.php?rest_route=\/wp\/v2\/posts\/52200","targetHints":{"allow":["GET"]}}],"collection":[{"href":"https:\/\/atecordoba.org\/index.php?rest_route=\/wp\/v2\/posts"}],"about":[{"href":"https:\/\/atecordoba.org\/index.php?rest_route=\/wp\/v2\/types\/post"}],"author":[{"embeddable":true,"href":"https:\/\/atecordoba.org\/index.php?rest_route=\/wp\/v2\/users\/7"}],"replies":[{"embeddable":true,"href":"https:\/\/atecordoba.org\/index.php?rest_route=%2Fwp%2Fv2%2Fcomments&post=52200"}],"version-history":[{"count":2,"href":"https:\/\/atecordoba.org\/index.php?rest_route=\/wp\/v2\/posts\/52200\/revisions"}],"predecessor-version":[{"id":52203,"href":"https:\/\/atecordoba.org\/index.php?rest_route=\/wp\/v2\/posts\/52200\/revisions\/52203"}],"wp:featuredmedia":[{"embeddable":true,"href":"https:\/\/atecordoba.org\/index.php?rest_route=\/wp\/v2\/media\/52201"}],"wp:attachment":[{"href":"https:\/\/atecordoba.org\/index.php?rest_route=%2Fwp%2Fv2%2Fmedia&parent=52200"}],"wp:term":[{"taxonomy":"category","embeddable":true,"href":"https:\/\/atecordoba.org\/index.php?rest_route=%2Fwp%2Fv2%2Fcategories&post=52200"},{"taxonomy":"post_tag","embeddable":true,"href":"https:\/\/atecordoba.org\/index.php?rest_route=%2Fwp%2Fv2%2Ftags&post=52200"}],"curies":[{"name":"wp","href":"https:\/\/api.w.org\/{rel}","templated":true}]}}