{"id":52196,"date":"2025-12-30T14:09:50","date_gmt":"2025-12-30T17:09:50","guid":{"rendered":"https:\/\/atecordoba.org\/?p=52196"},"modified":"2025-12-30T14:09:50","modified_gmt":"2025-12-30T17:09:50","slug":"ate-repudia-el-cierre-de-andis-otro-golpe-del-gobierno-a-las-personas-con-discapacidad-tras-el-saqueo-del-organismo","status":"publish","type":"post","link":"https:\/\/atecordoba.org\/?p=52196","title":{"rendered":"ATE repudia el cierre de Andis, otro golpe del gobierno a las personas con discapacidad tras el saqueo del organismo"},"content":{"rendered":"<p><img loading=\"lazy\" decoding=\"async\" class=\"aligncenter wp-image-52197 \" src=\"https:\/\/atecordoba.org\/wp-content\/uploads\/2025\/12\/andis.jpg\" alt=\"\" width=\"613\" height=\"346\" srcset=\"https:\/\/atecordoba.org\/wp-content\/uploads\/2025\/12\/andis.jpg 1024w, https:\/\/atecordoba.org\/wp-content\/uploads\/2025\/12\/andis-300x169.jpg 300w, https:\/\/atecordoba.org\/wp-content\/uploads\/2025\/12\/andis-768x434.jpg 768w, https:\/\/atecordoba.org\/wp-content\/uploads\/2025\/12\/andis-750x423.jpg 750w\" sizes=\"auto, (max-width: 613px) 100vw, 613px\" \/>Tras el anuncio del Gobierno Nacional del cierre de la Agencia Nacional de Discapacidad (ANDIS), ATE C\u00f3rdoba expresa su m\u00e1s profundo repudio a una medida que, lamentablemente, confirma el desprecio del Gobierno Nacional con las personas con discapacidad.<\/p>\n<p>En un proceso de gesti\u00f3n de la ANDIS bajo mandato libertario donde qued\u00f3 claramente expuesta la corrupci\u00f3n que inunda al gobierno de Milei, donde su hermana y funcionaria p\u00fablica Karina Milei est\u00e1 siendo investigada judicialmente por el cobro de coimas del famoso 3%, ahora, despu\u00e9s de dos a\u00f1os de saqueo planificado, el vocero Adorni da cuenta de un nuevo ataque al colectivo de discapacidad.<\/p>\n<p>&#8220;Es otro ataque a los sectores vulnerables, el insulto por lo diferente, la malversaci\u00f3n de las pol\u00edticas p\u00fablicas con el \u00fanico objetivo de quitar derechos a la poblaci\u00f3n que tanto nos cost\u00f3 lograr como sociedad&#8221;, dijo el secretario General de ATE C\u00f3rdoba, Federico Giuliani.<\/p>\n<p>&#8220;Tenemos que conservar en la memoria quienes son los responsables y qu\u00e9 pol\u00edticas y estructuras estatales nos va a tocar reconstruir. Pas\u00f3 el menemismo, pas\u00f3 Macri y estos no van a ser la excepci\u00f3n, tambi\u00e9n se van a ir por la puerta chica, como todos los gobiernos antipatria&#8221;, dijo el dirigente.<\/p>\n<p>La ANDIS no recib\u00eda fondos p\u00fablicos desde abril pasado y al terminar el a\u00f1o lleva ejecutado el 86% de su presupuesto, lo que da cuenta del vaciamiento que Milei y su hermana le impusieron al organismo.<\/p>\n<p>En tal sentido, ATE alienta al colectivo de discapacidad a continuar organiz\u00e1ndose y multiplicar los reclamos para revertir las pol\u00edticas de saqueo del \u00e1rea, al igual que resto del Estado Nacional.<\/p>\n","protected":false},"excerpt":{"rendered":"<p>Tras el anuncio del Gobierno Nacional del cierre de la Agencia Nacional de Discapacidad (ANDIS), ATE C\u00f3rdoba expresa su m\u00e1s profundo repudio a una medida que, lamentablemente, confirma el desprecio del Gobierno Nacional con las personas con discapacidad. En un proceso de gesti\u00f3n de la ANDIS bajo mandato libertario donde qued\u00f3 claramente expuesta la corrupci\u00f3n [&hellip;]<\/p>\n","protected":false},"author":7,"featured_media":52197,"comment_status":"open","ping_status":"open","sticky":false,"template":"","format":"standard","meta":{"_exactmetrics_skip_tracking":false,"_exactmetrics_sitenote_active":false,"_exactmetrics_sitenote_note":"","_exactmetrics_sitenote_category":0,"jnews-multi-image_gallery":[],"jnews_single_post":[],"jnews_primary_category":[],"jnews_social_meta":[],"jnews_review":[],"enable_review":"","type":"","name":"","summary":"","brand":"","sku":"","good":[],"bad":[],"score_override":"","override_value":"","rating":[],"price":[],"jnews_override_counter":[],"jnews_post_split":[],"footnotes":""},"categories":[625],"tags":[],"class_list":["post-52196","post","type-post","status-publish","format-standard","has-post-thumbnail","hentry","category-discapacidad"],"jetpack_featured_media_url":"https:\/\/atecordoba.org\/wp-content\/uploads\/2025\/12\/andis.jpg","_links":{"self":[{"href":"https:\/\/atecordoba.org\/index.php?rest_route=\/wp\/v2\/posts\/52196","targetHints":{"allow":["GET"]}}],"collection":[{"href":"https:\/\/atecordoba.org\/index.php?rest_route=\/wp\/v2\/posts"}],"about":[{"href":"https:\/\/atecordoba.org\/index.php?rest_route=\/wp\/v2\/types\/post"}],"author":[{"embeddable":true,"href":"https:\/\/atecordoba.org\/index.php?rest_route=\/wp\/v2\/users\/7"}],"replies":[{"embeddable":true,"href":"https:\/\/atecordoba.org\/index.php?rest_route=%2Fwp%2Fv2%2Fcomments&post=52196"}],"version-history":[{"count":1,"href":"https:\/\/atecordoba.org\/index.php?rest_route=\/wp\/v2\/posts\/52196\/revisions"}],"predecessor-version":[{"id":52198,"href":"https:\/\/atecordoba.org\/index.php?rest_route=\/wp\/v2\/posts\/52196\/revisions\/52198"}],"wp:featuredmedia":[{"embeddable":true,"href":"https:\/\/atecordoba.org\/index.php?rest_route=\/wp\/v2\/media\/52197"}],"wp:attachment":[{"href":"https:\/\/atecordoba.org\/index.php?rest_route=%2Fwp%2Fv2%2Fmedia&parent=52196"}],"wp:term":[{"taxonomy":"category","embeddable":true,"href":"https:\/\/atecordoba.org\/index.php?rest_route=%2Fwp%2Fv2%2Fcategories&post=52196"},{"taxonomy":"post_tag","embeddable":true,"href":"https:\/\/atecordoba.org\/index.php?rest_route=%2Fwp%2Fv2%2Ftags&post=52196"}],"curies":[{"name":"wp","href":"https:\/\/api.w.org\/{rel}","templated":true}]}}