{"id":52193,"date":"2025-12-30T11:14:31","date_gmt":"2025-12-30T14:14:31","guid":{"rendered":"https:\/\/atecordoba.org\/?p=52193"},"modified":"2025-12-30T11:14:31","modified_gmt":"2025-12-30T14:14:31","slug":"apoyo-internacional-ante-la-persecucion-antisindical-el-sindicato-aragones-osta-se-solidarizo-con-giuliani-por-el-acoso-judicial-del-gobierno-de-cordoba","status":"publish","type":"post","link":"https:\/\/atecordoba.org\/?p=52193","title":{"rendered":"Apoyo internacional ante la persecuci\u00f3n antisindical: el sindicato aragon\u00e9s OSTA se solidariz\u00f3 con Giuliani por el acoso judicial del Gobierno de C\u00f3rdoba"},"content":{"rendered":"<p><img loading=\"lazy\" decoding=\"async\" class=\"aligncenter wp-image-52186 \" src=\"https:\/\/atecordoba.org\/wp-content\/uploads\/2025\/12\/fede-osta-aragon-1024x768.jpg\" alt=\"\" width=\"623\" height=\"468\" srcset=\"https:\/\/atecordoba.org\/wp-content\/uploads\/2025\/12\/fede-osta-aragon-1024x768.jpg 1024w, https:\/\/atecordoba.org\/wp-content\/uploads\/2025\/12\/fede-osta-aragon-300x225.jpg 300w, https:\/\/atecordoba.org\/wp-content\/uploads\/2025\/12\/fede-osta-aragon-768x576.jpg 768w, https:\/\/atecordoba.org\/wp-content\/uploads\/2025\/12\/fede-osta-aragon-1536x1152.jpg 1536w, https:\/\/atecordoba.org\/wp-content\/uploads\/2025\/12\/fede-osta-aragon-750x563.jpg 750w, https:\/\/atecordoba.org\/wp-content\/uploads\/2025\/12\/fede-osta-aragon-1140x855.jpg 1140w, https:\/\/atecordoba.org\/wp-content\/uploads\/2025\/12\/fede-osta-aragon.jpg 1600w\" sizes=\"auto, (max-width: 623px) 100vw, 623px\" \/>La Organizaci\u00f3n Sindical de Trabajadores de Arag\u00f3n (OSTA), sindicato regional de la Comunidad de Arag\u00f3n (Espa\u00f1a), <a href=\"https:\/\/www.osta.es\/solidaridad-con-federico-giuliani\">emiti\u00f3 hoy un comunicado de solidaridad con ATE C\u00f3rdoba<\/a> y nuestra secretario General, Federico Giuliani, a ra\u00edz de la persecuci\u00f3n antisindical del Gobierno de C\u00f3rdoba y el acoso judicial que sufre el dirigente por encabezar diversas manifestaciones de protesta en las provincia.<\/p>\n<p>&#8220;Como sindicato, nos unimos firmemente en solidaridad internacional con la lucha de los trabajadores y trabajadoras argentinas, y especialmente con nuestro compa\u00f1ero Federico Giuliani, Secretario General de ATE C\u00f3rdoba y destacado referente del sindicalismo del sector p\u00fablico en Argentina&#8221; afirm\u00f3 OSTA.<\/p>\n<p>Y continu\u00f3: &#8220;Federico Giuliani representa un ejemplo de compromiso sindical que trasciende fronteras, ya que desde su centro de trabajo en el SENASA de R\u00edo Cuarto, C\u00f3rdoba, ha denunciado incansablemente la precarizaci\u00f3n laboral en el sector p\u00fablico y la criminalizaci\u00f3n de la protesta social, valores que compartimos profundamente desde nuestra lucha por los servicios p\u00fablicos y los derechos de todas las personas trabajadoras.<\/p>\n<p>Denunciamos que este compa\u00f1ero se enfrente a siete causas judiciales abiertas simplemente por defender en realidad el derecho a la protesta y los derechos de las trabajadoras y los trabajadores, pues entendemos que la defensa de estos derechos es el coraz\u00f3n mismo de la acci\u00f3n sindical que tanto defendemos en Arag\u00f3n y en todo el mundo, como el mismo nos explico en la charla que organizamos en Zaragoza.<\/p>\n<p>Por ello, condenamos en\u00e9rgicamente el brutal ataque sufrido en agosto de 2025 durante una manifestaci\u00f3n pac\u00edfica en la municipalidad de C\u00f3rdoba, donde fue detenido, sufri\u00f3 una fractura en el brazo, fue esposado, incomunicado y denunci\u00f3 haber sido v\u00edctima de torturas f\u00edsicas y psicol\u00f3gicas, situaciones que son inadmisibles en cualquier sociedad que se pretenda democr\u00e1tica.<img loading=\"lazy\" decoding=\"async\" class=\"aligncenter wp-image-52187 \" src=\"https:\/\/atecordoba.org\/wp-content\/uploads\/2025\/12\/osta-1024x724.jpeg\" alt=\"\" width=\"613\" height=\"433\" srcset=\"https:\/\/atecordoba.org\/wp-content\/uploads\/2025\/12\/osta-1024x724.jpeg 1024w, https:\/\/atecordoba.org\/wp-content\/uploads\/2025\/12\/osta-300x212.jpeg 300w, https:\/\/atecordoba.org\/wp-content\/uploads\/2025\/12\/osta-768x543.jpeg 768w, https:\/\/atecordoba.org\/wp-content\/uploads\/2025\/12\/osta-1536x1085.jpeg 1536w, https:\/\/atecordoba.org\/wp-content\/uploads\/2025\/12\/osta-2048x1447.jpeg 2048w, https:\/\/atecordoba.org\/wp-content\/uploads\/2025\/12\/osta-120x86.jpeg 120w, https:\/\/atecordoba.org\/wp-content\/uploads\/2025\/12\/osta-750x530.jpeg 750w, https:\/\/atecordoba.org\/wp-content\/uploads\/2025\/12\/osta-1140x806.jpeg 1140w\" sizes=\"auto, (max-width: 613px) 100vw, 613px\" \/><\/p>\n<p>Este caso representa un claro ejemplo de la persecuci\u00f3n pol\u00edtica de la extrema derecha, contra la militancia sindical que se vive actualmente en Argentina bajo el gobierno de Javier Milei.<\/p>\n<p>Desde OSTA exigimos el inmediato archivo de todas las causas judiciales en contra de Federico Giuliani, el cese total de la represi\u00f3n contra quienes luchan por su sustento y su trabajo, y el pleno respeto a la libertad sindical y al derecho de protesta como pilares fundamentales de cualquier democracia real y efectiva.<\/p>\n<p>Reafirmamos nuestro compromiso con la implementaci\u00f3n de medidas socioecon\u00f3micas que protejan a las personas trabajadoras, entendiendo que la industrializaci\u00f3n del territorio y la defensa de los servicios p\u00fablicos son elementos esenciales para construir una sociedad m\u00e1s justa y equitativa.<\/p>\n<p>La lucha de los trabajadores y trabajadoras de Argentina es nuestra lucha, y la solidaridad internacional no es una opci\u00f3n, sino una necesidad imperiosa en estos tiempos donde los derechos laborales conquistados con tanto esfuerzo est\u00e1n nuevamente en peligro&#8221;.<\/p>\n<p>&#8220;\u00a1Basta de persecuci\u00f3n sindical! \u00a1Libertad para luchar! \u00a1Unidad de los trabajadores del mundo!&#8221;<\/p>\n<p>Vale mencionar que <a href=\"https:\/\/atecordoba.org\/?p=51987\">Giuliani realiz\u00f3 una conferencia<\/a> en la sede gremial de OSTA recientemente, denunciando el acoso judicial a la protesta social en Argentina.<\/p>\n","protected":false},"excerpt":{"rendered":"<p>La Organizaci\u00f3n Sindical de Trabajadores de Arag\u00f3n (OSTA), sindicato regional de la Comunidad de Arag\u00f3n (Espa\u00f1a), emiti\u00f3 hoy un comunicado de solidaridad con ATE C\u00f3rdoba y nuestra secretario General, Federico Giuliani, a ra\u00edz de la persecuci\u00f3n antisindical del Gobierno de C\u00f3rdoba y el acoso judicial que sufre el dirigente por encabezar diversas manifestaciones de protesta [&hellip;]<\/p>\n","protected":false},"author":7,"featured_media":52186,"comment_status":"open","ping_status":"open","sticky":false,"template":"","format":"standard","meta":{"_exactmetrics_skip_tracking":false,"_exactmetrics_sitenote_active":false,"_exactmetrics_sitenote_note":"","_exactmetrics_sitenote_category":0,"jnews-multi-image_gallery":[],"jnews_single_post":[],"jnews_primary_category":[],"jnews_social_meta":[],"jnews_review":[],"enable_review":"","type":"","name":"","summary":"","brand":"","sku":"","good":[],"bad":[],"score_override":"","override_value":"","rating":[],"price":[],"jnews_override_counter":[],"jnews_post_split":[],"footnotes":""},"categories":[10],"tags":[],"class_list":["post-52193","post","type-post","status-publish","format-standard","has-post-thumbnail","hentry","category-accion-politica"],"jetpack_featured_media_url":"https:\/\/atecordoba.org\/wp-content\/uploads\/2025\/12\/fede-osta-aragon.jpg","_links":{"self":[{"href":"https:\/\/atecordoba.org\/index.php?rest_route=\/wp\/v2\/posts\/52193","targetHints":{"allow":["GET"]}}],"collection":[{"href":"https:\/\/atecordoba.org\/index.php?rest_route=\/wp\/v2\/posts"}],"about":[{"href":"https:\/\/atecordoba.org\/index.php?rest_route=\/wp\/v2\/types\/post"}],"author":[{"embeddable":true,"href":"https:\/\/atecordoba.org\/index.php?rest_route=\/wp\/v2\/users\/7"}],"replies":[{"embeddable":true,"href":"https:\/\/atecordoba.org\/index.php?rest_route=%2Fwp%2Fv2%2Fcomments&post=52193"}],"version-history":[{"count":1,"href":"https:\/\/atecordoba.org\/index.php?rest_route=\/wp\/v2\/posts\/52193\/revisions"}],"predecessor-version":[{"id":52194,"href":"https:\/\/atecordoba.org\/index.php?rest_route=\/wp\/v2\/posts\/52193\/revisions\/52194"}],"wp:featuredmedia":[{"embeddable":true,"href":"https:\/\/atecordoba.org\/index.php?rest_route=\/wp\/v2\/media\/52186"}],"wp:attachment":[{"href":"https:\/\/atecordoba.org\/index.php?rest_route=%2Fwp%2Fv2%2Fmedia&parent=52193"}],"wp:term":[{"taxonomy":"category","embeddable":true,"href":"https:\/\/atecordoba.org\/index.php?rest_route=%2Fwp%2Fv2%2Fcategories&post=52193"},{"taxonomy":"post_tag","embeddable":true,"href":"https:\/\/atecordoba.org\/index.php?rest_route=%2Fwp%2Fv2%2Ftags&post=52193"}],"curies":[{"name":"wp","href":"https:\/\/api.w.org\/{rel}","templated":true}]}}