{"id":5219,"date":"2015-05-07T15:28:34","date_gmt":"2015-05-07T18:28:34","guid":{"rendered":"http:\/\/www.atecordoba.org\/?p=5219"},"modified":"2015-05-07T15:28:34","modified_gmt":"2015-05-07T18:28:34","slug":"asamblea-de-cuatro-horas-en-el-hospital-transito-caceres-de-allende-por-falta-de-personal","status":"publish","type":"post","link":"https:\/\/atecordoba.org\/?p=5219","title":{"rendered":"Asamblea de cuatro horas en el Hospital Tr\u00e1nsito C\u00e1ceres de Allende por falta de personal"},"content":{"rendered":"<div><em>Ante los incumplimientos asumidos por la direcci\u00f3n del nosocomio para designar personal, los trabajadores del hospital Tr\u00e1nsito C\u00e1ceres de Allende realizaron hoy una asamblea durante cuatro horas que paraliz\u00f3 la atenci\u00f3n normal. S\u00f3lo se atendieron guardias m\u00ednimas. <\/em><\/div>\n<div><a href=\"http:\/\/www.atecordoba.org\/wp-content\/uploads\/2015\/05\/asamblea-transito-01-4-e1431023251261.jpg\"><img loading=\"lazy\" decoding=\"async\" class=\"aligncenter size-full wp-image-5221\" src=\"http:\/\/www.atecordoba.org\/wp-content\/uploads\/2015\/05\/asamblea-transito-01-4-e1431023251261.jpg\" alt=\"asamblea transito 01-4\" width=\"550\" height=\"413\" \/><\/a><\/div>\n<div>Para ma\u00f1ana continuar\u00e1 la medida con una nueva asamblea, de 7.30 a 11.30 horas, en tanto los trabajadores informaron que no funcionar\u00e1 el servicio de lavadero por falta de personal. Tampoco se otorgar\u00e1n turnos para los consultorios externos.<\/div>\n<div>Adem\u00e1s, la asamblea reclam\u00f3 mejoras urgentes para los problemas de infraestructura del lugar y el suministro de insumos para el funcionamiento de los servicios. Vale destacar que hace 10 d\u00edas se levantaron las asambleas que ya se ven\u00edan realizando, ante el compromiso asumido por el director Felix Revol y de funcionarios del Ministerio de Salud provincial para incorporar personal id\u00f3neo al hospital.<\/div>\n<div>Adem\u00e1s, actualmente se encuentran cerrados tres servicios &#8211; dos internados y una unidad de cuidados intermedios- por falta de personal. Los trabajadores denuncian tambi\u00e9n el grave estado del servicios de rayos x, ya que el aparto de revelado es un h\u00edbrido que funciona bien s\u00f3lo en el 30% de las placas; de la misma forma, el servicio de esterilizaci\u00f3n funciona a un solo turno desde enero, cuando habitualmente est\u00e1 activo los dos turnos.<\/div>\n<div>La infraestructura enfrenta un estado calamitoso, los ba\u00f1os p\u00fablicos est\u00e1n inutilizables y hay un solo ascensor activo, ya que el restante se encuentra fuera de funcionamiento hace un a\u00f1o.<\/div>\n<div>El hospital Tr\u00e1nsito C\u00e1ceres de Allende es un centro de salud especializado en traumatolog\u00eda y es centro de referencia regional.<\/div>\n","protected":false},"excerpt":{"rendered":"<p>Ante los incumplimientos asumidos por la direcci\u00f3n del nosocomio para designar personal, los trabajadores del hospital Tr\u00e1nsito C\u00e1ceres de Allende realizaron hoy una asamblea durante cuatro horas que paraliz\u00f3 la atenci\u00f3n normal. S\u00f3lo se atendieron guardias m\u00ednimas. Para ma\u00f1ana continuar\u00e1 la medida con una nueva asamblea, de 7.30 a 11.30 horas, en tanto los trabajadores [&hellip;]<\/p>\n","protected":false},"author":1,"featured_media":19220,"comment_status":"open","ping_status":"open","sticky":false,"template":"","format":"standard","meta":{"_exactmetrics_skip_tracking":false,"_exactmetrics_sitenote_active":false,"_exactmetrics_sitenote_note":"","_exactmetrics_sitenote_category":0,"jnews-multi-image_gallery":[],"jnews_single_post":[],"jnews_primary_category":[],"jnews_social_meta":[],"jnews_review":[],"enable_review":"","type":"","name":"","summary":"","brand":"","sku":"","good":[],"bad":[],"score_override":"","override_value":"","rating":[],"price":[],"jnews_override_counter":[],"jnews_post_split":[],"footnotes":""},"categories":[7,8],"tags":[],"class_list":["post-5219","post","type-post","status-publish","format-standard","has-post-thumbnail","hentry","category-hospitales","category-provinciales"],"jetpack_featured_media_url":"https:\/\/atecordoba.org\/wp-content\/uploads\/2020\/05\/logo-nuevochico-e1561581322808.png","_links":{"self":[{"href":"https:\/\/atecordoba.org\/index.php?rest_route=\/wp\/v2\/posts\/5219","targetHints":{"allow":["GET"]}}],"collection":[{"href":"https:\/\/atecordoba.org\/index.php?rest_route=\/wp\/v2\/posts"}],"about":[{"href":"https:\/\/atecordoba.org\/index.php?rest_route=\/wp\/v2\/types\/post"}],"author":[{"embeddable":true,"href":"https:\/\/atecordoba.org\/index.php?rest_route=\/wp\/v2\/users\/1"}],"replies":[{"embeddable":true,"href":"https:\/\/atecordoba.org\/index.php?rest_route=%2Fwp%2Fv2%2Fcomments&post=5219"}],"version-history":[{"count":0,"href":"https:\/\/atecordoba.org\/index.php?rest_route=\/wp\/v2\/posts\/5219\/revisions"}],"wp:featuredmedia":[{"embeddable":true,"href":"https:\/\/atecordoba.org\/index.php?rest_route=\/wp\/v2\/media\/19220"}],"wp:attachment":[{"href":"https:\/\/atecordoba.org\/index.php?rest_route=%2Fwp%2Fv2%2Fmedia&parent=5219"}],"wp:term":[{"taxonomy":"category","embeddable":true,"href":"https:\/\/atecordoba.org\/index.php?rest_route=%2Fwp%2Fv2%2Fcategories&post=5219"},{"taxonomy":"post_tag","embeddable":true,"href":"https:\/\/atecordoba.org\/index.php?rest_route=%2Fwp%2Fv2%2Ftags&post=5219"}],"curies":[{"name":"wp","href":"https:\/\/api.w.org\/{rel}","templated":true}]}}