{"id":52181,"date":"2025-12-30T10:40:43","date_gmt":"2025-12-30T13:40:43","guid":{"rendered":"https:\/\/atecordoba.org\/?p=52181"},"modified":"2025-12-30T10:40:43","modified_gmt":"2025-12-30T13:40:43","slug":"ate-denuncia-despido-encubierto-en-mina-clavero-y-alerta-sobre-precariedad-laboral-en-municipios-de-traslasierra","status":"publish","type":"post","link":"https:\/\/atecordoba.org\/?p=52181","title":{"rendered":"ATE denuncia despido encubierto en Mina Clavero y alerta sobre precariedad laboral en municipios de Traslasierra"},"content":{"rendered":"<p><img loading=\"lazy\" decoding=\"async\" class=\"aligncenter wp-image-52182 \" src=\"https:\/\/atecordoba.org\/wp-content\/uploads\/2025\/12\/asamblea_mina-clavero-1024x485.jpeg\" alt=\"\" width=\"611\" height=\"289\" srcset=\"https:\/\/atecordoba.org\/wp-content\/uploads\/2025\/12\/asamblea_mina-clavero-1024x485.jpeg 1024w, https:\/\/atecordoba.org\/wp-content\/uploads\/2025\/12\/asamblea_mina-clavero-300x142.jpeg 300w, https:\/\/atecordoba.org\/wp-content\/uploads\/2025\/12\/asamblea_mina-clavero-768x364.jpeg 768w, https:\/\/atecordoba.org\/wp-content\/uploads\/2025\/12\/asamblea_mina-clavero-750x355.jpeg 750w, https:\/\/atecordoba.org\/wp-content\/uploads\/2025\/12\/asamblea_mina-clavero-1140x540.jpeg 1140w, https:\/\/atecordoba.org\/wp-content\/uploads\/2025\/12\/asamblea_mina-clavero.jpeg 1148w\" sizes=\"auto, (max-width: 611px) 100vw, 611px\" \/>En di\u00e1logo con Radio Verdad de Villa Dolores, la secretaria de Prensa de ATE C\u00f3rdoba, Julia Giuliani, denunci\u00f3 el despido de una trabajadora del \u00e1rea de Salud de la Municipalidad de Mina Clavero. La trabajadora con catorce a\u00f1os de antig\u00fcedad como contratada, fue notificada de la no renovaci\u00f3n del contrato, movimiento ejecutado por el intendente Luis Quiroga.<\/p>\n<p>Giuliani calific\u00f3 la situaci\u00f3n como un despido encubierto porque \u201cno le renuevan el contrato a una persona con catorce a\u00f1os de antig\u00fcedad, lo que demuestra la precariedad laboral de los municipios de la zona\u201d .<\/p>\n<p>La dirigenta de ATE consider\u00f3 el acto como \u201cmuy inhumano\u201d\u00a0 y anunci\u00f3 una convocatoria para hoy a las 11 de la ma\u00f1ana, frente al \u00e1rea de Salud donde la compa\u00f1era Cristina Heredia prestaba servicios y que hoy cumplir\u00e1 su \u00faltimo d\u00eda de trabajo.<\/p>\n<p>\u201cEspero que las autoridades den alguna posibilidad de di\u00e1logo para revertir la situaci\u00f3n de Cristina, que ya ven\u00eda sufriendo situaciones de traslado arbitrarios y cambios de horarios de trabajo. Esto que pas\u00f3 nos llam\u00f3 la atenci\u00f3n\u201d, dijo Giuliani.<\/p>\n<p>La secretaria de Prensa critic\u00f3 la falta de di\u00e1logo con la actual gesti\u00f3n municipal de Mina Clavero: \u201cdesde que asumi\u00f3 la gesti\u00f3n de Luis Quiroga nos reunimos una sola vez y despu\u00e9s nos cerraron el di\u00e1logo por completo. Nos llama la atenci\u00f3n que pertenece al partido que es abanderado de la democracia (UCR) y no nos abre el di\u00e1logo\u201d.<\/p>\n<p>Giuliani relacion\u00f3 el caso con el contexto laboral m\u00e1s amplio. \u201cPara mucha gente la reforma laboral ya la viven porque no cobran aguinaldo, y si se aprueba la reforma va a ser la misma porque van a poder echar a los empleados cuando quieran, se va a habilitar la flexibilidad laboral con m\u00e1s profundidad\u201d.<\/p>\n","protected":false},"excerpt":{"rendered":"<p>En di\u00e1logo con Radio Verdad de Villa Dolores, la secretaria de Prensa de ATE C\u00f3rdoba, Julia Giuliani, denunci\u00f3 el despido de una trabajadora del \u00e1rea de Salud de la Municipalidad de Mina Clavero. La trabajadora con catorce a\u00f1os de antig\u00fcedad como contratada, fue notificada de la no renovaci\u00f3n del contrato, movimiento ejecutado por el intendente [&hellip;]<\/p>\n","protected":false},"author":7,"featured_media":52182,"comment_status":"open","ping_status":"open","sticky":false,"template":"","format":"standard","meta":{"_exactmetrics_skip_tracking":false,"_exactmetrics_sitenote_active":false,"_exactmetrics_sitenote_note":"","_exactmetrics_sitenote_category":0,"jnews-multi-image_gallery":[],"jnews_single_post":[],"jnews_primary_category":[],"jnews_social_meta":[],"jnews_review":[],"enable_review":"","type":"","name":"","summary":"","brand":"","sku":"","good":[],"bad":[],"score_override":"","override_value":"","rating":[],"price":[],"jnews_override_counter":[],"jnews_post_split":[],"footnotes":""},"categories":[20],"tags":[],"class_list":["post-52181","post","type-post","status-publish","format-standard","has-post-thumbnail","hentry","category-municipales"],"jetpack_featured_media_url":"https:\/\/atecordoba.org\/wp-content\/uploads\/2025\/12\/asamblea_mina-clavero.jpeg","_links":{"self":[{"href":"https:\/\/atecordoba.org\/index.php?rest_route=\/wp\/v2\/posts\/52181","targetHints":{"allow":["GET"]}}],"collection":[{"href":"https:\/\/atecordoba.org\/index.php?rest_route=\/wp\/v2\/posts"}],"about":[{"href":"https:\/\/atecordoba.org\/index.php?rest_route=\/wp\/v2\/types\/post"}],"author":[{"embeddable":true,"href":"https:\/\/atecordoba.org\/index.php?rest_route=\/wp\/v2\/users\/7"}],"replies":[{"embeddable":true,"href":"https:\/\/atecordoba.org\/index.php?rest_route=%2Fwp%2Fv2%2Fcomments&post=52181"}],"version-history":[{"count":1,"href":"https:\/\/atecordoba.org\/index.php?rest_route=\/wp\/v2\/posts\/52181\/revisions"}],"predecessor-version":[{"id":52183,"href":"https:\/\/atecordoba.org\/index.php?rest_route=\/wp\/v2\/posts\/52181\/revisions\/52183"}],"wp:featuredmedia":[{"embeddable":true,"href":"https:\/\/atecordoba.org\/index.php?rest_route=\/wp\/v2\/media\/52182"}],"wp:attachment":[{"href":"https:\/\/atecordoba.org\/index.php?rest_route=%2Fwp%2Fv2%2Fmedia&parent=52181"}],"wp:term":[{"taxonomy":"category","embeddable":true,"href":"https:\/\/atecordoba.org\/index.php?rest_route=%2Fwp%2Fv2%2Fcategories&post=52181"},{"taxonomy":"post_tag","embeddable":true,"href":"https:\/\/atecordoba.org\/index.php?rest_route=%2Fwp%2Fv2%2Ftags&post=52181"}],"curies":[{"name":"wp","href":"https:\/\/api.w.org\/{rel}","templated":true}]}}