{"id":52152,"date":"2025-12-29T14:18:57","date_gmt":"2025-12-29T17:18:57","guid":{"rendered":"https:\/\/atecordoba.org\/?p=52152"},"modified":"2025-12-29T14:46:32","modified_gmt":"2025-12-29T17:46:32","slug":"cura-brochero-ate-logra-la-aprobacion-de-una-ordenanzas-que-establece-las-licencias-sanitarias-y-por-violencia-de-genero","status":"publish","type":"post","link":"https:\/\/atecordoba.org\/?p=52152","title":{"rendered":"Cura Brochero: ATE logra la aprobaci\u00f3n de la ordenanza que establece las licencias sanitarias y por violencia de g\u00e9nero"},"content":{"rendered":"<p><img loading=\"lazy\" decoding=\"async\" class=\"aligncenter wp-image-52156 size-full\" src=\"https:\/\/atecordoba.org\/wp-content\/uploads\/2025\/12\/brochero-2.png\" alt=\"\" width=\"628\" height=\"395\" srcset=\"https:\/\/atecordoba.org\/wp-content\/uploads\/2025\/12\/brochero-2.png 628w, https:\/\/atecordoba.org\/wp-content\/uploads\/2025\/12\/brochero-2-300x189.png 300w\" sizes=\"auto, (max-width: 628px) 100vw, 628px\" \/>Las y los trabajadores municipales de la localidad de Villa Cura Brochero gozan de nuevos y m\u00e1s derechos a partir de la iniciativa de ATE, que logr\u00f3 a trav\u00e9s de una Ordenanza aprobada el pasado 17 de diciembre en el Concejo Deliberante que se establezcan la Licencia Sanitaria y la Licencia por Violencia de G\u00e9nero en el Estatuto de Empleado Municipal.<\/p>\n<p>ATE llev\u00f3 adelante una fuerte iniciativa pol\u00edtica y gremial, elevando el proyecto al Departamento Ejecutivo y el Concejo Deliberante, a partir de la necesidad de adecuar la normativa vigente para dar pleno cumplimiento a los Convenios 155\u00ba y 187\u00ba de la Organizaci\u00f3n Internacional del Trabajo (OIT), que obligan al Estado a &#8220;implementar pol\u00edticas de Salud y Seguridad en el Trabajo con la participaci\u00f3n de las y los trabajadores&#8221;.<\/p>\n<p>De esta manera, ATE alcanza un hito en el reconocimiento de derechos laborales en el \u00e1mbito municipal. &#8220;Seguimos avanzando en derechos para las trabajadoras municipales, no solamente por la violencia de licencia de g\u00e9nero en Villa Cura Brochero sino por la licencia sanitaria, atento que el sector de la salud municipal est\u00e1 sumamente feminizado&#8221;, dijo al respecto la secretaria de Prensa de ATE C\u00f3rdoba y coordinadora del sector Municipales del Consejo Directivo Nacional, Julia Giuliani.<\/p>\n<p>Cabe destacar que la norma se aprob\u00f3 por iniciativa del concejal Luis Vega y con acompa\u00f1amiento del Departamento Ejecutivo.<\/p>\n<h5>Fundamentos<\/h5>\n<p>La Ordenanza 490\/2025 reconoce que la iniciativa parte de un proyecto de ATE y lo fundamenta en que las licencias mencionadas est\u00e1n avaladas &#8220;por la legislaci\u00f3n provincial y nacionales y la obligaci\u00f3n del Estado local de avanzar en todo lo concerniente a la ampliaci\u00f3n de derechos y conquistas laborales&#8221;.<\/p>\n<p>En tal sentido, afirma que las licencias laborales por Violencia de G\u00e9nero tienen por fin proteger a las v\u00edctimas y garantizar el acceso a la salud integral &#8220;lo que incluye atenci\u00f3n m\u00e9dica, psicol\u00f3gica y medidas de seguridad&#8221;.<\/p>\n<p>En cuanto a la la licencia Sanitaria, la norma busca proteger la salud y el bienestar del personal de salud. &#8220;Esta regulaci\u00f3n es crucial para garantizar un entorno de trabajo seguro y digno para quienes se desempe\u00f1an en el sector&#8221;, ya que las y los trabajadores de la salud &#8220;est\u00e1n expuestos a diversas condiciones de riesgo, como enfermedades infecciosas, estr\u00e9s laboral y carga de trabajo&#8221;.<\/p>\n<p>Adem\u00e1s, la Ordenanza 490 adec\u00faa el Estatuto de empleado Municipal a la Ley Provincial 7233, ya que en su art\u00edculo 49 plantea que &#8220;el personal que realice tareas declaradas peligrosas y\/o insalubres, gozar\u00e1 de la licencia sanitaria cada seis meses&#8221;. En esa l\u00ednea, fija que la Licencia Sanitaria se extiende por siete d\u00edas para todo el personal de salud y &#8220;es de uso obligatorio, no postergable y no acumulable&#8221; con las licencias ordinarias.<\/p>\n<h5>Violencia de G\u00e9nero<\/h5>\n<p>El art\u00edculo 2\u00ba de la Ordenanza 490 establece en el inciso M BIS que todo el personal de la Administraci\u00f3n P\u00fablica Municipal tendr\u00e1 derecho a gozar de un per\u00edodo de Licencia por Violencia de G\u00e9nero , acreditando: denuncia policial y dictamen interdisciplinario de un organismo competente (por ejemplo, un hospital). el derecho incluye el goce de haberes y adicionales, garantizando el municipio la confidencialidad de la informaci\u00f3n del\/a solicitante.<\/p>\n<h5>Licencia Sanitaria<\/h5>\n<p>Por su parte, el inciso N del mismo art\u00edculo de la norma fija el derecho a la Licencia Sanitaria a todo el personal de salud que preste servicio en el dispensario &#8220;Amparo Dura&#8221; como tambi\u00e9n a las y los agentes de los Agrupamientos Profesionales y T\u00e9cnicos de la sanidad que presten servicios en las dependencias municipales.<\/p>\n<p>Esta licencia se har\u00e1 efectiva entre el quinto y el sexto mes posterior a la licencia anual ordinaria. En el caso que \u00e9sta \u00faltima haya sido fraccionada (si la\/el trabajador no se tom\u00f3 toda la licencia ordinaria) la licencia sanitaria deber\u00e1 ser gozada a la finalizaci\u00f3n del primer periodo.<\/p>\n<div id='gallery_1' class='gallery galleryid-52152 gallery-columns-3 gallery-size-thumbnail'><figure class='gallery-item'>\n                <div class='gallery-icon portrait'>\n                    <a href='https:\/\/atecordoba.org\/wp-content\/uploads\/2025\/12\/1.jpeg'><img loading=\"lazy\" decoding=\"async\" width=\"150\" height=\"150\" src=\"\" class=\"attachment-thumbnail size-thumbnail lazyload\" alt=\"\" data-src=\"https:\/\/atecordoba.org\/wp-content\/uploads\/2025\/12\/1-150x150.jpeg\" data-sizes=\"auto\" data-srcset=\"https:\/\/atecordoba.org\/wp-content\/uploads\/2025\/12\/1-150x150.jpeg 150w, https:\/\/atecordoba.org\/wp-content\/uploads\/2025\/12\/1-560x560.jpeg 560w, https:\/\/atecordoba.org\/wp-content\/uploads\/2025\/12\/1-75x75.jpeg 75w, https:\/\/atecordoba.org\/wp-content\/uploads\/2025\/12\/1-350x350.jpeg 350w\" data-expand=\"700\" \/><\/a>\n                <\/div><\/figure><figure class='gallery-item'>\n                <div class='gallery-icon portrait'>\n                    <a href='https:\/\/atecordoba.org\/wp-content\/uploads\/2025\/12\/2.jpeg'><img loading=\"lazy\" decoding=\"async\" width=\"150\" height=\"150\" src=\"\" class=\"attachment-thumbnail size-thumbnail lazyload\" alt=\"\" data-src=\"https:\/\/atecordoba.org\/wp-content\/uploads\/2025\/12\/2-150x150.jpeg\" data-sizes=\"auto\" data-srcset=\"https:\/\/atecordoba.org\/wp-content\/uploads\/2025\/12\/2-150x150.jpeg 150w, https:\/\/atecordoba.org\/wp-content\/uploads\/2025\/12\/2-560x560.jpeg 560w, https:\/\/atecordoba.org\/wp-content\/uploads\/2025\/12\/2-75x75.jpeg 75w, https:\/\/atecordoba.org\/wp-content\/uploads\/2025\/12\/2-350x350.jpeg 350w\" data-expand=\"700\" \/><\/a>\n                <\/div><\/figure><figure class='gallery-item'>\n                <div class='gallery-icon portrait'>\n                    <a href='https:\/\/atecordoba.org\/wp-content\/uploads\/2025\/12\/3.jpeg'><img loading=\"lazy\" decoding=\"async\" width=\"150\" height=\"150\" src=\"\" class=\"attachment-thumbnail size-thumbnail lazyload\" alt=\"\" data-src=\"https:\/\/atecordoba.org\/wp-content\/uploads\/2025\/12\/3-150x150.jpeg\" data-sizes=\"auto\" data-srcset=\"https:\/\/atecordoba.org\/wp-content\/uploads\/2025\/12\/3-150x150.jpeg 150w, https:\/\/atecordoba.org\/wp-content\/uploads\/2025\/12\/3-560x560.jpeg 560w, https:\/\/atecordoba.org\/wp-content\/uploads\/2025\/12\/3-75x75.jpeg 75w, https:\/\/atecordoba.org\/wp-content\/uploads\/2025\/12\/3-350x350.jpeg 350w\" data-expand=\"700\" \/><\/a>\n                <\/div><\/figure><br style=\"clear: both\" \/>\n            <\/div>\n\n<p>&nbsp;<\/p>\n","protected":false},"excerpt":{"rendered":"<p>Las y los trabajadores municipales de la localidad de Villa Cura Brochero gozan de nuevos y m\u00e1s derechos a partir de la iniciativa de ATE, que logr\u00f3 a trav\u00e9s de una Ordenanza aprobada el pasado 17 de diciembre en el Concejo Deliberante que se establezcan la Licencia Sanitaria y la Licencia por Violencia de G\u00e9nero [&hellip;]<\/p>\n","protected":false},"author":7,"featured_media":52156,"comment_status":"open","ping_status":"open","sticky":false,"template":"","format":"standard","meta":{"_exactmetrics_skip_tracking":false,"_exactmetrics_sitenote_active":false,"_exactmetrics_sitenote_note":"","_exactmetrics_sitenote_category":0,"jnews-multi-image_gallery":[],"jnews_single_post":{"format":"standard","override":[{"template":"1","parallax":"1","fullscreen":"1","layout":"no-sidebar-narrow","sidebar":"default-sidebar","second_sidebar":"default-sidebar","sticky_sidebar":"1","share_position":"bottom","share_float_style":"share-monocrhome","show_share_counter":"1","show_view_counter":"1","show_post_meta":"1","show_post_author_image":"1","show_post_date":"1","post_date_format":"default","post_date_format_custom":"Y\/m\/d","show_post_category":"1","show_post_reading_time":"0","post_reading_time_wpm":"300","post_calculate_word_method":"str_word_count","show_zoom_button":"0","zoom_button_out_step":"2","zoom_button_in_step":"3","show_post_tag":"1","number_popup_post":"1","show_post_related":"1","show_inline_post_related":"0"}],"image_override":[{"single_post_thumbnail_size":"crop-500","single_post_gallery_size":"crop-500"}],"trending_post_position":"meta","trending_post_label":"Trending","sponsored_post_label":"Sponsored by","disable_ad":"0"},"jnews_primary_category":[],"jnews_social_meta":[],"jnews_review":[],"enable_review":"","type":"percentage","name":"","summary":"","brand":"","sku":"","good":[],"bad":[],"score_override":"","override_value":"","rating":[],"price":[],"jnews_override_counter":{"view_counter_number":"0","share_counter_number":"0","like_counter_number":"0","dislike_counter_number":"0"},"jnews_post_split":{"post_split":[{"template":"1","tag":"h2","numbering":"asc","mode":"normal","first":"0","enable_toc":"0","toc_type":"normal"}]},"footnotes":""},"categories":[20],"tags":[],"class_list":["post-52152","post","type-post","status-publish","format-standard","has-post-thumbnail","hentry","category-municipales"],"jetpack_featured_media_url":"https:\/\/atecordoba.org\/wp-content\/uploads\/2025\/12\/brochero-2.png","_links":{"self":[{"href":"https:\/\/atecordoba.org\/index.php?rest_route=\/wp\/v2\/posts\/52152","targetHints":{"allow":["GET"]}}],"collection":[{"href":"https:\/\/atecordoba.org\/index.php?rest_route=\/wp\/v2\/posts"}],"about":[{"href":"https:\/\/atecordoba.org\/index.php?rest_route=\/wp\/v2\/types\/post"}],"author":[{"embeddable":true,"href":"https:\/\/atecordoba.org\/index.php?rest_route=\/wp\/v2\/users\/7"}],"replies":[{"embeddable":true,"href":"https:\/\/atecordoba.org\/index.php?rest_route=%2Fwp%2Fv2%2Fcomments&post=52152"}],"version-history":[{"count":2,"href":"https:\/\/atecordoba.org\/index.php?rest_route=\/wp\/v2\/posts\/52152\/revisions"}],"predecessor-version":[{"id":52160,"href":"https:\/\/atecordoba.org\/index.php?rest_route=\/wp\/v2\/posts\/52152\/revisions\/52160"}],"wp:featuredmedia":[{"embeddable":true,"href":"https:\/\/atecordoba.org\/index.php?rest_route=\/wp\/v2\/media\/52156"}],"wp:attachment":[{"href":"https:\/\/atecordoba.org\/index.php?rest_route=%2Fwp%2Fv2%2Fmedia&parent=52152"}],"wp:term":[{"taxonomy":"category","embeddable":true,"href":"https:\/\/atecordoba.org\/index.php?rest_route=%2Fwp%2Fv2%2Fcategories&post=52152"},{"taxonomy":"post_tag","embeddable":true,"href":"https:\/\/atecordoba.org\/index.php?rest_route=%2Fwp%2Fv2%2Ftags&post=52152"}],"curies":[{"name":"wp","href":"https:\/\/api.w.org\/{rel}","templated":true}]}}