{"id":5215,"date":"2015-05-06T20:25:25","date_gmt":"2015-05-06T23:25:25","guid":{"rendered":"http:\/\/www.atecordoba.org\/?p=5215"},"modified":"2015-05-06T20:25:25","modified_gmt":"2015-05-06T23:25:25","slug":"conferencia-de-prensa-para-anunciar-la-historica-recuperacion-de-la-cuota-afiliatoria-de-los-provinciales","status":"publish","type":"post","link":"https:\/\/atecordoba.org\/?p=5215","title":{"rendered":"Conferencia de prensa para anunciar la hist\u00f3rica recuperaci\u00f3n de la cuota afiliatoria de los provinciales"},"content":{"rendered":"<p><em>El pr\u00f3ximo lunes el Consejo Directivo Provincial realizar\u00e1 una conferencia de prensa para dar a conocer la hist\u00f3rica recuperaci\u00f3n de la cuota afiliatoria de los provinciales. Quiebre de una etapa persecutoria y discriminadora con nuestra ATE en C\u00f3rdoba.<\/em><\/p>\n<p><a href=\"http:\/\/www.atecordoba.org\/wp-content\/uploads\/2015\/04\/IMG_7548-e1428951244923.jpg\"><img loading=\"lazy\" decoding=\"async\" class=\"aligncenter size-full wp-image-5076\" src=\"http:\/\/www.atecordoba.org\/wp-content\/uploads\/2015\/04\/IMG_7548-e1428951244923.jpg\" alt=\"IMG_7548\" width=\"550\" height=\"309\" \/><\/a><\/p>\n<p>La conferencia de prensa se llevar\u00e1 a cabo el lunes 11 de mayo, a las 10.30 horas, en Paran\u00e1 140. En la oportunidad, nuestra secretaria General, Mar\u00eda Teresa Romero, da a conocer la devoluci\u00f3n del c\u00f3digo de descuento que desde abril pasado realiz\u00f3 el gobierno provincial sobre la cuota afiliatoria de los 1200 afiliados con que cuenta ATE en el Estado cordob\u00e9s.<\/p>\n<p>Estar\u00e1n presentes dirigentes nacionales de ATE y la CTA para acompa\u00f1ar este momento hist\u00f3rico, que marca el fin de una etapa de persecuci\u00f3n y discriminaci\u00f3n institucional que llev\u00f3 a cabo el la administraci\u00f3n de Uni\u00f3n por C\u00f3rdoba.<\/p>\n<p>Esta medida tomada por la gesti\u00f3n\u00a0delasotista normaliza la situaci\u00f3n de nuestro gremio en la administraci\u00f3n p\u00fablica,\u00a0despu\u00e9s que el gobierno se negara durante ocho a\u00f1os (hasta enero de 2014) a reconocer el \u00e1mbito de actuaci\u00f3n de ATE en la representaci\u00f3n de los provinciales.<\/p>\n<p>El a\u00f1o pasado, con la convocatoria a la mesa salarial, el gobierno qued\u00f3 a mitad de camino porque omiti\u00f3 realizar los descuentos de la cuota afiliatoria, tal como lo realiza con el resto de los gremios actuantes en el sector estatal provincial.<\/p>\n<p>Ahora, esta medida reconoce la voluntad de m\u00e1s de 1200 trabajadores de distintos sectores provinciales a pertenecer a nuestra ATE y, por consiguiente, abonar la cuota de afiliados. Este nuevo cuadro de situaci\u00f3n es fruto de la lucha consecuente y denodada de toda ATE para resistir las persecuciones y maniobras restrictivas.<\/p>\n<p>La lucha permanente en las calles, as\u00ed como los fallos judiciales contundentes en todas las instancias, demuestran que nadie nos regal\u00f3 nada y que ATE siempre tuvo raz\u00f3n, legitimidad y legalidad para reclamar lo estrictamente justo, en el \u00e1mbito de la normativa laboral vigente.<\/p>\n<p>De esta forma, a la cuota afiliatoria, se suma al reconocimiento de los delegados en todos los sectores donde ATE tiene presencia organizativa y al derecho de participar en la negociaci\u00f3n colectiva.<\/p>\n<p>Vale recordar que desde el a\u00f1o 2006 el actual Gobernador Jos\u00e9 Manuel De la Sota, en una clara maniobra de impedir la organizaci\u00f3n sindical libre de los trabajadores provinciales y obstaculizar el crecimiento de ATE como entidad sindical representativa, decidi\u00f3 quitarnos el c\u00f3digo de descuento de cuota sindical, nuestra organizaci\u00f3n decidi\u00f3 recurrir ante la Corte Suprema de Justicia de la Naci\u00f3n en procura del restablecimiento de los derechos sindicales avasallados por el Gobierno Provincial.<\/p>\n<p>En agosto de 2014, el alto tribunal fundament\u00f3 su decisi\u00f3n en el art. 38 de la Ley de Organizaciones Sindicales 23.551 que establece que \u201clos empleadores estar\u00e1n obligados a actuar como agentes de retenci\u00f3n de los importes que, en concepto de cuotas de afiliaci\u00f3n u\u00a0otros importes deban tributar los trabajadores a las asociaciones sindicales de trabajadores con personer\u00eda gremial (\u2026). El incumplimiento por parte del empleador de obrar como agente de retenci\u00f3n, o en su caso de efectuar en tiempo propio el pago de lo retenido, tornar\u00e1 a aquel en deudor directo. La mora en tal caso se producir\u00e1 de pleno derecho\u201d.<\/p>\n<p>As\u00ed, el Tribunal resolvi\u00f3 hacer lugar a la demanda presentada por ATE y \u201c\u2026mandar llevar adelante la ejecuci\u00f3n hasta hacerse al acreedor \u00edntegro pago del capital reclamado, los intereses y las costas\u2026\u201d.<\/p>\n<p>Esto demuestra de forma definitiva que ATE sufri\u00f3 una persecuci\u00f3n sindical, sin precedentes en la historia de la provincia, a los efectos de favorecer a otras organizaciones gremiales actuantes, esto es, en clara connivencia, dado el car\u00e1cter aut\u00f3nomo de nuestro sindicato, que no reconoce otros mandantes que los propios trabajadores.<\/p>\n<p>En ese sentido, las defensas planteadas por el Gobierno Provincial no fueron atendidas por la Corte, atento a las maniobras antisindicales, arbitrarias y discriminatorias cometidas.<\/p>\n<p>Ahora ATE tiene el reconocimiento final, no por alcahuete ni genuflexo, sino por la constancia y perseverancia en la defensa de derechos que sab\u00eda ciertos. Por eso, este nuevo triunfo es de los afiliados de nuestro gremio.<\/p>\n","protected":false},"excerpt":{"rendered":"<p>El pr\u00f3ximo lunes el Consejo Directivo Provincial realizar\u00e1 una conferencia de prensa para dar a conocer la hist\u00f3rica recuperaci\u00f3n de la cuota afiliatoria de los provinciales. Quiebre de una etapa persecutoria y discriminadora con nuestra ATE en C\u00f3rdoba. La conferencia de prensa se llevar\u00e1 a cabo el lunes 11 de mayo, a las 10.30 horas, [&hellip;]<\/p>\n","protected":false},"author":1,"featured_media":19220,"comment_status":"open","ping_status":"open","sticky":false,"template":"","format":"standard","meta":{"_exactmetrics_skip_tracking":false,"_exactmetrics_sitenote_active":false,"_exactmetrics_sitenote_note":"","_exactmetrics_sitenote_category":0,"jnews-multi-image_gallery":[],"jnews_single_post":[],"jnews_primary_category":[],"jnews_social_meta":[],"jnews_review":[],"enable_review":"","type":"","name":"","summary":"","brand":"","sku":"","good":[],"bad":[],"score_override":"","override_value":"","rating":[],"price":[],"jnews_override_counter":[],"jnews_post_split":[],"footnotes":""},"categories":[1],"tags":[],"class_list":["post-5215","post","type-post","status-publish","format-standard","has-post-thumbnail","hentry","category-sin-categoria"],"jetpack_featured_media_url":"https:\/\/atecordoba.org\/wp-content\/uploads\/2020\/05\/logo-nuevochico-e1561581322808.png","_links":{"self":[{"href":"https:\/\/atecordoba.org\/index.php?rest_route=\/wp\/v2\/posts\/5215","targetHints":{"allow":["GET"]}}],"collection":[{"href":"https:\/\/atecordoba.org\/index.php?rest_route=\/wp\/v2\/posts"}],"about":[{"href":"https:\/\/atecordoba.org\/index.php?rest_route=\/wp\/v2\/types\/post"}],"author":[{"embeddable":true,"href":"https:\/\/atecordoba.org\/index.php?rest_route=\/wp\/v2\/users\/1"}],"replies":[{"embeddable":true,"href":"https:\/\/atecordoba.org\/index.php?rest_route=%2Fwp%2Fv2%2Fcomments&post=5215"}],"version-history":[{"count":0,"href":"https:\/\/atecordoba.org\/index.php?rest_route=\/wp\/v2\/posts\/5215\/revisions"}],"wp:featuredmedia":[{"embeddable":true,"href":"https:\/\/atecordoba.org\/index.php?rest_route=\/wp\/v2\/media\/19220"}],"wp:attachment":[{"href":"https:\/\/atecordoba.org\/index.php?rest_route=%2Fwp%2Fv2%2Fmedia&parent=5215"}],"wp:term":[{"taxonomy":"category","embeddable":true,"href":"https:\/\/atecordoba.org\/index.php?rest_route=%2Fwp%2Fv2%2Fcategories&post=5215"},{"taxonomy":"post_tag","embeddable":true,"href":"https:\/\/atecordoba.org\/index.php?rest_route=%2Fwp%2Fv2%2Ftags&post=5215"}],"curies":[{"name":"wp","href":"https:\/\/api.w.org\/{rel}","templated":true}]}}