{"id":52123,"date":"2025-12-23T13:16:06","date_gmt":"2025-12-23T16:16:06","guid":{"rendered":"https:\/\/atecordoba.org\/?p=52123"},"modified":"2025-12-23T13:37:16","modified_gmt":"2025-12-23T16:37:16","slug":"con-una-actividad-sobre-la-reforma-laboral-ate-cerro-el-ano-del-ciclo-de-charlas-debate-mano-a-mano","status":"publish","type":"post","link":"https:\/\/atecordoba.org\/?p=52123","title":{"rendered":"Con una actividad sobre la Reforma Laboral, ATE cerr\u00f3 el a\u00f1o del ciclo de charlas-debate \u201cMano a Mano\u201d"},"content":{"rendered":"<p><img loading=\"lazy\" decoding=\"async\" class=\"aligncenter wp-image-52140 \" src=\"https:\/\/atecordoba.org\/wp-content\/uploads\/2025\/12\/ale-1024x768.jpeg\" alt=\"\" width=\"631\" height=\"474\" srcset=\"https:\/\/atecordoba.org\/wp-content\/uploads\/2025\/12\/ale-1024x768.jpeg 1024w, https:\/\/atecordoba.org\/wp-content\/uploads\/2025\/12\/ale-300x225.jpeg 300w, https:\/\/atecordoba.org\/wp-content\/uploads\/2025\/12\/ale-768x576.jpeg 768w, https:\/\/atecordoba.org\/wp-content\/uploads\/2025\/12\/ale-1536x1152.jpeg 1536w, https:\/\/atecordoba.org\/wp-content\/uploads\/2025\/12\/ale-750x563.jpeg 750w, https:\/\/atecordoba.org\/wp-content\/uploads\/2025\/12\/ale-1140x855.jpeg 1140w, https:\/\/atecordoba.org\/wp-content\/uploads\/2025\/12\/ale.jpeg 1600w\" sizes=\"auto, (max-width: 631px) 100vw, 631px\" \/>ATE cerr\u00f3 ayer el ciclo \u201cMano a Mano\u201d de la Secretar\u00eda de Acci\u00f3n Pol\u00edtica con una charla-debate sobre las Reforma Laboral con la participaci\u00f3n de los abogados laboralistas Eugenio Biafore y Luis Gabriel Montenegro.<\/p>\n<p>La actividad estuvo presentada por la secretaria de Acci\u00f3n Pol\u00edtica, Alejandra Agnone, y cont\u00f3 con la participaci\u00f3n de estatales nacionales, provinciales y municipales, ya que el proyecto afecta de manera transversal los distintos niveles del Estado donde la precarizaci\u00f3n y los reg\u00edmenes de ciertos organismos se aplica la Ley de Contrato de Trabajo, que el gobierno pretende demoler a trav\u00e9s del proyecto impulsado por Milei.<img loading=\"lazy\" decoding=\"async\" class=\"aligncenter wp-image-52141 \" src=\"https:\/\/atecordoba.org\/wp-content\/uploads\/2025\/12\/ale-2-e1766507792862-1024x755.jpeg\" alt=\"\" width=\"621\" height=\"458\" srcset=\"https:\/\/atecordoba.org\/wp-content\/uploads\/2025\/12\/ale-2-e1766507792862-1024x755.jpeg 1024w, https:\/\/atecordoba.org\/wp-content\/uploads\/2025\/12\/ale-2-e1766507792862-300x221.jpeg 300w, https:\/\/atecordoba.org\/wp-content\/uploads\/2025\/12\/ale-2-e1766507792862-768x566.jpeg 768w, https:\/\/atecordoba.org\/wp-content\/uploads\/2025\/12\/ale-2-e1766507792862-750x553.jpeg 750w, https:\/\/atecordoba.org\/wp-content\/uploads\/2025\/12\/ale-2-e1766507792862-1140x841.jpeg 1140w, https:\/\/atecordoba.org\/wp-content\/uploads\/2025\/12\/ale-2-e1766507792862.jpeg 1200w\" sizes=\"auto, (max-width: 621px) 100vw, 621px\" \/><\/p>\n<p>\u201cDesde el sindicato debemos propiciar estos espacios de encuentro y debate, no solo en lo informativo y formativo sino que adem\u00e1s en el intercambio con el otro respecto a estos temas que nos atraviesan a la clase trabajadora toda\u201d, explic\u00f3 Agnone.<\/p>\n<p>La dirigente remarc\u00f3 que la Reforma Laboral que pretende llevar a cabo el Gobierno Nacional \u201ces regresiva en derechos, pretende modificar todo el Sistema Laboral garantista que tenemos actualmente y vulnera no solo los derechos laborales individuales y colectivos, sino tambi\u00e9n nuestras garant\u00edas Constitucionales, desconociendo las luchas de generaciones, que hicieron que hoy podamos tener el derecho a huelga, a la asamblea, a la jornada laboral de 8 horas, a modo de ejemplo, entre tantos otros\u201d.<img loading=\"lazy\" decoding=\"async\" class=\"aligncenter wp-image-52127 \" src=\"https:\/\/atecordoba.org\/wp-content\/uploads\/2025\/12\/WhatsApp-Image-2025-12-23-at-10.20.19-2-1024x768.jpeg\" alt=\"\" width=\"613\" height=\"460\" srcset=\"https:\/\/atecordoba.org\/wp-content\/uploads\/2025\/12\/WhatsApp-Image-2025-12-23-at-10.20.19-2-1024x768.jpeg 1024w, https:\/\/atecordoba.org\/wp-content\/uploads\/2025\/12\/WhatsApp-Image-2025-12-23-at-10.20.19-2-300x225.jpeg 300w, https:\/\/atecordoba.org\/wp-content\/uploads\/2025\/12\/WhatsApp-Image-2025-12-23-at-10.20.19-2-768x576.jpeg 768w, https:\/\/atecordoba.org\/wp-content\/uploads\/2025\/12\/WhatsApp-Image-2025-12-23-at-10.20.19-2-1536x1152.jpeg 1536w, https:\/\/atecordoba.org\/wp-content\/uploads\/2025\/12\/WhatsApp-Image-2025-12-23-at-10.20.19-2-750x563.jpeg 750w, https:\/\/atecordoba.org\/wp-content\/uploads\/2025\/12\/WhatsApp-Image-2025-12-23-at-10.20.19-2-1140x855.jpeg 1140w, https:\/\/atecordoba.org\/wp-content\/uploads\/2025\/12\/WhatsApp-Image-2025-12-23-at-10.20.19-2.jpeg 1600w\" sizes=\"auto, (max-width: 613px) 100vw, 613px\" \/><\/p>\n<p>En esa l\u00ednea, la secretaria de G\u00e9nero de ATE C\u00f3rdoba, Mar\u00eda Spaventa, afirm\u00f3 que \u201ceste proyecto no solo ignora las tareas de cuidado, sino que las vulnera, desconociendo los derechos de las infancias y la familia, y afectando principalmente a las\u00a0 trabajadoras y disidencias\u201d.<\/p>\n<h5>Las ponencias<\/h5>\n<p>En su exposici\u00f3n, Biafore abord\u00f3 distintos aspectos del proyecto oficial y se\u00f1al\u00f3 que \u201cnos juntamos para dar la discusi\u00f3n entre los compa\u00f1eros y compa\u00f1eras porque no se sale a la calle solo con la voluntad sino fundamentalmente con el conocimiento\u201d.<\/p>\n<p><img loading=\"lazy\" decoding=\"async\" class=\"aligncenter wp-image-52126 \" src=\"https:\/\/atecordoba.org\/wp-content\/uploads\/2025\/12\/WhatsApp-Image-2025-12-23-at-10.20.40-e1766506310254-1024x546.jpeg\" alt=\"\" width=\"632\" height=\"337\" srcset=\"https:\/\/atecordoba.org\/wp-content\/uploads\/2025\/12\/WhatsApp-Image-2025-12-23-at-10.20.40-e1766506310254-1024x546.jpeg 1024w, https:\/\/atecordoba.org\/wp-content\/uploads\/2025\/12\/WhatsApp-Image-2025-12-23-at-10.20.40-e1766506310254-300x160.jpeg 300w, https:\/\/atecordoba.org\/wp-content\/uploads\/2025\/12\/WhatsApp-Image-2025-12-23-at-10.20.40-e1766506310254-768x410.jpeg 768w, https:\/\/atecordoba.org\/wp-content\/uploads\/2025\/12\/WhatsApp-Image-2025-12-23-at-10.20.40-e1766506310254-750x400.jpeg 750w, https:\/\/atecordoba.org\/wp-content\/uploads\/2025\/12\/WhatsApp-Image-2025-12-23-at-10.20.40-e1766506310254-1140x608.jpeg 1140w, https:\/\/atecordoba.org\/wp-content\/uploads\/2025\/12\/WhatsApp-Image-2025-12-23-at-10.20.40-e1766506310254.jpeg 1200w\" sizes=\"auto, (max-width: 632px) 100vw, 632px\" \/><\/p>\n<p>En tal sentido, el letrado resumi\u00f3, terminada la actividad, que la reforma laboral \u201ces el ataque m\u00e1s profundo de la historia del derecho laboral argentino todo en un mismo y \u00fanico proyecto, donde los enemigos de los trabajadores aportan desde m\u00faltiples fuerzas, ideolog\u00edas e intereses econ\u00f3micos y culturales, donde todas las facetas del trabajo est\u00e1n\u00a0 en juego, en lo individual, lo colectivo, los procesales del trabajo en tribunales\u201d.<img loading=\"lazy\" decoding=\"async\" class=\"size-medium wp-image-52128 alignleft\" src=\"https:\/\/atecordoba.org\/wp-content\/uploads\/2025\/12\/WhatsApp-Image-2025-12-23-at-10.19.00-212x300.jpeg\" alt=\"\" width=\"212\" height=\"300\" srcset=\"https:\/\/atecordoba.org\/wp-content\/uploads\/2025\/12\/WhatsApp-Image-2025-12-23-at-10.19.00-212x300.jpeg 212w, https:\/\/atecordoba.org\/wp-content\/uploads\/2025\/12\/WhatsApp-Image-2025-12-23-at-10.19.00-723x1024.jpeg 723w, https:\/\/atecordoba.org\/wp-content\/uploads\/2025\/12\/WhatsApp-Image-2025-12-23-at-10.19.00-768x1087.jpeg 768w, https:\/\/atecordoba.org\/wp-content\/uploads\/2025\/12\/WhatsApp-Image-2025-12-23-at-10.19.00-750x1062.jpeg 750w, https:\/\/atecordoba.org\/wp-content\/uploads\/2025\/12\/WhatsApp-Image-2025-12-23-at-10.19.00.jpeg 904w\" sizes=\"auto, (max-width: 212px) 100vw, 212px\" \/><\/p>\n<p>En igual sentido se expres\u00f3 Montenegro. Al darle contexto al proyecto de ley, el abogado dijo que \u201cla reforma laboral que intenta llevar adelante este gobierno, que se suma a las ya realizadas por el DNU 70\/23 y la Ley Bases, no solo es regresiva e implica un retroceso claro en los derechos individuales\u00a0 y colectivos y garant\u00edas de los y las trabajadores y trabajadoras, sino que adem\u00e1s modifica y elimina aquellas normas que siempre fueron molestas para el empresariado argentino, desde la cuesti\u00f3n de la presentaci\u00f3n de un certificado m\u00e9dico en caso de accidentes o enfermedades inculpables, hasta el pago de las indemnizaciones, pasando hasta casi por dejar en su m\u00ednima expresi\u00f3n al principio de irrenunciabilidad de derechos\u201d.<\/p>\n<p>Se trat\u00f3 de una jornada fraterna de formaci\u00f3n y debate donde las y los compa\u00f1eros pudieron proyectar la realidad de los sectores de trabajo al nuevo cuadro normativo que proyecto el Gobierno de Milei. Adem\u00e1s, se reforz\u00f3 la necesidad de construir unidad con los sectores del campo de trabajo privado, directamente amenazado por la supuesta reforma. \u201cLa construcci\u00f3n de solidaridad de clase es una bandera de ATE que asumimos como un compromiso fundamental de las y los estatales de C\u00f3rdoba\u201d, concluy\u00f3 Agnone.<\/p>\n<div id='gallery_1' class='gallery galleryid-52123 gallery-columns-3 gallery-size-thumbnail'><figure class='gallery-item'>\n                <div class='gallery-icon landscape'>\n                    <a href='https:\/\/atecordoba.org\/wp-content\/uploads\/2025\/12\/WhatsApp-Image-2025-12-23-at-09.58.17-1.jpeg'><img loading=\"lazy\" decoding=\"async\" width=\"150\" height=\"150\" src=\"\" class=\"attachment-thumbnail size-thumbnail lazyload\" alt=\"\" data-src=\"https:\/\/atecordoba.org\/wp-content\/uploads\/2025\/12\/WhatsApp-Image-2025-12-23-at-09.58.17-1-150x150.jpeg\" data-sizes=\"auto\" data-srcset=\"https:\/\/atecordoba.org\/wp-content\/uploads\/2025\/12\/WhatsApp-Image-2025-12-23-at-09.58.17-1-150x150.jpeg 150w, https:\/\/atecordoba.org\/wp-content\/uploads\/2025\/12\/WhatsApp-Image-2025-12-23-at-09.58.17-1-560x560.jpeg 560w, https:\/\/atecordoba.org\/wp-content\/uploads\/2025\/12\/WhatsApp-Image-2025-12-23-at-09.58.17-1-75x75.jpeg 75w, https:\/\/atecordoba.org\/wp-content\/uploads\/2025\/12\/WhatsApp-Image-2025-12-23-at-09.58.17-1-350x350.jpeg 350w\" data-expand=\"700\" \/><\/a>\n                <\/div><\/figure><figure class='gallery-item'>\n                <div class='gallery-icon landscape'>\n                    <a href='https:\/\/atecordoba.org\/wp-content\/uploads\/2025\/12\/WhatsApp-Image-2025-12-23-at-09.58.08.jpeg'><img loading=\"lazy\" decoding=\"async\" width=\"150\" height=\"150\" src=\"\" class=\"attachment-thumbnail size-thumbnail lazyload\" alt=\"\" data-src=\"https:\/\/atecordoba.org\/wp-content\/uploads\/2025\/12\/WhatsApp-Image-2025-12-23-at-09.58.08-150x150.jpeg\" data-sizes=\"auto\" data-srcset=\"https:\/\/atecordoba.org\/wp-content\/uploads\/2025\/12\/WhatsApp-Image-2025-12-23-at-09.58.08-150x150.jpeg 150w, https:\/\/atecordoba.org\/wp-content\/uploads\/2025\/12\/WhatsApp-Image-2025-12-23-at-09.58.08-560x560.jpeg 560w, https:\/\/atecordoba.org\/wp-content\/uploads\/2025\/12\/WhatsApp-Image-2025-12-23-at-09.58.08-75x75.jpeg 75w, https:\/\/atecordoba.org\/wp-content\/uploads\/2025\/12\/WhatsApp-Image-2025-12-23-at-09.58.08-350x350.jpeg 350w\" data-expand=\"700\" \/><\/a>\n                <\/div><\/figure><figure class='gallery-item'>\n                <div class='gallery-icon landscape'>\n                    <a href='https:\/\/atecordoba.org\/wp-content\/uploads\/2025\/12\/WhatsApp-Image-2025-12-23-at-09.58.09-1.jpeg'><img loading=\"lazy\" decoding=\"async\" width=\"150\" height=\"150\" src=\"\" class=\"attachment-thumbnail size-thumbnail lazyload\" alt=\"\" data-src=\"https:\/\/atecordoba.org\/wp-content\/uploads\/2025\/12\/WhatsApp-Image-2025-12-23-at-09.58.09-1-150x150.jpeg\" data-sizes=\"auto\" data-srcset=\"https:\/\/atecordoba.org\/wp-content\/uploads\/2025\/12\/WhatsApp-Image-2025-12-23-at-09.58.09-1-150x150.jpeg 150w, https:\/\/atecordoba.org\/wp-content\/uploads\/2025\/12\/WhatsApp-Image-2025-12-23-at-09.58.09-1-560x560.jpeg 560w, https:\/\/atecordoba.org\/wp-content\/uploads\/2025\/12\/WhatsApp-Image-2025-12-23-at-09.58.09-1-75x75.jpeg 75w, https:\/\/atecordoba.org\/wp-content\/uploads\/2025\/12\/WhatsApp-Image-2025-12-23-at-09.58.09-1-350x350.jpeg 350w\" data-expand=\"700\" \/><\/a>\n                <\/div><\/figure><br style=\"clear: both\" \/><figure class='gallery-item'>\n                <div class='gallery-icon landscape'>\n                    <a href='https:\/\/atecordoba.org\/wp-content\/uploads\/2025\/12\/WhatsApp-Image-2025-12-23-at-09.58.10.jpeg'><img loading=\"lazy\" decoding=\"async\" width=\"150\" height=\"150\" src=\"\" class=\"attachment-thumbnail size-thumbnail lazyload\" alt=\"\" data-src=\"https:\/\/atecordoba.org\/wp-content\/uploads\/2025\/12\/WhatsApp-Image-2025-12-23-at-09.58.10-150x150.jpeg\" data-sizes=\"auto\" data-srcset=\"https:\/\/atecordoba.org\/wp-content\/uploads\/2025\/12\/WhatsApp-Image-2025-12-23-at-09.58.10-150x150.jpeg 150w, https:\/\/atecordoba.org\/wp-content\/uploads\/2025\/12\/WhatsApp-Image-2025-12-23-at-09.58.10-560x560.jpeg 560w, https:\/\/atecordoba.org\/wp-content\/uploads\/2025\/12\/WhatsApp-Image-2025-12-23-at-09.58.10-75x75.jpeg 75w, https:\/\/atecordoba.org\/wp-content\/uploads\/2025\/12\/WhatsApp-Image-2025-12-23-at-09.58.10-350x350.jpeg 350w\" data-expand=\"700\" \/><\/a>\n                <\/div><\/figure><figure class='gallery-item'>\n                <div class='gallery-icon landscape'>\n                    <a href='https:\/\/atecordoba.org\/wp-content\/uploads\/2025\/12\/WhatsApp-Image-2025-12-23-at-09.58.11.jpeg'><img loading=\"lazy\" decoding=\"async\" width=\"150\" height=\"150\" src=\"\" class=\"attachment-thumbnail size-thumbnail lazyload\" alt=\"\" data-src=\"https:\/\/atecordoba.org\/wp-content\/uploads\/2025\/12\/WhatsApp-Image-2025-12-23-at-09.58.11-150x150.jpeg\" data-sizes=\"auto\" data-srcset=\"https:\/\/atecordoba.org\/wp-content\/uploads\/2025\/12\/WhatsApp-Image-2025-12-23-at-09.58.11-150x150.jpeg 150w, https:\/\/atecordoba.org\/wp-content\/uploads\/2025\/12\/WhatsApp-Image-2025-12-23-at-09.58.11-560x560.jpeg 560w, https:\/\/atecordoba.org\/wp-content\/uploads\/2025\/12\/WhatsApp-Image-2025-12-23-at-09.58.11-75x75.jpeg 75w, https:\/\/atecordoba.org\/wp-content\/uploads\/2025\/12\/WhatsApp-Image-2025-12-23-at-09.58.11-350x350.jpeg 350w\" data-expand=\"700\" \/><\/a>\n                <\/div><\/figure><figure class='gallery-item'>\n                <div class='gallery-icon landscape'>\n                    <a href='https:\/\/atecordoba.org\/wp-content\/uploads\/2025\/12\/WhatsApp-Image-2025-12-23-at-09.58.13-1.jpeg'><img loading=\"lazy\" decoding=\"async\" width=\"150\" height=\"150\" src=\"\" class=\"attachment-thumbnail size-thumbnail lazyload\" alt=\"\" data-src=\"https:\/\/atecordoba.org\/wp-content\/uploads\/2025\/12\/WhatsApp-Image-2025-12-23-at-09.58.13-1-150x150.jpeg\" data-sizes=\"auto\" data-srcset=\"https:\/\/atecordoba.org\/wp-content\/uploads\/2025\/12\/WhatsApp-Image-2025-12-23-at-09.58.13-1-150x150.jpeg 150w, https:\/\/atecordoba.org\/wp-content\/uploads\/2025\/12\/WhatsApp-Image-2025-12-23-at-09.58.13-1-560x560.jpeg 560w, https:\/\/atecordoba.org\/wp-content\/uploads\/2025\/12\/WhatsApp-Image-2025-12-23-at-09.58.13-1-75x75.jpeg 75w, https:\/\/atecordoba.org\/wp-content\/uploads\/2025\/12\/WhatsApp-Image-2025-12-23-at-09.58.13-1-350x350.jpeg 350w\" data-expand=\"700\" \/><\/a>\n                <\/div><\/figure><br style=\"clear: both\" \/><figure class='gallery-item'>\n                <div class='gallery-icon landscape'>\n                    <a href='https:\/\/atecordoba.org\/wp-content\/uploads\/2025\/12\/WhatsApp-Image-2025-12-23-at-09.58.16-2.jpeg'><img loading=\"lazy\" decoding=\"async\" width=\"150\" height=\"150\" src=\"\" class=\"attachment-thumbnail size-thumbnail lazyload\" alt=\"\" data-src=\"https:\/\/atecordoba.org\/wp-content\/uploads\/2025\/12\/WhatsApp-Image-2025-12-23-at-09.58.16-2-150x150.jpeg\" data-sizes=\"auto\" data-srcset=\"https:\/\/atecordoba.org\/wp-content\/uploads\/2025\/12\/WhatsApp-Image-2025-12-23-at-09.58.16-2-150x150.jpeg 150w, https:\/\/atecordoba.org\/wp-content\/uploads\/2025\/12\/WhatsApp-Image-2025-12-23-at-09.58.16-2-560x560.jpeg 560w, https:\/\/atecordoba.org\/wp-content\/uploads\/2025\/12\/WhatsApp-Image-2025-12-23-at-09.58.16-2-75x75.jpeg 75w, https:\/\/atecordoba.org\/wp-content\/uploads\/2025\/12\/WhatsApp-Image-2025-12-23-at-09.58.16-2-350x350.jpeg 350w\" data-expand=\"700\" \/><\/a>\n                <\/div><\/figure><figure class='gallery-item'>\n                <div class='gallery-icon landscape'>\n                    <a href='https:\/\/atecordoba.org\/wp-content\/uploads\/2025\/12\/WhatsApp-Image-2025-12-23-at-09.58.15.jpeg'><img loading=\"lazy\" decoding=\"async\" width=\"150\" height=\"150\" src=\"\" class=\"attachment-thumbnail size-thumbnail lazyload\" alt=\"\" data-src=\"https:\/\/atecordoba.org\/wp-content\/uploads\/2025\/12\/WhatsApp-Image-2025-12-23-at-09.58.15-150x150.jpeg\" data-sizes=\"auto\" data-srcset=\"https:\/\/atecordoba.org\/wp-content\/uploads\/2025\/12\/WhatsApp-Image-2025-12-23-at-09.58.15-150x150.jpeg 150w, https:\/\/atecordoba.org\/wp-content\/uploads\/2025\/12\/WhatsApp-Image-2025-12-23-at-09.58.15-560x560.jpeg 560w, https:\/\/atecordoba.org\/wp-content\/uploads\/2025\/12\/WhatsApp-Image-2025-12-23-at-09.58.15-75x75.jpeg 75w, https:\/\/atecordoba.org\/wp-content\/uploads\/2025\/12\/WhatsApp-Image-2025-12-23-at-09.58.15-350x350.jpeg 350w\" data-expand=\"700\" \/><\/a>\n                <\/div><\/figure><figure class='gallery-item'>\n                <div class='gallery-icon landscape'>\n                    <a href='https:\/\/atecordoba.org\/wp-content\/uploads\/2025\/12\/WhatsApp-Image-2025-12-23-at-10.20.20.jpeg'><img loading=\"lazy\" decoding=\"async\" width=\"150\" height=\"150\" src=\"\" class=\"attachment-thumbnail size-thumbnail lazyload\" alt=\"\" data-src=\"https:\/\/atecordoba.org\/wp-content\/uploads\/2025\/12\/WhatsApp-Image-2025-12-23-at-10.20.20-150x150.jpeg\" data-sizes=\"auto\" data-srcset=\"https:\/\/atecordoba.org\/wp-content\/uploads\/2025\/12\/WhatsApp-Image-2025-12-23-at-10.20.20-150x150.jpeg 150w, https:\/\/atecordoba.org\/wp-content\/uploads\/2025\/12\/WhatsApp-Image-2025-12-23-at-10.20.20-560x560.jpeg 560w, https:\/\/atecordoba.org\/wp-content\/uploads\/2025\/12\/WhatsApp-Image-2025-12-23-at-10.20.20-75x75.jpeg 75w, https:\/\/atecordoba.org\/wp-content\/uploads\/2025\/12\/WhatsApp-Image-2025-12-23-at-10.20.20-350x350.jpeg 350w\" data-expand=\"700\" \/><\/a>\n                <\/div><\/figure><br style=\"clear: both\" \/>\n            <\/div>\n\n","protected":false},"excerpt":{"rendered":"<p>ATE cerr\u00f3 ayer el ciclo \u201cMano a Mano\u201d de la Secretar\u00eda de Acci\u00f3n Pol\u00edtica con una charla-debate sobre las Reforma Laboral con la participaci\u00f3n de los abogados laboralistas Eugenio Biafore y Luis Gabriel Montenegro. La actividad estuvo presentada por la secretaria de Acci\u00f3n Pol\u00edtica, Alejandra Agnone, y cont\u00f3 con la participaci\u00f3n de estatales nacionales, provinciales [&hellip;]<\/p>\n","protected":false},"author":7,"featured_media":52125,"comment_status":"open","ping_status":"open","sticky":false,"template":"","format":"standard","meta":{"_exactmetrics_skip_tracking":false,"_exactmetrics_sitenote_active":false,"_exactmetrics_sitenote_note":"","_exactmetrics_sitenote_category":0,"jnews-multi-image_gallery":[],"jnews_single_post":{"format":"standard","override":[{"template":"1","parallax":"1","fullscreen":"1","layout":"no-sidebar-narrow","sidebar":"default-sidebar","second_sidebar":"default-sidebar","sticky_sidebar":"1","share_position":"bottom","share_float_style":"share-monocrhome","show_share_counter":"1","show_view_counter":"1","show_post_meta":"1","show_post_author_image":"1","show_post_date":"1","post_date_format":"default","post_date_format_custom":"Y\/m\/d","show_post_category":"1","show_post_reading_time":"0","post_reading_time_wpm":"300","post_calculate_word_method":"str_word_count","show_zoom_button":"0","zoom_button_out_step":"2","zoom_button_in_step":"3","show_post_tag":"1","number_popup_post":"1","show_post_related":"1","show_inline_post_related":"0"}],"image_override":[{"single_post_thumbnail_size":"crop-500","single_post_gallery_size":"crop-500"}],"trending_post_position":"meta","trending_post_label":"Trending","sponsored_post_label":"Sponsored by","disable_ad":"0"},"jnews_primary_category":[],"jnews_social_meta":[],"jnews_review":[],"enable_review":"","type":"percentage","name":"","summary":"","brand":"","sku":"","good":[],"bad":[],"score_override":"","override_value":"","rating":[],"price":[],"jnews_override_counter":{"view_counter_number":"0","share_counter_number":"0","like_counter_number":"0","dislike_counter_number":"0"},"jnews_post_split":{"post_split":[{"template":"1","tag":"h2","numbering":"asc","mode":"normal","first":"0","enable_toc":"0","toc_type":"normal"}]},"footnotes":""},"categories":[10],"tags":[],"class_list":["post-52123","post","type-post","status-publish","format-standard","has-post-thumbnail","hentry","category-accion-politica"],"jetpack_featured_media_url":"https:\/\/atecordoba.org\/wp-content\/uploads\/2025\/12\/WhatsApp-Image-2025-12-23-at-09.58.18-2.jpeg","_links":{"self":[{"href":"https:\/\/atecordoba.org\/index.php?rest_route=\/wp\/v2\/posts\/52123","targetHints":{"allow":["GET"]}}],"collection":[{"href":"https:\/\/atecordoba.org\/index.php?rest_route=\/wp\/v2\/posts"}],"about":[{"href":"https:\/\/atecordoba.org\/index.php?rest_route=\/wp\/v2\/types\/post"}],"author":[{"embeddable":true,"href":"https:\/\/atecordoba.org\/index.php?rest_route=\/wp\/v2\/users\/7"}],"replies":[{"embeddable":true,"href":"https:\/\/atecordoba.org\/index.php?rest_route=%2Fwp%2Fv2%2Fcomments&post=52123"}],"version-history":[{"count":3,"href":"https:\/\/atecordoba.org\/index.php?rest_route=\/wp\/v2\/posts\/52123\/revisions"}],"predecessor-version":[{"id":52143,"href":"https:\/\/atecordoba.org\/index.php?rest_route=\/wp\/v2\/posts\/52123\/revisions\/52143"}],"wp:featuredmedia":[{"embeddable":true,"href":"https:\/\/atecordoba.org\/index.php?rest_route=\/wp\/v2\/media\/52125"}],"wp:attachment":[{"href":"https:\/\/atecordoba.org\/index.php?rest_route=%2Fwp%2Fv2%2Fmedia&parent=52123"}],"wp:term":[{"taxonomy":"category","embeddable":true,"href":"https:\/\/atecordoba.org\/index.php?rest_route=%2Fwp%2Fv2%2Fcategories&post=52123"},{"taxonomy":"post_tag","embeddable":true,"href":"https:\/\/atecordoba.org\/index.php?rest_route=%2Fwp%2Fv2%2Ftags&post=52123"}],"curies":[{"name":"wp","href":"https:\/\/api.w.org\/{rel}","templated":true}]}}