{"id":52118,"date":"2025-12-23T10:29:25","date_gmt":"2025-12-23T13:29:25","guid":{"rendered":"https:\/\/atecordoba.org\/?p=52118"},"modified":"2025-12-23T10:29:55","modified_gmt":"2025-12-23T13:29:55","slug":"brindamos-para-celebrar-felices-fiestas-para-las-y-los-estatales-de-cordoba","status":"publish","type":"post","link":"https:\/\/atecordoba.org\/?p=52118","title":{"rendered":"\u00a1Brindamos para celebrar Felices Fiestas con las y los estatales de C\u00f3rdoba!"},"content":{"rendered":"<p><img loading=\"lazy\" decoding=\"async\" class=\"aligncenter wp-image-52119 size-full\" src=\"https:\/\/atecordoba.org\/wp-content\/uploads\/2025\/12\/flyer-feliz-navidad.png\" alt=\"\" width=\"641\" height=\"351\" srcset=\"https:\/\/atecordoba.org\/wp-content\/uploads\/2025\/12\/flyer-feliz-navidad.png 641w, https:\/\/atecordoba.org\/wp-content\/uploads\/2025\/12\/flyer-feliz-navidad-300x164.png 300w\" sizes=\"auto, (max-width: 641px) 100vw, 641px\" \/><\/p>\n<p>El Consejo Directivo Provincial de ATE C\u00f3rdoba env\u00eda un c\u00e1lido y fraternal saludo de fin de a\u00f1o a sus afiliados y afiliadas, deseando que estas fiestas permitan a las y los trabajadores estatales disfrutar con sus seres queridos.<\/p>\n<p>En estos d\u00edas donde terminamos un 2025 cargado de hechos que nos afectaron como trabajadores, con una enorme p\u00e9rdida de la capacidad adquisitiva de nuestros salarios, compa\u00f1eros y compa\u00f1eras despedidas, ajuste generalizado en el Estado, bajos salarios y p\u00e9simas condiciones de trabajo tanto a nivel nacional, como provincial y municipal, reafirmamos el compromiso de mantener en pie las banderas hist\u00f3ricas de ATE: la construcci\u00f3n de un camino de unidad de los trabajadores, siempre en la defensa de nuestros derechos.<\/p>\n<p>Este compromiso incluye tambi\u00e9n a nuestros compa\u00f1eros jubilados, trat\u00e1ndose de uno de los sectores m\u00e1s castigados por la pol\u00edtica de ajuste del Gobierno libertario, as\u00ed del Gobierno de C\u00f3rdoba que impone un ajuste, v\u00eda aumento de los aportes a la Caja de Jubilaciones de la Provincial.<\/p>\n<p>A pesar de la restricci\u00f3n impuesta por la brutal crisis econ\u00f3mica que nos toca atravesar a todos los argentinos, el ajuste y el crecimiento alarmante de la pobreza, desde ATE seguiremos defendiendo el trabajo de los estatales en el 2026.<\/p>\n","protected":false},"excerpt":{"rendered":"<p>El Consejo Directivo Provincial de ATE C\u00f3rdoba env\u00eda un c\u00e1lido y fraternal saludo de fin de a\u00f1o a sus afiliados y afiliadas, deseando que estas fiestas permitan a las y los trabajadores estatales disfrutar con sus seres queridos. En estos d\u00edas donde terminamos un 2025 cargado de hechos que nos afectaron como trabajadores, con una [&hellip;]<\/p>\n","protected":false},"author":7,"featured_media":52119,"comment_status":"open","ping_status":"open","sticky":false,"template":"","format":"standard","meta":{"_exactmetrics_skip_tracking":false,"_exactmetrics_sitenote_active":false,"_exactmetrics_sitenote_note":"","_exactmetrics_sitenote_category":0,"jnews-multi-image_gallery":[],"jnews_single_post":{"format":"standard","override":[{"template":"1","parallax":"1","fullscreen":"1","layout":"no-sidebar-narrow","sidebar":"default-sidebar","second_sidebar":"default-sidebar","sticky_sidebar":"1","share_position":"bottom","share_float_style":"share-monocrhome","show_share_counter":"1","show_view_counter":"1","show_post_meta":"1","show_post_author_image":"1","show_post_date":"1","post_date_format":"default","post_date_format_custom":"Y\/m\/d","show_post_category":"1","show_post_reading_time":"0","post_reading_time_wpm":"300","post_calculate_word_method":"str_word_count","show_zoom_button":"0","zoom_button_out_step":"2","zoom_button_in_step":"3","show_post_tag":"1","number_popup_post":"1","show_post_related":"1","show_inline_post_related":"0"}],"image_override":[{"single_post_thumbnail_size":"crop-500","single_post_gallery_size":"crop-500"}],"trending_post_position":"meta","trending_post_label":"Trending","sponsored_post_label":"Sponsored by","disable_ad":"0"},"jnews_primary_category":[],"jnews_social_meta":[],"jnews_review":[],"enable_review":"","type":"percentage","name":"","summary":"","brand":"","sku":"","good":[],"bad":[],"score_override":"","override_value":"","rating":[],"price":[],"jnews_override_counter":{"view_counter_number":"0","share_counter_number":"0","like_counter_number":"0","dislike_counter_number":"0"},"jnews_post_split":{"post_split":[{"template":"1","tag":"h2","numbering":"asc","mode":"normal","first":"0","enable_toc":"0","toc_type":"normal"}]},"footnotes":""},"categories":[341],"tags":[],"class_list":["post-52118","post","type-post","status-publish","format-standard","has-post-thumbnail","hentry","category-cdp"],"jetpack_featured_media_url":"https:\/\/atecordoba.org\/wp-content\/uploads\/2025\/12\/flyer-feliz-navidad.png","_links":{"self":[{"href":"https:\/\/atecordoba.org\/index.php?rest_route=\/wp\/v2\/posts\/52118","targetHints":{"allow":["GET"]}}],"collection":[{"href":"https:\/\/atecordoba.org\/index.php?rest_route=\/wp\/v2\/posts"}],"about":[{"href":"https:\/\/atecordoba.org\/index.php?rest_route=\/wp\/v2\/types\/post"}],"author":[{"embeddable":true,"href":"https:\/\/atecordoba.org\/index.php?rest_route=\/wp\/v2\/users\/7"}],"replies":[{"embeddable":true,"href":"https:\/\/atecordoba.org\/index.php?rest_route=%2Fwp%2Fv2%2Fcomments&post=52118"}],"version-history":[{"count":2,"href":"https:\/\/atecordoba.org\/index.php?rest_route=\/wp\/v2\/posts\/52118\/revisions"}],"predecessor-version":[{"id":52121,"href":"https:\/\/atecordoba.org\/index.php?rest_route=\/wp\/v2\/posts\/52118\/revisions\/52121"}],"wp:featuredmedia":[{"embeddable":true,"href":"https:\/\/atecordoba.org\/index.php?rest_route=\/wp\/v2\/media\/52119"}],"wp:attachment":[{"href":"https:\/\/atecordoba.org\/index.php?rest_route=%2Fwp%2Fv2%2Fmedia&parent=52118"}],"wp:term":[{"taxonomy":"category","embeddable":true,"href":"https:\/\/atecordoba.org\/index.php?rest_route=%2Fwp%2Fv2%2Fcategories&post=52118"},{"taxonomy":"post_tag","embeddable":true,"href":"https:\/\/atecordoba.org\/index.php?rest_route=%2Fwp%2Fv2%2Ftags&post=52118"}],"curies":[{"name":"wp","href":"https:\/\/api.w.org\/{rel}","templated":true}]}}