{"id":52115,"date":"2025-12-22T11:56:12","date_gmt":"2025-12-22T14:56:12","guid":{"rendered":"https:\/\/atecordoba.org\/?p=52115"},"modified":"2025-12-22T11:56:12","modified_gmt":"2025-12-22T14:56:12","slug":"ate-solicito-el-pago-del-bono-navideno-a-municipios-del-interior-provincial","status":"publish","type":"post","link":"https:\/\/atecordoba.org\/?p=52115","title":{"rendered":"ATE solicit\u00f3 el pago del Bono Navide\u00f1o a municipios del interior provincial"},"content":{"rendered":"<p><img loading=\"lazy\" decoding=\"async\" class=\"aligncenter wp-image-52116 \" src=\"https:\/\/atecordoba.org\/wp-content\/uploads\/2025\/12\/banderola-municipales-1024x576.jpg\" alt=\"\" width=\"620\" height=\"349\" srcset=\"https:\/\/atecordoba.org\/wp-content\/uploads\/2025\/12\/banderola-municipales-1024x576.jpg 1024w, https:\/\/atecordoba.org\/wp-content\/uploads\/2025\/12\/banderola-municipales-300x169.jpg 300w, https:\/\/atecordoba.org\/wp-content\/uploads\/2025\/12\/banderola-municipales-768x432.jpg 768w, https:\/\/atecordoba.org\/wp-content\/uploads\/2025\/12\/banderola-municipales-750x422.jpg 750w, https:\/\/atecordoba.org\/wp-content\/uploads\/2025\/12\/banderola-municipales.jpg 1140w\" sizes=\"auto, (max-width: 620px) 100vw, 620px\" \/>Ante el fin del a\u00f1o corriente y atento a las necesidades salariales de las y los trabajadores municipales y sus familias, ATE C\u00f3rdoba solicit\u00f3 el pago de un bono navide\u00f1o para compensar la p\u00e9rdida de poder adquisitivo frente a la inflaci\u00f3n.<\/p>\n<p>La notificaci\u00f3n fue cursada a los municipios y comunas: La Paz, Mina Clavero, Villa Cura Brochero, Nono, Arroyo de los Patos, Alta Gracia, Villa Los Aromos, Valle de Anisacate, Tr\u00e1nsito, R\u00edo Ceballos, Agua de Oro y Los Hornillos.<\/p>\n<p>En tal sentido, ATE solicit\u00f3 que el monto del Bono Navide\u00f1o sea el equivalente al medio aguinaldo de manera de robustecer el poder de compra de los ingresos municipales, a los fines de garantizar que la mesa navide\u00f1a del personal municipal est\u00e9 bien servida dado los altos costos de los alimentos y que cada ni\u00f1o y ni\u00f1a tenga su merecido regalo estas fiestas.<\/p>\n<p>De esta manera, ATE contin\u00faa defendiendo los derechos de los y las municipales del interior provincial.<\/p>\n","protected":false},"excerpt":{"rendered":"<p>Ante el fin del a\u00f1o corriente y atento a las necesidades salariales de las y los trabajadores municipales y sus familias, ATE C\u00f3rdoba solicit\u00f3 el pago de un bono navide\u00f1o para compensar la p\u00e9rdida de poder adquisitivo frente a la inflaci\u00f3n. La notificaci\u00f3n fue cursada a los municipios y comunas: La Paz, Mina Clavero, Villa [&hellip;]<\/p>\n","protected":false},"author":7,"featured_media":52116,"comment_status":"open","ping_status":"open","sticky":false,"template":"","format":"standard","meta":{"_exactmetrics_skip_tracking":false,"_exactmetrics_sitenote_active":false,"_exactmetrics_sitenote_note":"","_exactmetrics_sitenote_category":0,"jnews-multi-image_gallery":[],"jnews_single_post":[],"jnews_primary_category":[],"jnews_social_meta":[],"jnews_review":[],"enable_review":"","type":"","name":"","summary":"","brand":"","sku":"","good":[],"bad":[],"score_override":"","override_value":"","rating":[],"price":[],"jnews_override_counter":[],"jnews_post_split":[],"footnotes":""},"categories":[20],"tags":[],"class_list":["post-52115","post","type-post","status-publish","format-standard","has-post-thumbnail","hentry","category-municipales"],"jetpack_featured_media_url":"https:\/\/atecordoba.org\/wp-content\/uploads\/2025\/12\/banderola-municipales.jpg","_links":{"self":[{"href":"https:\/\/atecordoba.org\/index.php?rest_route=\/wp\/v2\/posts\/52115","targetHints":{"allow":["GET"]}}],"collection":[{"href":"https:\/\/atecordoba.org\/index.php?rest_route=\/wp\/v2\/posts"}],"about":[{"href":"https:\/\/atecordoba.org\/index.php?rest_route=\/wp\/v2\/types\/post"}],"author":[{"embeddable":true,"href":"https:\/\/atecordoba.org\/index.php?rest_route=\/wp\/v2\/users\/7"}],"replies":[{"embeddable":true,"href":"https:\/\/atecordoba.org\/index.php?rest_route=%2Fwp%2Fv2%2Fcomments&post=52115"}],"version-history":[{"count":1,"href":"https:\/\/atecordoba.org\/index.php?rest_route=\/wp\/v2\/posts\/52115\/revisions"}],"predecessor-version":[{"id":52117,"href":"https:\/\/atecordoba.org\/index.php?rest_route=\/wp\/v2\/posts\/52115\/revisions\/52117"}],"wp:featuredmedia":[{"embeddable":true,"href":"https:\/\/atecordoba.org\/index.php?rest_route=\/wp\/v2\/media\/52116"}],"wp:attachment":[{"href":"https:\/\/atecordoba.org\/index.php?rest_route=%2Fwp%2Fv2%2Fmedia&parent=52115"}],"wp:term":[{"taxonomy":"category","embeddable":true,"href":"https:\/\/atecordoba.org\/index.php?rest_route=%2Fwp%2Fv2%2Fcategories&post=52115"},{"taxonomy":"post_tag","embeddable":true,"href":"https:\/\/atecordoba.org\/index.php?rest_route=%2Fwp%2Fv2%2Ftags&post=52115"}],"curies":[{"name":"wp","href":"https:\/\/api.w.org\/{rel}","templated":true}]}}