{"id":52108,"date":"2025-12-19T15:49:40","date_gmt":"2025-12-19T18:49:40","guid":{"rendered":"https:\/\/atecordoba.org\/?p=52108"},"modified":"2026-04-16T13:08:39","modified_gmt":"2026-04-16T16:08:39","slug":"dura-derrota-judicial-del-fiscal-de-aragon-en-su-cruzada-antisindical-contra-ate","status":"publish","type":"post","link":"https:\/\/atecordoba.org\/?p=52108","title":{"rendered":"Dura derrota judicial del fiscal De Aragon en su cruzada antisindical contra ATE"},"content":{"rendered":"<blockquote>\n<figure id=\"attachment_52103\" class=\"wp-caption aligncenter\" aria-describedby=\"caption-attachment-52103\"><img loading=\"lazy\" decoding=\"async\" class=\"wp-image-52103 size-full\" src=\"https:\/\/atecordoba.org\/wp-content\/uploads\/2025\/12\/fede-tribunales.jpeg\" alt=\"\" width=\"645\" height=\"1024\" data-pin-no-hover=\"true\" \/><figcaption id=\"caption-attachment-52103\" class=\"wp-caption-text\">Giuliani, en Tribunales. (archivo)<\/figcaption><\/figure>\n<\/blockquote>\n<p>En un nuevo rev\u00e9s para el fiscal provincial Ernesto De Arag\u00f3n, quien tiene a cargo el armado de causas en la justicia provincial contra nuestro secretario General Federico Giuliani en contexto de las protestas que ATE y la CTAA vienen llevando adelante en ejercicio de los m\u00e1s b\u00e1sicos derechos constitucionales, la C\u00e1mara de Apelaciones de C\u00f3rdoba orden\u00f3 que una causa impulsada por el funcionario, de comunicaci\u00f3n directa con el gobierno provincial, sea traspasada a la Justicia Federal, rechazando as\u00ed las pretensiones del fiscal de continuar a cargo del expediente.<\/p>\n<p>Se trata de la causa sustanciada a partir de la represi\u00f3n policial del 25 de mayo de 2024, en el contexto de la visita del presidente Javier Milei a la ciudad de C\u00f3rdoba.<img loading=\"lazy\" decoding=\"async\" class=\"alignright wp-image-52110 \" src=\"https:\/\/atecordoba.org\/wp-content\/uploads\/2025\/12\/sentencia-camara-reves-para-de-aragon-e1766170318691.jpeg\" alt=\"\" width=\"378\" height=\"478\" srcset=\"https:\/\/atecordoba.org\/wp-content\/uploads\/2025\/12\/sentencia-camara-reves-para-de-aragon-e1766170318691.jpeg 635w, https:\/\/atecordoba.org\/wp-content\/uploads\/2025\/12\/sentencia-camara-reves-para-de-aragon-e1766170318691-237x300.jpeg 237w\" sizes=\"auto, (max-width: 378px) 100vw, 378px\" \/><\/p>\n<p>En su af\u00e1n por agregarle a Giuliani nuevas imputaciones, en su alocada carrera de persecuci\u00f3n de nuestro secretario General, De Arag\u00f3n lo acus\u00f3 del delito de \u201cinstigaci\u00f3n publica para cometer delitos\u201d, art\u00edculo 209 y subsiguientes del C\u00f3digo Penal.<\/p>\n<p>\u201cYa sabemos que De Arag\u00f3n es un ariete de la persecuci\u00f3n judicial en mi contra y de otros dirigentes. Lo denunciamos p\u00fablicamente. De todas formas vivimos estos procesos con mucho orgullo y mucha fuerza, tenemos un reservorio moral muy grande. Seguimos diciendo que protestar no es un delito sino un derecho. Tambi\u00e9n tenemos legitimidad porque luchar por una vida digna para nuestra gente nos lo da y que seguiremos estando permanentemente en la calle\u201d, dijo Giuliano en respuesta al fiscal.<\/p>\n<p>Por dicha causa, y en un ejercicio desproporcionado de la persecuci\u00f3n judicial, el fiscal orden\u00f3 allanamientos en la sede de la seccional ATE R\u00edo Cuarto y en el domicilio particular de Giuliani, secuestr\u00e1ndole su tel\u00e9fono celular particular y el de su hijo m\u00e1s chico, un ni\u00f1o que lo utilizaba para s\u00ed mismo y no para organizar ning\u00fan delito como la afiebrada cabeza del fiscal pudo sospechar. Tambi\u00e9n le impuso una cauci\u00f3n de 10 millones de pesos para mantener la libertad mientras continuaba las actuaciones.<\/p>\n<p>\u201cResulta que el fiscal le imputa a Giuliani un delito establecido en el articulo 33, que es de orden federal. Es decir que De Arag\u00f3n pretendi\u00f3 llevar a juicio a Federico por un delito para el que no es competente. Se lo dijimos desde la defensa, despu\u00e9s se lo dijo la jueza de Control, que nos dio la raz\u00f3n en primera instancia, y ahora se lo dice la C\u00e1mara de Apelaciones\u201d, detall\u00f3 el abogado Claudio Orosz, a cargo de la defensa de Giuliani.<\/p>\n<figure id=\"attachment_52104\" class=\"wp-caption aligncenter\" aria-describedby=\"caption-attachment-52104\"><img loading=\"lazy\" decoding=\"async\" class=\"wp-image-52104 \" src=\"https:\/\/atecordoba.org\/wp-content\/uploads\/2025\/12\/de-aragon.jpg\" srcset=\"https:\/\/atecordoba.org\/wp-content\/uploads\/2025\/12\/de-aragon.jpg 1200w, https:\/\/atecordoba.org\/wp-content\/uploads\/2025\/12\/de-aragon-300x211.jpg 300w, https:\/\/atecordoba.org\/wp-content\/uploads\/2025\/12\/de-aragon-1024x721.jpg 1024w, https:\/\/atecordoba.org\/wp-content\/uploads\/2025\/12\/de-aragon-768x541.jpg 768w, https:\/\/atecordoba.org\/wp-content\/uploads\/2025\/12\/de-aragon-120x86.jpg 120w, https:\/\/atecordoba.org\/wp-content\/uploads\/2025\/12\/de-aragon-750x528.jpg 750w, https:\/\/atecordoba.org\/wp-content\/uploads\/2025\/12\/de-aragon-1140x803.jpg 1140w\" alt=\"\" width=\"616\" height=\"434\" data-pin-no-hover=\"true\" \/><figcaption id=\"caption-attachment-52104\" class=\"wp-caption-text\">Fiscal Ernesto De Arag\u00f3n (foto gentileza Revista El Sur)<\/figcaption><\/figure>\n<p>Cabe mencionar que De Arag\u00f3n est\u00e1 denunciado penalmente por Giuliani a ra\u00edz de la represi\u00f3n en una marcha a la Municipalidad de C\u00f3rdoba, donde fue detenido y sometido a vej\u00e1menes por la polic\u00eda, al punto de sufrir la quebradura de un brazo.<\/p>\n<p>Adem\u00e1s, se trata de un segundo rev\u00e9s que le impone la C\u00e1mara de Acusaci\u00f3n a De Arag\u00f3n, despu\u00e9s de sobreseer a Giuliani, y otros dirigentes sociales, en otra causa armada por el fiscal, donde pidi\u00f3 su elevaci\u00f3n a juicio luego de procesarlo por \u201centorpecimiento al transporte\u201d en la jornada de protestas piqueteras de la Marcha Contra el Hambre, que se realiz\u00f3 en 2023. Para la C\u00e1mara \u201c\u2026Es indiscutible el derecho de los ciudadanos a transitar por el territorio argentino, a reunirse y a peticionar a las autoridades (art. 14 de la Constituci\u00f3n Nacional), en cuyo marco se ejerce, o en s\u00ed mismo consiste, el derecho a manifestar sus opiniones y reclamos en la v\u00eda p\u00fablica\u201d.<\/p>\n<p>Ahora el mismo tribunal rechaza otra causa armada por De Arag\u00f3n y le impone que derive el expediente a la Justicia Federal.<\/p>\n","protected":false},"excerpt":{"rendered":"<p>Giuliani, en Tribunales. (archivo) En un nuevo rev\u00e9s para el fiscal provincial Ernesto De Arag\u00f3n, quien tiene a cargo el armado de causas en la justicia provincial contra nuestro secretario General Federico Giuliani en contexto de las protestas que ATE y la CTAA vienen llevando adelante en ejercicio de los m\u00e1s b\u00e1sicos derechos constitucionales, la [&hellip;]<\/p>\n","protected":false},"author":7,"featured_media":52103,"comment_status":"open","ping_status":"open","sticky":false,"template":"","format":"standard","meta":{"_exactmetrics_skip_tracking":false,"_exactmetrics_sitenote_active":false,"_exactmetrics_sitenote_note":"","_exactmetrics_sitenote_category":0,"jnews-multi-image_gallery":[],"jnews_single_post":{"format":"standard","override":[{"template":"1","parallax":"1","fullscreen":"1","layout":"no-sidebar-narrow","sidebar":"default-sidebar","second_sidebar":"default-sidebar","sticky_sidebar":"1","share_position":"bottom","share_float_style":"share-monocrhome","show_share_counter":"1","show_view_counter":"1","show_post_meta":"1","show_post_author_image":"1","show_post_date":"1","post_date_format":"default","post_date_format_custom":"Y\/m\/d","show_post_category":"1","show_post_reading_time":"0","post_reading_time_wpm":"300","post_calculate_word_method":"str_word_count","show_zoom_button":"0","zoom_button_out_step":"2","zoom_button_in_step":"3","show_post_tag":"1","number_popup_post":"1","show_post_related":"1","show_inline_post_related":"0"}],"image_override":[{"single_post_thumbnail_size":"crop-500","single_post_gallery_size":"crop-500"}],"trending_post_position":"meta","trending_post_label":"Trending","sponsored_post_label":"Sponsored by","disable_ad":"0"},"jnews_primary_category":[],"jnews_social_meta":[],"jnews_review":[],"enable_review":"","type":"percentage","name":"","summary":"","brand":"","sku":"","good":[],"bad":[],"score_override":"","override_value":"","rating":[],"price":[],"jnews_override_counter":{"view_counter_number":"0","share_counter_number":"0","like_counter_number":"0","dislike_counter_number":"0"},"jnews_post_split":{"post_split":[{"template":"1","tag":"h2","numbering":"asc","mode":"normal","first":"0","enable_toc":"0","toc_type":"normal"}]},"footnotes":""},"categories":[341],"tags":[],"class_list":["post-52108","post","type-post","status-publish","format-standard","has-post-thumbnail","hentry","category-cdp"],"jetpack_featured_media_url":"https:\/\/atecordoba.org\/wp-content\/uploads\/2025\/12\/fede-tribunales-e1766169601928.jpeg","_links":{"self":[{"href":"https:\/\/atecordoba.org\/index.php?rest_route=\/wp\/v2\/posts\/52108","targetHints":{"allow":["GET"]}}],"collection":[{"href":"https:\/\/atecordoba.org\/index.php?rest_route=\/wp\/v2\/posts"}],"about":[{"href":"https:\/\/atecordoba.org\/index.php?rest_route=\/wp\/v2\/types\/post"}],"author":[{"embeddable":true,"href":"https:\/\/atecordoba.org\/index.php?rest_route=\/wp\/v2\/users\/7"}],"replies":[{"embeddable":true,"href":"https:\/\/atecordoba.org\/index.php?rest_route=%2Fwp%2Fv2%2Fcomments&post=52108"}],"version-history":[{"count":6,"href":"https:\/\/atecordoba.org\/index.php?rest_route=\/wp\/v2\/posts\/52108\/revisions"}],"predecessor-version":[{"id":53343,"href":"https:\/\/atecordoba.org\/index.php?rest_route=\/wp\/v2\/posts\/52108\/revisions\/53343"}],"wp:featuredmedia":[{"embeddable":true,"href":"https:\/\/atecordoba.org\/index.php?rest_route=\/wp\/v2\/media\/52103"}],"wp:attachment":[{"href":"https:\/\/atecordoba.org\/index.php?rest_route=%2Fwp%2Fv2%2Fmedia&parent=52108"}],"wp:term":[{"taxonomy":"category","embeddable":true,"href":"https:\/\/atecordoba.org\/index.php?rest_route=%2Fwp%2Fv2%2Fcategories&post=52108"},{"taxonomy":"post_tag","embeddable":true,"href":"https:\/\/atecordoba.org\/index.php?rest_route=%2Fwp%2Fv2%2Ftags&post=52108"}],"curies":[{"name":"wp","href":"https:\/\/api.w.org\/{rel}","templated":true}]}}