{"id":52077,"date":"2025-12-19T12:26:33","date_gmt":"2025-12-19T15:26:33","guid":{"rendered":"https:\/\/atecordoba.org\/?p=52077"},"modified":"2025-12-19T12:26:33","modified_gmt":"2025-12-19T15:26:33","slug":"criminalizacion-de-la-protesta-se-extiende-la-solidaridad-internacional-ate-y-ctaa-cordoba-se-reunen-en-euzkal-herria-con-el-partido-vasco-de-la-izquierda-nacional-ehbildu","status":"publish","type":"post","link":"https:\/\/atecordoba.org\/?p=52077","title":{"rendered":"Criminalizaci\u00f3n de la Protesta: se extiende la solidaridad internacional ATE y CTAA C\u00f3rdoba se re\u00fanen en Euzkal Herria con el partido vasco de la izquierda nacional EHBildu"},"content":{"rendered":"<p><img loading=\"lazy\" decoding=\"async\" class=\"aligncenter wp-image-52064 \" src=\"https:\/\/atecordoba.org\/wp-content\/uploads\/2025\/12\/WhatsApp-Image-2025-12-19-at-10.05.15-1-1024x576.jpeg\" srcset=\"https:\/\/atecordoba.org\/wp-content\/uploads\/2025\/12\/WhatsApp-Image-2025-12-19-at-10.05.15-1-1024x576.jpeg 1024w, https:\/\/atecordoba.org\/wp-content\/uploads\/2025\/12\/WhatsApp-Image-2025-12-19-at-10.05.15-1-300x169.jpeg 300w, https:\/\/atecordoba.org\/wp-content\/uploads\/2025\/12\/WhatsApp-Image-2025-12-19-at-10.05.15-1-768x432.jpeg 768w, https:\/\/atecordoba.org\/wp-content\/uploads\/2025\/12\/WhatsApp-Image-2025-12-19-at-10.05.15-1-750x422.jpeg 750w, https:\/\/atecordoba.org\/wp-content\/uploads\/2025\/12\/WhatsApp-Image-2025-12-19-at-10.05.15-1-1140x641.jpeg 1140w, https:\/\/atecordoba.org\/wp-content\/uploads\/2025\/12\/WhatsApp-Image-2025-12-19-at-10.05.15-1.jpeg 1280w\" alt=\"\" width=\"610\" height=\"343\" data-pin-no-hover=\"true\" \/>El secretario General de ATE C\u00f3rdoba y secretario General de la CTAA Provincia de C\u00f3rdoba, Federico Giuliani, mantuvo una reuni\u00f3n en el pa\u00eds vasco con la formaci\u00f3n pol\u00edtica EHBildu, expresi\u00f3n de la izquierda nacional en Euzkal Herria.<\/p>\n<p>Giuliani estuvo reunido con el Coordinador de Relaciones Internacionales de EH Bildu, German Setien, donde el compa\u00f1ero expres\u00f3 la solidaridad del pueblo vasco con nuestra organizaci\u00f3n sindical, frente al acoso judicial con que el gobierno de Mart\u00edn Llaryora somete a nuestro secretario General, en l\u00ednea a la pol\u00edtica antisindical y la criminalizaci\u00f3n de la protesta social en Argentina que impone el gobierno de Javier Milei.<\/p>\n<p>Vale se\u00f1alar que Giuliani enfrenta numerosas causas penales por encabezar movilizaciones en C\u00f3rdoba en reclamo de alimentos para las barriadas populares que sufren el feroz ajuste de la gesti\u00f3n libertaria y el cordobesismo.<\/p>\n<p>El secretario General de ATE viene logrando los \u00faltimos tiempos una importante cantidad de apoyos en Euzkal Herria a nivel pol\u00edtico, sindical y social, exponiendo el incumplimiento del Estado cordob\u00e9s y el Gobierno Nacional del derecho constitucional a la protesta en la Argentina.<\/p>\n","protected":false},"excerpt":{"rendered":"<p>El secretario General de ATE C\u00f3rdoba y secretario General de la CTAA Provincia de C\u00f3rdoba, Federico Giuliani, mantuvo una reuni\u00f3n en el pa\u00eds vasco con la formaci\u00f3n pol\u00edtica EHBildu, expresi\u00f3n de la izquierda nacional en Euzkal Herria. Giuliani estuvo reunido con el Coordinador de Relaciones Internacionales de EH Bildu, German Setien, donde el compa\u00f1ero expres\u00f3 [&hellip;]<\/p>\n","protected":false},"author":7,"featured_media":52064,"comment_status":"open","ping_status":"open","sticky":false,"template":"","format":"standard","meta":{"_exactmetrics_skip_tracking":false,"_exactmetrics_sitenote_active":false,"_exactmetrics_sitenote_note":"","_exactmetrics_sitenote_category":0,"jnews-multi-image_gallery":[],"jnews_single_post":[],"jnews_primary_category":[],"jnews_social_meta":[],"jnews_review":[],"enable_review":"","type":"","name":"","summary":"","brand":"","sku":"","good":[],"bad":[],"score_override":"","override_value":"","rating":[],"price":[],"jnews_override_counter":[],"jnews_post_split":[],"footnotes":""},"categories":[10,108],"tags":[],"class_list":["post-52077","post","type-post","status-publish","format-standard","has-post-thumbnail","hentry","category-accion-politica","category-internacional"],"jetpack_featured_media_url":"https:\/\/atecordoba.org\/wp-content\/uploads\/2025\/12\/WhatsApp-Image-2025-12-19-at-10.05.15-1.jpeg","_links":{"self":[{"href":"https:\/\/atecordoba.org\/index.php?rest_route=\/wp\/v2\/posts\/52077","targetHints":{"allow":["GET"]}}],"collection":[{"href":"https:\/\/atecordoba.org\/index.php?rest_route=\/wp\/v2\/posts"}],"about":[{"href":"https:\/\/atecordoba.org\/index.php?rest_route=\/wp\/v2\/types\/post"}],"author":[{"embeddable":true,"href":"https:\/\/atecordoba.org\/index.php?rest_route=\/wp\/v2\/users\/7"}],"replies":[{"embeddable":true,"href":"https:\/\/atecordoba.org\/index.php?rest_route=%2Fwp%2Fv2%2Fcomments&post=52077"}],"version-history":[{"count":1,"href":"https:\/\/atecordoba.org\/index.php?rest_route=\/wp\/v2\/posts\/52077\/revisions"}],"predecessor-version":[{"id":52078,"href":"https:\/\/atecordoba.org\/index.php?rest_route=\/wp\/v2\/posts\/52077\/revisions\/52078"}],"wp:featuredmedia":[{"embeddable":true,"href":"https:\/\/atecordoba.org\/index.php?rest_route=\/wp\/v2\/media\/52064"}],"wp:attachment":[{"href":"https:\/\/atecordoba.org\/index.php?rest_route=%2Fwp%2Fv2%2Fmedia&parent=52077"}],"wp:term":[{"taxonomy":"category","embeddable":true,"href":"https:\/\/atecordoba.org\/index.php?rest_route=%2Fwp%2Fv2%2Fcategories&post=52077"},{"taxonomy":"post_tag","embeddable":true,"href":"https:\/\/atecordoba.org\/index.php?rest_route=%2Fwp%2Fv2%2Ftags&post=52077"}],"curies":[{"name":"wp","href":"https:\/\/api.w.org\/{rel}","templated":true}]}}