{"id":52057,"date":"2025-12-19T10:57:17","date_gmt":"2025-12-19T13:57:17","guid":{"rendered":"https:\/\/atecordoba.org\/?p=52057"},"modified":"2025-12-19T10:57:17","modified_gmt":"2025-12-19T13:57:17","slug":"solidaridad-internacional-giuliani-firma-un-convenio-de-hermanamiento-con-el-sindicato-vasco-lab-bizkaia","status":"publish","type":"post","link":"https:\/\/atecordoba.org\/?p=52057","title":{"rendered":"Solidaridad Internacional: Giuliani firma un convenio de hermanamiento con el sindicato vasco LAB-Bizkaia"},"content":{"rendered":"<p><img loading=\"lazy\" decoding=\"async\" class=\"aligncenter wp-image-52058 \" src=\"https:\/\/atecordoba.org\/wp-content\/uploads\/2025\/12\/WhatsApp-Image-2025-12-19-at-09.31.43-1-1024x576.jpeg\" alt=\"\" width=\"618\" height=\"348\" srcset=\"https:\/\/atecordoba.org\/wp-content\/uploads\/2025\/12\/WhatsApp-Image-2025-12-19-at-09.31.43-1-1024x576.jpeg 1024w, https:\/\/atecordoba.org\/wp-content\/uploads\/2025\/12\/WhatsApp-Image-2025-12-19-at-09.31.43-1-300x169.jpeg 300w, https:\/\/atecordoba.org\/wp-content\/uploads\/2025\/12\/WhatsApp-Image-2025-12-19-at-09.31.43-1-768x432.jpeg 768w, https:\/\/atecordoba.org\/wp-content\/uploads\/2025\/12\/WhatsApp-Image-2025-12-19-at-09.31.43-1-1536x864.jpeg 1536w, https:\/\/atecordoba.org\/wp-content\/uploads\/2025\/12\/WhatsApp-Image-2025-12-19-at-09.31.43-1-750x422.jpeg 750w, https:\/\/atecordoba.org\/wp-content\/uploads\/2025\/12\/WhatsApp-Image-2025-12-19-at-09.31.43-1-1140x641.jpeg 1140w, https:\/\/atecordoba.org\/wp-content\/uploads\/2025\/12\/WhatsApp-Image-2025-12-19-at-09.31.43-1.jpeg 1600w\" sizes=\"auto, (max-width: 618px) 100vw, 618px\" \/>En el marco del a campa\u00f1a internacional de solidaridad contra la criminalizaci\u00f3n y judicializaci\u00f3n de la protesta social en C\u00f3rdoba y Argentina, el secretario General de ATE C\u00f3rdoba, Federico Giuliani, suscribi\u00f3 un &#8220;convenio de hermanamiento&#8221; entre nuestra organizaci\u00f3n sindical y la central sindical vasca LAB-Bizkaia, de Euskal Herria.<\/p>\n<p>El acuerdo se basa en la la reafirmaci\u00f3n del compromiso con el respeto del derecho inviolable de autodeterminaci\u00f3n de los pueblos y los derechos inalienables de las personas.<img loading=\"lazy\" decoding=\"async\" class=\"aligncenter wp-image-52059 \" src=\"https:\/\/atecordoba.org\/wp-content\/uploads\/2025\/12\/WhatsApp-Image-2025-12-19-at-09.31.43-2-1024x576.jpeg\" alt=\"\" width=\"604\" height=\"340\" srcset=\"https:\/\/atecordoba.org\/wp-content\/uploads\/2025\/12\/WhatsApp-Image-2025-12-19-at-09.31.43-2-1024x576.jpeg 1024w, https:\/\/atecordoba.org\/wp-content\/uploads\/2025\/12\/WhatsApp-Image-2025-12-19-at-09.31.43-2-300x169.jpeg 300w, https:\/\/atecordoba.org\/wp-content\/uploads\/2025\/12\/WhatsApp-Image-2025-12-19-at-09.31.43-2-768x432.jpeg 768w, https:\/\/atecordoba.org\/wp-content\/uploads\/2025\/12\/WhatsApp-Image-2025-12-19-at-09.31.43-2-1536x864.jpeg 1536w, https:\/\/atecordoba.org\/wp-content\/uploads\/2025\/12\/WhatsApp-Image-2025-12-19-at-09.31.43-2-750x422.jpeg 750w, https:\/\/atecordoba.org\/wp-content\/uploads\/2025\/12\/WhatsApp-Image-2025-12-19-at-09.31.43-2-1140x641.jpeg 1140w, https:\/\/atecordoba.org\/wp-content\/uploads\/2025\/12\/WhatsApp-Image-2025-12-19-at-09.31.43-2.jpeg 1600w\" sizes=\"auto, (max-width: 604px) 100vw, 604px\" \/><\/p>\n<p>&#8220;Reconociendo que la ecointerdependencia creciente de nuestras sociedades necesita de un nuevo modelo de relaciones internacionales como base de la una paz duradera&#8221; y &#8220;convencidos de que los v\u00ednculos que unen C\u00f3rdoba y Bizkaia (una de las provincias que conforman Euskal Herria) contribuyen a fomentar la organizaci\u00f3n de contra-poder de las y los trabajadores, sellamos el compromiso de favorecer y apoyar los intercambios entre nuestros compa\u00f1eros\u00a0 y compa\u00f1eras para desarrollar una relaci\u00f3n eficaz en un clima de confianza y apoyo mutuo&#8221;, se\u00f1ala el documento que formaliza el convenio.<\/p>\n<p>Dicho compromiso\u00a0 se propone, &#8220;promover, a trav\u00e9s de din\u00e1micas conjuntas y nuestra cooperaci\u00f3n, los valores universales que constituyen la libertad de los pueblos, la igualdad entre las personas y la democracia real&#8221;.<\/p>\n<p>&#8220;Tomando como base la vocaci\u00f3n de favorecer relaciones de amistad, confianza mutua y solidaridad entre las provincias C\u00f3rdoba y Bizkaia, se firma el presente hermanamiento entre ambos pueblos como expresi\u00f3n de un nuevo punto de partida para intercambios de experiencias revolucionarias y siempre conjuntas de nuestras luchas&#8221;, concluye el documento, firmado en la sede de LAB Bilbao.<\/p>\n<p><img loading=\"lazy\" decoding=\"async\" class=\"aligncenter wp-image-52060 \" src=\"https:\/\/atecordoba.org\/wp-content\/uploads\/2025\/12\/WhatsApp-Image-2025-12-19-at-09.31.42-754x1024.jpeg\" alt=\"\" width=\"622\" height=\"845\" srcset=\"https:\/\/atecordoba.org\/wp-content\/uploads\/2025\/12\/WhatsApp-Image-2025-12-19-at-09.31.42-754x1024.jpeg 754w, https:\/\/atecordoba.org\/wp-content\/uploads\/2025\/12\/WhatsApp-Image-2025-12-19-at-09.31.42-221x300.jpeg 221w, https:\/\/atecordoba.org\/wp-content\/uploads\/2025\/12\/WhatsApp-Image-2025-12-19-at-09.31.42-768x1043.jpeg 768w, https:\/\/atecordoba.org\/wp-content\/uploads\/2025\/12\/WhatsApp-Image-2025-12-19-at-09.31.42-750x1019.jpeg 750w, https:\/\/atecordoba.org\/wp-content\/uploads\/2025\/12\/WhatsApp-Image-2025-12-19-at-09.31.42.jpeg 887w\" sizes=\"auto, (max-width: 622px) 100vw, 622px\" \/><\/p>\n<p>&nbsp;<\/p>\n","protected":false},"excerpt":{"rendered":"<p>En el marco del a campa\u00f1a internacional de solidaridad contra la criminalizaci\u00f3n y judicializaci\u00f3n de la protesta social en C\u00f3rdoba y Argentina, el secretario General de ATE C\u00f3rdoba, Federico Giuliani, suscribi\u00f3 un &#8220;convenio de hermanamiento&#8221; entre nuestra organizaci\u00f3n sindical y la central sindical vasca LAB-Bizkaia, de Euskal Herria. El acuerdo se basa en la la [&hellip;]<\/p>\n","protected":false},"author":7,"featured_media":52059,"comment_status":"open","ping_status":"open","sticky":false,"template":"","format":"standard","meta":{"_exactmetrics_skip_tracking":false,"_exactmetrics_sitenote_active":false,"_exactmetrics_sitenote_note":"","_exactmetrics_sitenote_category":0,"jnews-multi-image_gallery":[],"jnews_single_post":[],"jnews_primary_category":[],"jnews_social_meta":[],"jnews_review":[],"enable_review":"","type":"","name":"","summary":"","brand":"","sku":"","good":[],"bad":[],"score_override":"","override_value":"","rating":[],"price":[],"jnews_override_counter":[],"jnews_post_split":[],"footnotes":""},"categories":[10,108],"tags":[],"class_list":["post-52057","post","type-post","status-publish","format-standard","has-post-thumbnail","hentry","category-accion-politica","category-internacional"],"jetpack_featured_media_url":"https:\/\/atecordoba.org\/wp-content\/uploads\/2025\/12\/WhatsApp-Image-2025-12-19-at-09.31.43-2.jpeg","_links":{"self":[{"href":"https:\/\/atecordoba.org\/index.php?rest_route=\/wp\/v2\/posts\/52057","targetHints":{"allow":["GET"]}}],"collection":[{"href":"https:\/\/atecordoba.org\/index.php?rest_route=\/wp\/v2\/posts"}],"about":[{"href":"https:\/\/atecordoba.org\/index.php?rest_route=\/wp\/v2\/types\/post"}],"author":[{"embeddable":true,"href":"https:\/\/atecordoba.org\/index.php?rest_route=\/wp\/v2\/users\/7"}],"replies":[{"embeddable":true,"href":"https:\/\/atecordoba.org\/index.php?rest_route=%2Fwp%2Fv2%2Fcomments&post=52057"}],"version-history":[{"count":1,"href":"https:\/\/atecordoba.org\/index.php?rest_route=\/wp\/v2\/posts\/52057\/revisions"}],"predecessor-version":[{"id":52061,"href":"https:\/\/atecordoba.org\/index.php?rest_route=\/wp\/v2\/posts\/52057\/revisions\/52061"}],"wp:featuredmedia":[{"embeddable":true,"href":"https:\/\/atecordoba.org\/index.php?rest_route=\/wp\/v2\/media\/52059"}],"wp:attachment":[{"href":"https:\/\/atecordoba.org\/index.php?rest_route=%2Fwp%2Fv2%2Fmedia&parent=52057"}],"wp:term":[{"taxonomy":"category","embeddable":true,"href":"https:\/\/atecordoba.org\/index.php?rest_route=%2Fwp%2Fv2%2Fcategories&post=52057"},{"taxonomy":"post_tag","embeddable":true,"href":"https:\/\/atecordoba.org\/index.php?rest_route=%2Fwp%2Fv2%2Ftags&post=52057"}],"curies":[{"name":"wp","href":"https:\/\/api.w.org\/{rel}","templated":true}]}}