{"id":51995,"date":"2025-12-17T15:05:44","date_gmt":"2025-12-17T18:05:44","guid":{"rendered":"https:\/\/atecordoba.org\/?p=51995"},"modified":"2025-12-17T15:07:14","modified_gmt":"2025-12-17T18:07:14","slug":"caja-de-jubilaciones-ate-movilizo-contra-los-aumentos-de-aportes-de-llaryora","status":"publish","type":"post","link":"https:\/\/atecordoba.org\/?p=51995","title":{"rendered":"Caja de Jubilaciones: ATE moviliz\u00f3 contra los aumentos de aportes de Llaryora"},"content":{"rendered":"<p><img loading=\"lazy\" decoding=\"async\" class=\"aligncenter wp-image-51996 \" src=\"https:\/\/atecordoba.org\/wp-content\/uploads\/2025\/12\/WhatsApp-Image-2025-12-17-at-13.41.16-1024x768.jpeg\" alt=\"\" width=\"607\" height=\"456\" srcset=\"https:\/\/atecordoba.org\/wp-content\/uploads\/2025\/12\/WhatsApp-Image-2025-12-17-at-13.41.16-1024x768.jpeg 1024w, https:\/\/atecordoba.org\/wp-content\/uploads\/2025\/12\/WhatsApp-Image-2025-12-17-at-13.41.16-300x225.jpeg 300w, https:\/\/atecordoba.org\/wp-content\/uploads\/2025\/12\/WhatsApp-Image-2025-12-17-at-13.41.16-768x576.jpeg 768w, https:\/\/atecordoba.org\/wp-content\/uploads\/2025\/12\/WhatsApp-Image-2025-12-17-at-13.41.16-750x563.jpeg 750w, https:\/\/atecordoba.org\/wp-content\/uploads\/2025\/12\/WhatsApp-Image-2025-12-17-at-13.41.16-1140x855.jpeg 1140w, https:\/\/atecordoba.org\/wp-content\/uploads\/2025\/12\/WhatsApp-Image-2025-12-17-at-13.41.16.jpeg 1280w\" sizes=\"auto, (max-width: 607px) 100vw, 607px\" \/>ATE llev\u00f3 a cabo hoy una movilizaci\u00f3n a la Legislatura para repudiar el proyecto oficial de aumento de los aportes previsionales a la Caja de Jubilaci\u00f3n, un verdadero robo a los bolsillos de las y los trabajadores provinciales y municipales de C\u00f3rdoba.<\/p>\n<p>La columna de estatales se sum\u00f3 a otros tantos gremios y organizaciones sociales que dijeron presente en rechazo a la iniciativa del Gobernador Mart\u00edn Llaryora, que los especialista tachan de inconstitucional y contraria a la jurisprudencia del Tribunal Superior de Justicia de la provincia y la Corte Suprema de Justicia de la Naci\u00f3n, debido a su car\u00e1cter regresivo.<img loading=\"lazy\" decoding=\"async\" class=\"aligncenter wp-image-51997 \" src=\"https:\/\/atecordoba.org\/wp-content\/uploads\/2025\/12\/WhatsApp-Image-2025-12-17-at-13.41.19.jpeg\" alt=\"\" width=\"622\" height=\"528\" srcset=\"https:\/\/atecordoba.org\/wp-content\/uploads\/2025\/12\/WhatsApp-Image-2025-12-17-at-13.41.19.jpeg 707w, https:\/\/atecordoba.org\/wp-content\/uploads\/2025\/12\/WhatsApp-Image-2025-12-17-at-13.41.19-300x255.jpeg 300w\" sizes=\"auto, (max-width: 622px) 100vw, 622px\" \/><\/p>\n<p>Frente a un desmedido operativo policial, que denunci\u00f3 la secretaria Adjunta de ATE C\u00f3rdoba, Gabriela Alcoba, la multitud rechaz\u00f3 el aumento de Llaryora, que va en l\u00ednea con el robo que el gobernador ya aplic\u00f3 a los y las trabajadoras con los incrementos de aportes en la APROSS, tambi\u00e9n en la agenda de reclamos.<\/p>\n<p>&#8220;No somos los trabajadores quienes vamos a pagar la crisis de la Caja, que es exclusiva responsabilidad del gobierno provincial y los municipales, por los bajos salarios que cobramos pero tambi\u00e9n por la alta precarizaci\u00f3n laboral en los municipios por los contratados, monotributistas o becas que los municipios utilizan a lo largo y ancho de la provincia.&#8221;, resumi\u00f3 Alcoba.<\/p>\n<p>A su turno, el secretario de Interior de ATE y trabajador provincial del Hospital Neonatal, Diego Chavez, fustig\u00f3 al cordobesismo al se\u00f1alar que &#8220;como trabajador de la salud estoy junto a las y los compa\u00f1eros denunciando el vaciamiento de la Caja, cuyo principal responsable es el gobernador Llaryora. Esto es resultado de la precarizaci\u00f3n absoluta en la Provincia, que implica la evasi\u00f3n de los aportes por parte del Estado provincial. Claramente hay una estrategia del gobierno con sus sindicatos obsecuentes que negocian paritarias a la baja y no piensas en los trabajadores provinciales&#8221;.<img loading=\"lazy\" decoding=\"async\" class=\"alignleft wp-image-51998 \" src=\"https:\/\/atecordoba.org\/wp-content\/uploads\/2025\/12\/WhatsApp-Image-2025-12-17-at-13.41.17-1024x576.jpeg\" alt=\"\" width=\"456\" height=\"257\" srcset=\"https:\/\/atecordoba.org\/wp-content\/uploads\/2025\/12\/WhatsApp-Image-2025-12-17-at-13.41.17-1024x576.jpeg 1024w, https:\/\/atecordoba.org\/wp-content\/uploads\/2025\/12\/WhatsApp-Image-2025-12-17-at-13.41.17-300x169.jpeg 300w, https:\/\/atecordoba.org\/wp-content\/uploads\/2025\/12\/WhatsApp-Image-2025-12-17-at-13.41.17-768x432.jpeg 768w, https:\/\/atecordoba.org\/wp-content\/uploads\/2025\/12\/WhatsApp-Image-2025-12-17-at-13.41.17-750x422.jpeg 750w, https:\/\/atecordoba.org\/wp-content\/uploads\/2025\/12\/WhatsApp-Image-2025-12-17-at-13.41.17-1140x641.jpeg 1140w, https:\/\/atecordoba.org\/wp-content\/uploads\/2025\/12\/WhatsApp-Image-2025-12-17-at-13.41.17.jpeg 1280w\" sizes=\"auto, (max-width: 456px) 100vw, 456px\" \/><\/p>\n<p>El desbalance de la Caja de Jubilaciones es resultado de las pol\u00edticas del\u00a0Estado provincial, que a trav\u00e9s de diversas medidas, tomadas sin contemplar la opini\u00f3n de los aportantes y los jubilados, fue transformando la composici\u00f3n de los activos y los pasivos. Esto incluye la aparici\u00f3n de un grupo privilegiado respecto a los ingresos de sus las jubilaciones, alejado absolutamente del resto.<\/p>\n<p>Por eso mismo, la secretaria de Prensa de ATE C\u00f3rdoba, Julia Giuliani, sentenci\u00f3 durante la marcha que &#8220;la Caja est\u00e1 totalmente desfinanciada por los distintos gobiernos de la provincia, claramente buscan dilatar la discusi\u00f3n para votar el aumento entre gallos y medianoches. Es una medida que afecta a los sectores m\u00e1s desprotegidos y vulnerables. Llaryora y Milei est\u00e1n en plena sinton\u00eda por eso lo que sucede a nivel nacional \u2013la entrega de nuestros recursos y salarios- tambi\u00e9n est\u00e1 siendo aplicada en C\u00f3rdoba&#8221;.<\/p>\n<p>Y concluy\u00f3: &#8220;nos someten a salarios de pobreza para financiar las pol\u00edticas como la pauta publicitaria de un gobierno provincial que hambrea y saquea el bolsillo de los laburantes&#8221;.<\/p>\n<div id='gallery_1' class='gallery galleryid-51995 gallery-columns-3 gallery-size-thumbnail'><figure class='gallery-item'>\n                <div class='gallery-icon portrait'>\n                    <a href='https:\/\/atecordoba.org\/wp-content\/uploads\/2025\/12\/WhatsApp-Image-2025-12-17-at-13.41.24.jpeg'><img loading=\"lazy\" decoding=\"async\" width=\"150\" height=\"150\" src=\"\" class=\"attachment-thumbnail size-thumbnail lazyload\" alt=\"\" data-src=\"https:\/\/atecordoba.org\/wp-content\/uploads\/2025\/12\/WhatsApp-Image-2025-12-17-at-13.41.24-150x150.jpeg\" data-sizes=\"auto\" data-srcset=\"https:\/\/atecordoba.org\/wp-content\/uploads\/2025\/12\/WhatsApp-Image-2025-12-17-at-13.41.24-150x150.jpeg 150w, https:\/\/atecordoba.org\/wp-content\/uploads\/2025\/12\/WhatsApp-Image-2025-12-17-at-13.41.24-560x560.jpeg 560w, https:\/\/atecordoba.org\/wp-content\/uploads\/2025\/12\/WhatsApp-Image-2025-12-17-at-13.41.24-75x75.jpeg 75w, https:\/\/atecordoba.org\/wp-content\/uploads\/2025\/12\/WhatsApp-Image-2025-12-17-at-13.41.24-350x350.jpeg 350w\" data-expand=\"700\" \/><\/a>\n                <\/div><\/figure><figure class='gallery-item'>\n                <div class='gallery-icon portrait'>\n                    <a href='https:\/\/atecordoba.org\/wp-content\/uploads\/2025\/12\/WhatsApp-Image-2025-12-17-at-13.41.17-2.jpeg'><img loading=\"lazy\" decoding=\"async\" width=\"150\" height=\"150\" src=\"\" class=\"attachment-thumbnail size-thumbnail lazyload\" alt=\"\" data-src=\"https:\/\/atecordoba.org\/wp-content\/uploads\/2025\/12\/WhatsApp-Image-2025-12-17-at-13.41.17-2-150x150.jpeg\" data-sizes=\"auto\" data-srcset=\"https:\/\/atecordoba.org\/wp-content\/uploads\/2025\/12\/WhatsApp-Image-2025-12-17-at-13.41.17-2-150x150.jpeg 150w, https:\/\/atecordoba.org\/wp-content\/uploads\/2025\/12\/WhatsApp-Image-2025-12-17-at-13.41.17-2-560x560.jpeg 560w, https:\/\/atecordoba.org\/wp-content\/uploads\/2025\/12\/WhatsApp-Image-2025-12-17-at-13.41.17-2-75x75.jpeg 75w, https:\/\/atecordoba.org\/wp-content\/uploads\/2025\/12\/WhatsApp-Image-2025-12-17-at-13.41.17-2-350x350.jpeg 350w\" data-expand=\"700\" \/><\/a>\n                <\/div><\/figure><figure class='gallery-item'>\n                <div class='gallery-icon portrait'>\n                    <a href='https:\/\/atecordoba.org\/wp-content\/uploads\/2025\/12\/WhatsApp-Image-2025-12-17-at-13.41.18-1.jpeg'><img loading=\"lazy\" decoding=\"async\" width=\"150\" height=\"150\" src=\"\" class=\"attachment-thumbnail size-thumbnail lazyload\" alt=\"\" data-src=\"https:\/\/atecordoba.org\/wp-content\/uploads\/2025\/12\/WhatsApp-Image-2025-12-17-at-13.41.18-1-150x150.jpeg\" data-sizes=\"auto\" data-srcset=\"https:\/\/atecordoba.org\/wp-content\/uploads\/2025\/12\/WhatsApp-Image-2025-12-17-at-13.41.18-1-150x150.jpeg 150w, https:\/\/atecordoba.org\/wp-content\/uploads\/2025\/12\/WhatsApp-Image-2025-12-17-at-13.41.18-1-560x560.jpeg 560w, https:\/\/atecordoba.org\/wp-content\/uploads\/2025\/12\/WhatsApp-Image-2025-12-17-at-13.41.18-1-75x75.jpeg 75w, https:\/\/atecordoba.org\/wp-content\/uploads\/2025\/12\/WhatsApp-Image-2025-12-17-at-13.41.18-1-350x350.jpeg 350w\" data-expand=\"700\" \/><\/a>\n                <\/div><\/figure><br style=\"clear: both\" \/><figure class='gallery-item'>\n                <div class='gallery-icon portrait'>\n                    <a href='https:\/\/atecordoba.org\/wp-content\/uploads\/2025\/12\/WhatsApp-Image-2025-12-17-at-13.41.18-2.jpeg'><img loading=\"lazy\" decoding=\"async\" width=\"150\" height=\"150\" src=\"\" class=\"attachment-thumbnail size-thumbnail lazyload\" alt=\"\" data-src=\"https:\/\/atecordoba.org\/wp-content\/uploads\/2025\/12\/WhatsApp-Image-2025-12-17-at-13.41.18-2-150x150.jpeg\" data-sizes=\"auto\" data-srcset=\"https:\/\/atecordoba.org\/wp-content\/uploads\/2025\/12\/WhatsApp-Image-2025-12-17-at-13.41.18-2-150x150.jpeg 150w, https:\/\/atecordoba.org\/wp-content\/uploads\/2025\/12\/WhatsApp-Image-2025-12-17-at-13.41.18-2-560x560.jpeg 560w, https:\/\/atecordoba.org\/wp-content\/uploads\/2025\/12\/WhatsApp-Image-2025-12-17-at-13.41.18-2-75x75.jpeg 75w, https:\/\/atecordoba.org\/wp-content\/uploads\/2025\/12\/WhatsApp-Image-2025-12-17-at-13.41.18-2-350x350.jpeg 350w\" data-expand=\"700\" \/><\/a>\n                <\/div><\/figure><figure class='gallery-item'>\n                <div class='gallery-icon portrait'>\n                    <a href='https:\/\/atecordoba.org\/wp-content\/uploads\/2025\/12\/WhatsApp-Image-2025-12-17-at-13.41.19-1.jpeg'><img loading=\"lazy\" decoding=\"async\" width=\"150\" height=\"150\" src=\"\" class=\"attachment-thumbnail size-thumbnail lazyload\" alt=\"\" data-src=\"https:\/\/atecordoba.org\/wp-content\/uploads\/2025\/12\/WhatsApp-Image-2025-12-17-at-13.41.19-1-150x150.jpeg\" data-sizes=\"auto\" data-srcset=\"https:\/\/atecordoba.org\/wp-content\/uploads\/2025\/12\/WhatsApp-Image-2025-12-17-at-13.41.19-1-150x150.jpeg 150w, https:\/\/atecordoba.org\/wp-content\/uploads\/2025\/12\/WhatsApp-Image-2025-12-17-at-13.41.19-1-560x560.jpeg 560w, https:\/\/atecordoba.org\/wp-content\/uploads\/2025\/12\/WhatsApp-Image-2025-12-17-at-13.41.19-1-75x75.jpeg 75w, https:\/\/atecordoba.org\/wp-content\/uploads\/2025\/12\/WhatsApp-Image-2025-12-17-at-13.41.19-1-350x350.jpeg 350w\" data-expand=\"700\" \/><\/a>\n                <\/div><\/figure><figure class='gallery-item'>\n                <div class='gallery-icon portrait'>\n                    <a href='https:\/\/atecordoba.org\/wp-content\/uploads\/2025\/12\/WhatsApp-Image-2025-12-17-at-13.41.20.jpeg'><img loading=\"lazy\" decoding=\"async\" width=\"150\" height=\"150\" src=\"\" class=\"attachment-thumbnail size-thumbnail lazyload\" alt=\"\" data-src=\"https:\/\/atecordoba.org\/wp-content\/uploads\/2025\/12\/WhatsApp-Image-2025-12-17-at-13.41.20-150x150.jpeg\" data-sizes=\"auto\" data-srcset=\"https:\/\/atecordoba.org\/wp-content\/uploads\/2025\/12\/WhatsApp-Image-2025-12-17-at-13.41.20-150x150.jpeg 150w, https:\/\/atecordoba.org\/wp-content\/uploads\/2025\/12\/WhatsApp-Image-2025-12-17-at-13.41.20-560x560.jpeg 560w, https:\/\/atecordoba.org\/wp-content\/uploads\/2025\/12\/WhatsApp-Image-2025-12-17-at-13.41.20-75x75.jpeg 75w, https:\/\/atecordoba.org\/wp-content\/uploads\/2025\/12\/WhatsApp-Image-2025-12-17-at-13.41.20-350x350.jpeg 350w\" data-expand=\"700\" \/><\/a>\n                <\/div><\/figure><br style=\"clear: both\" \/>\n            <\/div>\n\n","protected":false},"excerpt":{"rendered":"<p>ATE llev\u00f3 a cabo hoy una movilizaci\u00f3n a la Legislatura para repudiar el proyecto oficial de aumento de los aportes previsionales a la Caja de Jubilaci\u00f3n, un verdadero robo a los bolsillos de las y los trabajadores provinciales y municipales de C\u00f3rdoba. La columna de estatales se sum\u00f3 a otros tantos gremios y organizaciones sociales [&hellip;]<\/p>\n","protected":false},"author":7,"featured_media":51996,"comment_status":"open","ping_status":"open","sticky":false,"template":"","format":"standard","meta":{"_exactmetrics_skip_tracking":false,"_exactmetrics_sitenote_active":false,"_exactmetrics_sitenote_note":"","_exactmetrics_sitenote_category":0,"jnews-multi-image_gallery":[],"jnews_single_post":{"format":"standard","override":[{"template":"1","parallax":"1","fullscreen":"1","layout":"no-sidebar-narrow","sidebar":"default-sidebar","second_sidebar":"default-sidebar","sticky_sidebar":"1","share_position":"bottom","share_float_style":"share-monocrhome","show_share_counter":"1","show_view_counter":"1","show_post_meta":"1","show_post_author_image":"1","show_post_date":"1","post_date_format":"default","post_date_format_custom":"Y\/m\/d","show_post_category":"1","show_post_reading_time":"0","post_reading_time_wpm":"300","post_calculate_word_method":"str_word_count","show_zoom_button":"0","zoom_button_out_step":"2","zoom_button_in_step":"3","show_post_tag":"1","number_popup_post":"1","show_post_related":"1","show_inline_post_related":"0"}],"image_override":[{"single_post_thumbnail_size":"crop-500","single_post_gallery_size":"crop-500"}],"trending_post_position":"meta","trending_post_label":"Trending","sponsored_post_label":"Sponsored by","disable_ad":"0"},"jnews_primary_category":[],"jnews_social_meta":[],"jnews_review":[],"enable_review":"","type":"percentage","name":"","summary":"","brand":"","sku":"","good":[],"bad":[],"score_override":"","override_value":"","rating":[],"price":[],"jnews_override_counter":{"view_counter_number":"0","share_counter_number":"0","like_counter_number":"0","dislike_counter_number":"0"},"jnews_post_split":{"post_split":[{"template":"1","tag":"h2","numbering":"asc","mode":"normal","first":"0","enable_toc":"0","toc_type":"normal"}]},"footnotes":""},"categories":[20,8],"tags":[],"class_list":["post-51995","post","type-post","status-publish","format-standard","has-post-thumbnail","hentry","category-municipales","category-provinciales"],"jetpack_featured_media_url":"https:\/\/atecordoba.org\/wp-content\/uploads\/2025\/12\/WhatsApp-Image-2025-12-17-at-13.41.16.jpeg","_links":{"self":[{"href":"https:\/\/atecordoba.org\/index.php?rest_route=\/wp\/v2\/posts\/51995","targetHints":{"allow":["GET"]}}],"collection":[{"href":"https:\/\/atecordoba.org\/index.php?rest_route=\/wp\/v2\/posts"}],"about":[{"href":"https:\/\/atecordoba.org\/index.php?rest_route=\/wp\/v2\/types\/post"}],"author":[{"embeddable":true,"href":"https:\/\/atecordoba.org\/index.php?rest_route=\/wp\/v2\/users\/7"}],"replies":[{"embeddable":true,"href":"https:\/\/atecordoba.org\/index.php?rest_route=%2Fwp%2Fv2%2Fcomments&post=51995"}],"version-history":[{"count":3,"href":"https:\/\/atecordoba.org\/index.php?rest_route=\/wp\/v2\/posts\/51995\/revisions"}],"predecessor-version":[{"id":52007,"href":"https:\/\/atecordoba.org\/index.php?rest_route=\/wp\/v2\/posts\/51995\/revisions\/52007"}],"wp:featuredmedia":[{"embeddable":true,"href":"https:\/\/atecordoba.org\/index.php?rest_route=\/wp\/v2\/media\/51996"}],"wp:attachment":[{"href":"https:\/\/atecordoba.org\/index.php?rest_route=%2Fwp%2Fv2%2Fmedia&parent=51995"}],"wp:term":[{"taxonomy":"category","embeddable":true,"href":"https:\/\/atecordoba.org\/index.php?rest_route=%2Fwp%2Fv2%2Fcategories&post=51995"},{"taxonomy":"post_tag","embeddable":true,"href":"https:\/\/atecordoba.org\/index.php?rest_route=%2Fwp%2Fv2%2Ftags&post=51995"}],"curies":[{"name":"wp","href":"https:\/\/api.w.org\/{rel}","templated":true}]}}