{"id":51991,"date":"2025-12-17T10:25:34","date_gmt":"2025-12-17T13:25:34","guid":{"rendered":"https:\/\/atecordoba.org\/?p=51991"},"modified":"2025-12-17T10:25:34","modified_gmt":"2025-12-17T13:25:34","slug":"mas-solidaridad-internacional-la-juventud-comunista-de-cataluna-expreso-su-apoyo-a-federico-giuliani","status":"publish","type":"post","link":"https:\/\/atecordoba.org\/?p=51991","title":{"rendered":"M\u00e1s solidaridad internacional: la Juventud Comunista de Catalu\u00f1a expres\u00f3 su apoyo a Federico Giuliani"},"content":{"rendered":"<p><img loading=\"lazy\" decoding=\"async\" class=\"alignleft wp-image-51992 \" src=\"https:\/\/atecordoba.org\/wp-content\/uploads\/2025\/12\/fede-c_federacion-juventud-comunista-cataluna-768x1024.jpeg\" alt=\"\" width=\"400\" height=\"533\" \/>En otra expresi\u00f3n de solidaridad internacionalista de organizaciones pol\u00edticas y sociales contra la persecuci\u00f3n judicial contra nuestro secretario General, Federico Giuliani, la Juventud Comunista de Catalu\u00f1a expres\u00f3 su firme apoyo a la lucha por la protesta social en C\u00f3rdoba y Argentina.<\/p>\n<p>A continuaci\u00f3n, el comunicado de la organizaci\u00f3n, sus versiones en castellano y en catal\u00e1n:<\/p>\n<p>&#8220;El pasado s\u00e1bado nos reunimos con Federico Giuliani; desde la Juventud Comunista de Catalu\u00f1a queremos expresar nuestro m\u00e1s firme apoyo a su causa. Es un dirigente sindical y un referente de la clase trabajadora en C\u00f3rdoba (Argentina), que est\u00e1 siendo v\u00edctima de una ofensiva represiva y de una persecuci\u00f3n pol\u00edtica impulsada por el gobierno reaccionario de Javier Milei.<\/p>\n<p>El 28 de agosto, organizaciones sociales, sindicales y pol\u00edticas se movilizaron leg\u00edtimamente para denunciar el hambre, la miseria y la destrucci\u00f3n de derechos sociales que el gobierno de Milei ha impuesto a los sectores m\u00e1s vulnerables del pueblo argentino. Lejos de dar respuesta a las necesidades populares, el Estado respondi\u00f3 con una represi\u00f3n brutal, detenciones arbitrarias, heridos graves y una operaci\u00f3n medi\u00e1tico-judicial para intentar silenciar la protesta y criminalizar a quienes la lideran.<\/p>\n<p>En este contexto, se ha abierto una causa contra Federico Giuliani, secretario general de ATE (Asociaci\u00f3n de Trabajadores del Estado), acus\u00e1ndolo falsamente e intentando responsabilizarlo de una supuesta &#8220;instigaci\u00f3n a delitos&#8221;, cuando en realidad solo ejerc\u00eda su derecho a la protesta y defend\u00eda, como siempre ha hecho, los derechos de las trabajadoras y los trabajadores.<\/p>\n<p>Este ataque no es un hecho aislado: forma parte de una estrategia m\u00e1s amplia del gobierno de Milei para desmantelar el estado social, reprimir la organizaci\u00f3n popular y consolidar un proyecto ultraliberal, autoritario y dependiente de los intereses del capital internacional.<\/p>\n<p>\u00a1Luchemos juntas contra el neoliberalismo!&#8221;<\/p>\n<h5>En catal\u00e1n<\/h5>\n<p>&#8220;El passat dissabte ens varem reunir amb Federico Giuliani, des de la Joventut Comunista de Catalunya volem expressar el nostre m\u00e9s ferm suport al seu cas, dirigent sindical i referent de la classe treballadora a C\u00f2rdova (Argentina), que est\u00e0 sent v\u00edctima d&#8217;una ofensiva repressiva i d&#8217;una persecuci\u00f3 pol\u00edtica impulsada pel govern reaccionari de Javier Milei.<\/p>\n<p>El passat 28 d\u2019agost, organitzacions socials, sindicals i pol\u00edtiques es van mobilitzar leg\u00edtimament per denunciar la fam, la mis\u00e8ria i la destrucci\u00f3 de drets socials que el govern de Milei ha portat a les capes m\u00e9s vulnerables del poble argent\u00ed. Lluny de donar resposta a les necessitats populars, l\u2019Estat va respondre amb repressi\u00f3 brutal, detencions arbitr\u00e0ries, ferits greus i una operaci\u00f3 medi\u00e0tica-judicial per intentar silenciar la protesta i criminalitzar els qui la lideren.<\/p>\n<p>En aquest context, s\u2019ha obert una causa contra Federico Giuliani, secretari general d\u2019ATE (Associaci\u00f3 de Treballadors de l\u2019Estat), acusant-lo falsament i intentant fer-lo responsable d\u2019una suposada &#8220;instigaci\u00f3 a delictes&#8221;, quan en realitat nom\u00e9s exercia el seu dret a la protesta i defensava, com sempre ha fet, els drets dels treballadors i treballadores.<\/p>\n<p>Aquest atac no \u00e9s a\u00efllat: forma part d\u2019una estrat\u00e8gia m\u00e9s \u00e0mplia del govern de Milei per desmantellar l\u2019estat social, reprimir l\u2019organitzaci\u00f3 popular i consolidar un projecte ultraliberal, autoritari i dependent dels interessos del capital internacional.<\/p>\n<p>Lluitem juntes contra el neoliberalisme i la repressi\u00f3!<br \/>\nFederico Giuliani, estem amb tu!&#8221;<\/p>\n","protected":false},"excerpt":{"rendered":"<p>En otra expresi\u00f3n de solidaridad internacionalista de organizaciones pol\u00edticas y sociales contra la persecuci\u00f3n judicial contra nuestro secretario General, Federico Giuliani, la Juventud Comunista de Catalu\u00f1a expres\u00f3 su firme apoyo a la lucha por la protesta social en C\u00f3rdoba y Argentina. A continuaci\u00f3n, el comunicado de la organizaci\u00f3n, sus versiones en castellano y en catal\u00e1n: [&hellip;]<\/p>\n","protected":false},"author":7,"featured_media":51992,"comment_status":"open","ping_status":"open","sticky":false,"template":"","format":"standard","meta":{"_exactmetrics_skip_tracking":false,"_exactmetrics_sitenote_active":false,"_exactmetrics_sitenote_note":"","_exactmetrics_sitenote_category":0,"jnews-multi-image_gallery":[],"jnews_single_post":[],"jnews_primary_category":[],"jnews_social_meta":[],"jnews_review":[],"enable_review":"","type":"","name":"","summary":"","brand":"","sku":"","good":[],"bad":[],"score_override":"","override_value":"","rating":[],"price":[],"jnews_override_counter":[],"jnews_post_split":[],"footnotes":""},"categories":[10,108],"tags":[],"class_list":["post-51991","post","type-post","status-publish","format-standard","has-post-thumbnail","hentry","category-accion-politica","category-internacional"],"jetpack_featured_media_url":"https:\/\/atecordoba.org\/wp-content\/uploads\/2025\/12\/fede-c_federacion-juventud-comunista-cataluna-e1765977924607.jpeg","_links":{"self":[{"href":"https:\/\/atecordoba.org\/index.php?rest_route=\/wp\/v2\/posts\/51991","targetHints":{"allow":["GET"]}}],"collection":[{"href":"https:\/\/atecordoba.org\/index.php?rest_route=\/wp\/v2\/posts"}],"about":[{"href":"https:\/\/atecordoba.org\/index.php?rest_route=\/wp\/v2\/types\/post"}],"author":[{"embeddable":true,"href":"https:\/\/atecordoba.org\/index.php?rest_route=\/wp\/v2\/users\/7"}],"replies":[{"embeddable":true,"href":"https:\/\/atecordoba.org\/index.php?rest_route=%2Fwp%2Fv2%2Fcomments&post=51991"}],"version-history":[{"count":1,"href":"https:\/\/atecordoba.org\/index.php?rest_route=\/wp\/v2\/posts\/51991\/revisions"}],"predecessor-version":[{"id":51993,"href":"https:\/\/atecordoba.org\/index.php?rest_route=\/wp\/v2\/posts\/51991\/revisions\/51993"}],"wp:featuredmedia":[{"embeddable":true,"href":"https:\/\/atecordoba.org\/index.php?rest_route=\/wp\/v2\/media\/51992"}],"wp:attachment":[{"href":"https:\/\/atecordoba.org\/index.php?rest_route=%2Fwp%2Fv2%2Fmedia&parent=51991"}],"wp:term":[{"taxonomy":"category","embeddable":true,"href":"https:\/\/atecordoba.org\/index.php?rest_route=%2Fwp%2Fv2%2Fcategories&post=51991"},{"taxonomy":"post_tag","embeddable":true,"href":"https:\/\/atecordoba.org\/index.php?rest_route=%2Fwp%2Fv2%2Ftags&post=51991"}],"curies":[{"name":"wp","href":"https:\/\/api.w.org\/{rel}","templated":true}]}}