{"id":51987,"date":"2025-12-17T10:16:37","date_gmt":"2025-12-17T13:16:37","guid":{"rendered":"https:\/\/atecordoba.org\/?p=51987"},"modified":"2025-12-17T10:16:37","modified_gmt":"2025-12-17T13:16:37","slug":"zaragoza-recibe-a-giuliani-y-extiende-la-red-de-solidaridad-internacional-charla-abierta-organizada-los-sindicatos-osta-y-ista","status":"publish","type":"post","link":"https:\/\/atecordoba.org\/?p=51987","title":{"rendered":"Zaragoza recibe a Giuliani y extiende la red de solidaridad internacional: charla abierta organizada los sindicatos OSTA y ISTA"},"content":{"rendered":"<p><img loading=\"lazy\" decoding=\"async\" class=\"aligncenter wp-image-51988 size-full\" src=\"https:\/\/atecordoba.org\/wp-content\/uploads\/2025\/12\/flyer-charla-fede-zaragoza.jpg\" alt=\"\" width=\"712\" height=\"890\" \/>El secretario General de ATE C\u00f3rdoba y la CTAA Provincia de C\u00f3rdoba, Federico Giuliani, ofrecer\u00e1 una charla en Zaragoza, bajo el t\u00edtulo \u201cEl adelanto de ultraderecha en la Argentina de Milei y el movimiento sindical\u201d.<\/p>\n<p>La actividad est\u00e1 organizada los sindicatos aragoneses OSTA y ISTA, situaci\u00f3n que extiende las redes internacionales de solidaridad de las organizaciones libres del pueblo frente al embate ultraderechista en Argentina y en C\u00f3rdoba contra la protesta social, y a trav\u00e9s de la judicializaci\u00f3n de dirigentes sociales.<\/p>\n<p>&#8220;El sindicalista argentino, que reside actualmente en Euskal Herria (Pa\u00eds Vasco) bajo un programa de protecci\u00f3n para defensores de derechos humanos, despu\u00e9s de haber estado detenido, golpeado y detenido en el marco de una protesta pac\u00edfica, denuncia un creciente acoso pol\u00edtico-judicial&#8221;, resume la convocatoria.<\/p>\n<p>&#8220;Es imprescindible tener una mirada cr\u00edtica y conocer como la ultraderecha avanza en el mundo, suponiendo un retroceso tanto en libertad como en la destrucci\u00f3n de nuestros servicios p\u00fablicos a favor de capital&#8221;, invitan los organizadores.<\/p>\n<p>Y concluyen: &#8220;este encuentro con un sindicalista combativo seguro que nos hace reflexionar sobre los desaf\u00edos a los que nos podemos encontrar si el Estado espa\u00f1ol, sigue avanzando y consigue gobernar e influir en las pol\u00edticas que se llevan a cabo\u201d, recalcan los sindicatos aragoneses que organizan el acto.<\/p>\n<p>&nbsp;<\/p>\n","protected":false},"excerpt":{"rendered":"<p>El secretario General de ATE C\u00f3rdoba y la CTAA Provincia de C\u00f3rdoba, Federico Giuliani, ofrecer\u00e1 una charla en Zaragoza, bajo el t\u00edtulo \u201cEl adelanto de ultraderecha en la Argentina de Milei y el movimiento sindical\u201d. La actividad est\u00e1 organizada los sindicatos aragoneses OSTA y ISTA, situaci\u00f3n que extiende las redes internacionales de solidaridad de las [&hellip;]<\/p>\n","protected":false},"author":7,"featured_media":51988,"comment_status":"open","ping_status":"open","sticky":false,"template":"","format":"standard","meta":{"_exactmetrics_skip_tracking":false,"_exactmetrics_sitenote_active":false,"_exactmetrics_sitenote_note":"","_exactmetrics_sitenote_category":0,"jnews-multi-image_gallery":[],"jnews_single_post":[],"jnews_primary_category":[],"jnews_social_meta":[],"jnews_review":[],"enable_review":"","type":"","name":"","summary":"","brand":"","sku":"","good":[],"bad":[],"score_override":"","override_value":"","rating":[],"price":[],"jnews_override_counter":[],"jnews_post_split":[],"footnotes":""},"categories":[10,108],"tags":[],"class_list":["post-51987","post","type-post","status-publish","format-standard","has-post-thumbnail","hentry","category-accion-politica","category-internacional"],"jetpack_featured_media_url":"https:\/\/atecordoba.org\/wp-content\/uploads\/2025\/12\/flyer-charla-fede-zaragoza-e1765977390973.jpg","_links":{"self":[{"href":"https:\/\/atecordoba.org\/index.php?rest_route=\/wp\/v2\/posts\/51987","targetHints":{"allow":["GET"]}}],"collection":[{"href":"https:\/\/atecordoba.org\/index.php?rest_route=\/wp\/v2\/posts"}],"about":[{"href":"https:\/\/atecordoba.org\/index.php?rest_route=\/wp\/v2\/types\/post"}],"author":[{"embeddable":true,"href":"https:\/\/atecordoba.org\/index.php?rest_route=\/wp\/v2\/users\/7"}],"replies":[{"embeddable":true,"href":"https:\/\/atecordoba.org\/index.php?rest_route=%2Fwp%2Fv2%2Fcomments&post=51987"}],"version-history":[{"count":1,"href":"https:\/\/atecordoba.org\/index.php?rest_route=\/wp\/v2\/posts\/51987\/revisions"}],"predecessor-version":[{"id":51989,"href":"https:\/\/atecordoba.org\/index.php?rest_route=\/wp\/v2\/posts\/51987\/revisions\/51989"}],"wp:featuredmedia":[{"embeddable":true,"href":"https:\/\/atecordoba.org\/index.php?rest_route=\/wp\/v2\/media\/51988"}],"wp:attachment":[{"href":"https:\/\/atecordoba.org\/index.php?rest_route=%2Fwp%2Fv2%2Fmedia&parent=51987"}],"wp:term":[{"taxonomy":"category","embeddable":true,"href":"https:\/\/atecordoba.org\/index.php?rest_route=%2Fwp%2Fv2%2Fcategories&post=51987"},{"taxonomy":"post_tag","embeddable":true,"href":"https:\/\/atecordoba.org\/index.php?rest_route=%2Fwp%2Fv2%2Ftags&post=51987"}],"curies":[{"name":"wp","href":"https:\/\/api.w.org\/{rel}","templated":true}]}}