{"id":51975,"date":"2025-12-16T13:27:33","date_gmt":"2025-12-16T16:27:33","guid":{"rendered":"https:\/\/atecordoba.org\/?p=51975"},"modified":"2025-12-16T13:28:26","modified_gmt":"2025-12-16T16:28:26","slug":"51975","status":"publish","type":"post","link":"https:\/\/atecordoba.org\/?p=51975","title":{"rendered":"Repudio al juicio contra la Protesta Social en Punilla"},"content":{"rendered":"<p><img loading=\"lazy\" decoding=\"async\" class=\"aligncenter wp-image-51976 \" src=\"https:\/\/atecordoba.org\/wp-content\/uploads\/2025\/12\/autovia-cosquin-1024x576.jpg\" alt=\"\" width=\"617\" height=\"347\" srcset=\"https:\/\/atecordoba.org\/wp-content\/uploads\/2025\/12\/autovia-cosquin-1024x576.jpg 1024w, https:\/\/atecordoba.org\/wp-content\/uploads\/2025\/12\/autovia-cosquin-300x169.jpg 300w, https:\/\/atecordoba.org\/wp-content\/uploads\/2025\/12\/autovia-cosquin-768x432.jpg 768w, https:\/\/atecordoba.org\/wp-content\/uploads\/2025\/12\/autovia-cosquin-750x422.jpg 750w, https:\/\/atecordoba.org\/wp-content\/uploads\/2025\/12\/autovia-cosquin-1140x641.jpg 1140w, https:\/\/atecordoba.org\/wp-content\/uploads\/2025\/12\/autovia-cosquin.jpg 1200w\" sizes=\"auto, (max-width: 617px) 100vw, 617px\" \/>ATE C\u00f3rdoba y la CTA Aut\u00f3noma Provincia de C\u00f3rdoba repudian el juicio en la C\u00e1mara en lo Criminal de Cruz del Eje que seis defensores ambientales de la provincia enfrentar\u00e1n a partir del 18 de diciembre, por haberse manifestado colectivamente en la ciudad de Cosqu\u00edn en agosto de 2022, en el marco de la resistencia contra la construcci\u00f3n de la Autov\u00eda de Punilla sin licencia social.<\/p>\n<p>Tres de las y los imputados son activos militantes de la CTAA Punilla: Marco Dangelo, Mat\u00edas P\u00e9rez y Gabriela Taborda.<\/p>\n<p>El secretario de DDHH del Consejo Directivo Provincial, C\u00e9sar Theaux, se solidariz\u00f3 con las v\u00edctimas de un proceso penal viciado, que expresa la judicializaci\u00f3n de dirigentes sociales con que el Poder Judicial, ariete del poder pol\u00edtico y econ\u00f3mico en C\u00f3rdoba, pretende amedrentar a las organizaciones que llevan adelante la lucha popular en los territorios.<\/p>\n<p>Como describiera oportunamente el compa\u00f1ero Juan Yacobs, secretario General de la CTAA Punilla, la protesta ambiental -una de las formas contempor\u00e1neas m\u00e1s extendidas de participaci\u00f3n ciudadana\u2014 es investigada \u201ccon un rigor que no siempre reciben los actos de poder que la originan\u201d.<\/p>\n<p>En tal sentido, el dirigente remarc\u00f3 que \u201cel expediente contra los defensores ambientales no es s\u00f3lo un proceso penal. Es un s\u00edntoma, un espejo de una democracia herida donde la frontera entre protesta y delito se vuelve un dilema central. Mientras la desconfianza institucional persista, el conflicto entre participaci\u00f3n ciudadana y respuesta punitiva seguir\u00e1 marcando uno de los debates m\u00e1s sensibles de la vida democr\u00e1tica argentina\u201d.<\/p>\n<p>No es casual que el caso se inscriba en el conflicto por la Autov\u00eda, un proyecto cuestionado por su impacto ambiental, la ausencia de participaci\u00f3n ciudadana y la opacidad en la toma de decisiones. Tampoco es casual que los se\u00f1alamientos ocurran en espacios cotidianos, en plena luz del d\u00eda, en el mismo territorio donde las comunidades sienten que sus reclamos no son escuchados.<\/p>\n<p>La avanzada judicial en la criminalizaci\u00f3n y judicializaci\u00f3n de la protesta por parte del Gobierno de Llaryora, en sinton\u00eda con el de Javier Milei, pretende disciplinar cualquier reclamo colectivo mediante condenas ejemplificadoras para mantener invicto el modelo del agronegocio que gobierna la provincia desde hace m\u00e1s de un cuarto de siglo.<\/p>\n","protected":false},"excerpt":{"rendered":"<p>ATE C\u00f3rdoba y la CTA Aut\u00f3noma Provincia de C\u00f3rdoba repudian el juicio en la C\u00e1mara en lo Criminal de Cruz del Eje que seis defensores ambientales de la provincia enfrentar\u00e1n a partir del 18 de diciembre, por haberse manifestado colectivamente en la ciudad de Cosqu\u00edn en agosto de 2022, en el marco de la resistencia [&hellip;]<\/p>\n","protected":false},"author":7,"featured_media":51976,"comment_status":"open","ping_status":"open","sticky":false,"template":"","format":"standard","meta":{"_exactmetrics_skip_tracking":false,"_exactmetrics_sitenote_active":false,"_exactmetrics_sitenote_note":"","_exactmetrics_sitenote_category":0,"jnews-multi-image_gallery":[],"jnews_single_post":{"format":"standard","override":[{"template":"1","parallax":"1","fullscreen":"1","layout":"no-sidebar-narrow","sidebar":"default-sidebar","second_sidebar":"default-sidebar","sticky_sidebar":"1","share_position":"bottom","share_float_style":"share-monocrhome","show_share_counter":"1","show_view_counter":"1","show_post_meta":"1","show_post_author_image":"1","show_post_date":"1","post_date_format":"default","post_date_format_custom":"Y\/m\/d","show_post_category":"1","show_post_reading_time":"0","post_reading_time_wpm":"300","post_calculate_word_method":"str_word_count","show_zoom_button":"0","zoom_button_out_step":"2","zoom_button_in_step":"3","show_post_tag":"1","number_popup_post":"1","show_post_related":"1","show_inline_post_related":"0"}],"image_override":[{"single_post_thumbnail_size":"crop-500","single_post_gallery_size":"crop-500"}],"trending_post_position":"meta","trending_post_label":"Trending","sponsored_post_label":"Sponsored by","disable_ad":"0"},"jnews_primary_category":[],"jnews_social_meta":[],"jnews_review":[],"enable_review":"","type":"percentage","name":"","summary":"","brand":"","sku":"","good":[],"bad":[],"score_override":"","override_value":"","rating":[],"price":[],"jnews_override_counter":{"view_counter_number":"0","share_counter_number":"0","like_counter_number":"0","dislike_counter_number":"0"},"jnews_post_split":{"post_split":[{"template":"1","tag":"h2","numbering":"asc","mode":"normal","first":"0","enable_toc":"0","toc_type":"normal"}]},"footnotes":""},"categories":[122],"tags":[],"class_list":["post-51975","post","type-post","status-publish","format-standard","has-post-thumbnail","hentry","category-ddhh"],"jetpack_featured_media_url":"https:\/\/atecordoba.org\/wp-content\/uploads\/2025\/12\/autovia-cosquin.jpg","_links":{"self":[{"href":"https:\/\/atecordoba.org\/index.php?rest_route=\/wp\/v2\/posts\/51975","targetHints":{"allow":["GET"]}}],"collection":[{"href":"https:\/\/atecordoba.org\/index.php?rest_route=\/wp\/v2\/posts"}],"about":[{"href":"https:\/\/atecordoba.org\/index.php?rest_route=\/wp\/v2\/types\/post"}],"author":[{"embeddable":true,"href":"https:\/\/atecordoba.org\/index.php?rest_route=\/wp\/v2\/users\/7"}],"replies":[{"embeddable":true,"href":"https:\/\/atecordoba.org\/index.php?rest_route=%2Fwp%2Fv2%2Fcomments&post=51975"}],"version-history":[{"count":2,"href":"https:\/\/atecordoba.org\/index.php?rest_route=\/wp\/v2\/posts\/51975\/revisions"}],"predecessor-version":[{"id":51978,"href":"https:\/\/atecordoba.org\/index.php?rest_route=\/wp\/v2\/posts\/51975\/revisions\/51978"}],"wp:featuredmedia":[{"embeddable":true,"href":"https:\/\/atecordoba.org\/index.php?rest_route=\/wp\/v2\/media\/51976"}],"wp:attachment":[{"href":"https:\/\/atecordoba.org\/index.php?rest_route=%2Fwp%2Fv2%2Fmedia&parent=51975"}],"wp:term":[{"taxonomy":"category","embeddable":true,"href":"https:\/\/atecordoba.org\/index.php?rest_route=%2Fwp%2Fv2%2Fcategories&post=51975"},{"taxonomy":"post_tag","embeddable":true,"href":"https:\/\/atecordoba.org\/index.php?rest_route=%2Fwp%2Fv2%2Ftags&post=51975"}],"curies":[{"name":"wp","href":"https:\/\/api.w.org\/{rel}","templated":true}]}}