{"id":51971,"date":"2025-12-16T11:40:22","date_gmt":"2025-12-16T14:40:22","guid":{"rendered":"https:\/\/atecordoba.org\/?p=51971"},"modified":"2025-12-16T11:40:22","modified_gmt":"2025-12-16T14:40:22","slug":"la-central-sindical-espanola-ccoo-se-solidariza-con-federico-giuliani-dirigente-sindical-perseguido-en-la-argentina-de-milei","status":"publish","type":"post","link":"https:\/\/atecordoba.org\/?p=51971","title":{"rendered":"La Central Sindical espa\u00f1ola CCOO se solidariza con Federico Giuliani, dirigente sindical perseguido en la Argentina de Milei"},"content":{"rendered":"<p><img loading=\"lazy\" decoding=\"async\" class=\"alignleft wp-image-51972 \" src=\"https:\/\/atecordoba.org\/wp-content\/uploads\/2025\/12\/893bebc702499350dfb5354240733d1c000001-1024x654.jpg\" alt=\"\" width=\"409\" height=\"261\" \/>La Central sindical Comisiones Obreras (CCOO) se solidariz\u00f3 desde Espa\u00f1a con nuestro secretario General, Federico Giuliani, a trav\u00e9s del <a href=\"https:\/\/www.ccoo.es\/noticia:744806--Federico_Giuliani_dirigente_sindical_perseguido_en_la_Argentina_de_Milei&amp;opc_id=8d16a8710b3deb76f990d7433ce55780\">siguiente comunicado<\/a>:<\/p>\n<p>Comisiones Obreras expresamos nuestra m\u00e1s firme solidaridad con Federico Giuliani, dirigente sindical argentino, secretario general de ATE C\u00f3rdoba y de la CTAA C\u00f3rdoba y, desde 2025, secretario de Acci\u00f3n Sindical y Campa\u00f1as de la Confederaci\u00f3n Latinoamericana y del Caribe de Trabajadores Estatales (CLATE).<\/p>\n<p>Federico es uno de los principales referentes del sindicalismo del sector p\u00fablico de Am\u00e9rica Latina. Desde su centro de trabajo en el SENASA (R\u00edo Cuarto, C\u00f3rdoba) ha denunciado durante a\u00f1os la precarizaci\u00f3n laboral en el sector p\u00fablico y la criminalizaci\u00f3n de la protesta social. Hoy enfrenta siete causas judiciales abiertas por defender el derecho a la alimentaci\u00f3n, el empleo digno y los comedores populares.<\/p>\n<p>En agosto de 2025 fue brutalmente reprimido y detenido durante una manifestaci\u00f3n en la municipalidad de C\u00f3rdoba: Sufri\u00f3 una fractura en el brazo, fue esposado, incomunicado y denunci\u00f3 torturas f\u00edsicas y psicol\u00f3gicas.<\/p>\n<p>Este es un caso claro de persecuci\u00f3n pol\u00edtica contra la militancia sindical en la Argentina gobernada por Javier Milei.<\/p>\n<p>Desde CCOO condenamos en\u00e9rgicamente:<\/p>\n<ul>\n<li>La criminalizaci\u00f3n de la protesta social en Argentina.<\/li>\n<li>La represi\u00f3n y judicializaci\u00f3n de dirigentes sindicales.<\/li>\n<li>Los intentos de desmantelar el Estado y los derechos laborales.<\/li>\n<\/ul>\n<p>\u00a1Basta de persecuci\u00f3n sindical! Exigimos:<\/p>\n<ul>\n<li>Inmediato archivo de todas las causas en su contra.<\/li>\n<li>Cese de la represi\u00f3n a quienes luchan por su sustento y su trabajo.<\/li>\n<li>Pleno respeto a la libertad sindical y al derecho de protesta.<\/li>\n<\/ul>\n<p>La lucha de los trabajadores y trabajadoras de Argentina es nuestra lucha. La solidaridad internacional es m\u00e1s necesaria que nunca.<\/p>\n","protected":false},"excerpt":{"rendered":"<p>La Central sindical Comisiones Obreras (CCOO) se solidariz\u00f3 desde Espa\u00f1a con nuestro secretario General, Federico Giuliani, a trav\u00e9s del siguiente comunicado: Comisiones Obreras expresamos nuestra m\u00e1s firme solidaridad con Federico Giuliani, dirigente sindical argentino, secretario general de ATE C\u00f3rdoba y de la CTAA C\u00f3rdoba y, desde 2025, secretario de Acci\u00f3n Sindical y Campa\u00f1as de la [&hellip;]<\/p>\n","protected":false},"author":7,"featured_media":51972,"comment_status":"open","ping_status":"open","sticky":false,"template":"","format":"standard","meta":{"_exactmetrics_skip_tracking":false,"_exactmetrics_sitenote_active":false,"_exactmetrics_sitenote_note":"","_exactmetrics_sitenote_category":0,"jnews-multi-image_gallery":[],"jnews_single_post":[],"jnews_primary_category":[],"jnews_social_meta":[],"jnews_review":[],"enable_review":"","type":"","name":"","summary":"","brand":"","sku":"","good":[],"bad":[],"score_override":"","override_value":"","rating":[],"price":[],"jnews_override_counter":[],"jnews_post_split":[],"footnotes":""},"categories":[10],"tags":[],"class_list":["post-51971","post","type-post","status-publish","format-standard","has-post-thumbnail","hentry","category-accion-politica"],"jetpack_featured_media_url":"https:\/\/atecordoba.org\/wp-content\/uploads\/2025\/12\/893bebc702499350dfb5354240733d1c000001-e1765896016566.jpg","_links":{"self":[{"href":"https:\/\/atecordoba.org\/index.php?rest_route=\/wp\/v2\/posts\/51971","targetHints":{"allow":["GET"]}}],"collection":[{"href":"https:\/\/atecordoba.org\/index.php?rest_route=\/wp\/v2\/posts"}],"about":[{"href":"https:\/\/atecordoba.org\/index.php?rest_route=\/wp\/v2\/types\/post"}],"author":[{"embeddable":true,"href":"https:\/\/atecordoba.org\/index.php?rest_route=\/wp\/v2\/users\/7"}],"replies":[{"embeddable":true,"href":"https:\/\/atecordoba.org\/index.php?rest_route=%2Fwp%2Fv2%2Fcomments&post=51971"}],"version-history":[{"count":1,"href":"https:\/\/atecordoba.org\/index.php?rest_route=\/wp\/v2\/posts\/51971\/revisions"}],"predecessor-version":[{"id":51973,"href":"https:\/\/atecordoba.org\/index.php?rest_route=\/wp\/v2\/posts\/51971\/revisions\/51973"}],"wp:featuredmedia":[{"embeddable":true,"href":"https:\/\/atecordoba.org\/index.php?rest_route=\/wp\/v2\/media\/51972"}],"wp:attachment":[{"href":"https:\/\/atecordoba.org\/index.php?rest_route=%2Fwp%2Fv2%2Fmedia&parent=51971"}],"wp:term":[{"taxonomy":"category","embeddable":true,"href":"https:\/\/atecordoba.org\/index.php?rest_route=%2Fwp%2Fv2%2Fcategories&post=51971"},{"taxonomy":"post_tag","embeddable":true,"href":"https:\/\/atecordoba.org\/index.php?rest_route=%2Fwp%2Fv2%2Ftags&post=51971"}],"curies":[{"name":"wp","href":"https:\/\/api.w.org\/{rel}","templated":true}]}}